{"id":219666,"date":"2025-07-02T03:00:21","date_gmt":"2025-07-02T03:00:21","guid":{"rendered":"https:\/\/www.europesays.com\/fr\/219666\/"},"modified":"2025-07-02T03:00:21","modified_gmt":"2025-07-02T03:00:21","slug":"aleix-espargaro-taquine-les-fans-avec-une-declaration-audacieuse-sur-un-eventuel-retour-a-la-competition-pour-honda","status":"publish","type":"post","link":"https:\/\/www.europesays.com\/fr\/219666\/","title":{"rendered":"Aleix Espargar\u00f3 taquine les fans avec une d\u00e9claration audacieuse sur un \u00e9ventuel retour \u00e0 la comp\u00e9tition pour Honda."},"content":{"rendered":"<p><strong>L\u2019engagement d\u2019Espargar\u00f3 envers le d\u00e9veloppement au milieu des sp\u00e9culations sur la course<\/strong>  <\/p>\n<p>Dans le monde en constante \u00e9volution du sport automobile, la fronti\u00e8re entre participation et soutien peut souvent s\u2019estomper, comme l\u2019illustre Aleix Espargar\u00f3. Actuellement, il privil\u00e9gie son r\u00f4le dans les essais et le d\u00e9veloppement pour Honda, Espargar\u00f3 exprime sa volont\u00e9 de revenir sur la grille si le besoin s\u2019en fait sentir, montrant ainsi un double engagement envers la machine et l\u2019\u00e9quipe.  <\/p>\n<p>La perspective d\u2019Espargar\u00f3 sur la course est agr\u00e9ablement pragmatique. \u201cOui, il ne faut jamais dire jamais. Ce n\u2019est pas pr\u00e9vu, mais si quelqu\u2019un se blesse, je pourrais le refaire,\u00a0\u00bb a-t-il d\u00e9clar\u00e9 avec r\u00e9flexion. Ses prochains essais \u00e0 Barcelone rev\u00eatent une importance particuli\u00e8re pour le pilote, non seulement en tant que jalon personnel mais aussi comme une opportunit\u00e9 de contribuer \u00e0 l\u2019\u00e9volution de la moto. Il souligne que sa priorit\u00e9 r\u00e9side dans l\u2019am\u00e9lioration des performances, affirmant que \u201cl\u2019important n\u2019est pas de courir, c\u2019est d\u2019aider \u00e0 am\u00e9liorer la moto.\u201d Son accent sur l\u2019am\u00e9lioration plut\u00f4t que sur la comp\u00e9tition met en lumi\u00e8re une approche mature de son r\u00f4le, d\u00e9montrant une profonde compr\u00e9hension de l\u2019effort collaboratif derri\u00e8re le succ\u00e8s en course.  <\/p>\n<p>Alors que des discussions concernant une \u00e9ventuelle course \u00e0 Montmel\u00f3 \u00e9mergent, Espargar\u00f3 r\u00e9v\u00e8le candidement son d\u00e9sir de concourir sur son terrain natal, tout en restant ferme dans son engagement professionnel. \u201cOui, bien s\u00fbr. Je veux toujours \u00eatre chez moi. Mais maintenant je suis ici pour autre chose. Je suis ici pour faire \u00e9voluer la moto,\u201d a-t-il expliqu\u00e9. Cette d\u00e9claration r\u00e9sume son d\u00e9vouement, reconnaissant l\u2019importance de ses responsabilit\u00e9s actuelles par rapport \u00e0 ses ambitions personnelles.  <\/p>\n<p>Fait int\u00e9ressant, Espargar\u00f3 laisse \u00e9galement entendre qu\u2019il y a un aspect positif \u00e0 son absence de la grille. \u201cJ\u2019esp\u00e8re que vous ne me verrez plus dans l\u2019\u00e9quipe usine. Cela signifierait que personne ne s\u2019est bless\u00e9,\u201d a-t-il affirm\u00e9. Ce sentiment refl\u00e8te non seulement sa loyaut\u00e9 envers l\u2019\u00e9quipe mais aussi une camaraderie plus profonde entre les pilotes, o\u00f9 le bien-\u00eatre des concurrents prend le pas sur les distinctions personnelles.<\/p>\n<p>Dans un sport caract\u00e9ris\u00e9 par une concurrence f\u00e9roce et des enjeux \u00e9lev\u00e9s, l\u2019approche d\u2019Aleix Espargar\u00f3 repr\u00e9sente un changement de paradigme vers la collaboration et le soutien. Sa volont\u00e9 d\u2019assister Honda tout en s\u2019engageant dans des tests et un d\u00e9veloppement approfondis r\u00e9sonne bien au-del\u00e0 de la piste, le marquant comme une figure cl\u00e9 dans le parcours de l\u2019\u00e9quipe vers l\u2019avenir. Au fur et \u00e0 mesure que la saison se d\u00e9roule, l\u2019\u00e9quilibre qu\u2019il trouve entre ces r\u00f4les pourrait bien fa\u00e7onner \u00e0 la fois son avenir et l\u2019h\u00e9ritage de la course Honda.<\/p>\n<p>\n\tRelated<\/p>\n","protected":false},"excerpt":{"rendered":"L\u2019engagement d\u2019Espargar\u00f3 envers le d\u00e9veloppement au milieu des sp\u00e9culations sur la course Dans le monde en constante \u00e9volution&hellip;\n","protected":false},"author":2,"featured_media":219667,"comment_status":"","ping_status":"","sticky":false,"template":"","format":"standard","meta":{"footnotes":""},"categories":[1413],"tags":[10860,1011,27,1457,1456,1458,60],"class_list":{"0":"post-219666","1":"post","2":"type-post","3":"status-publish","4":"format-standard","5":"has-post-thumbnail","7":"category-moto","8":"tag-aleix-espargaro","9":"tag-fr","10":"tag-france","11":"tag-moto","12":"tag-motocycle","13":"tag-motogp","14":"tag-sports"},"share_on_mastodon":{"url":"https:\/\/pubeurope.com\/@fr\/114781409996792902","error":""},"_links":{"self":[{"href":"https:\/\/www.europesays.com\/fr\/wp-json\/wp\/v2\/posts\/219666","targetHints":{"allow":["GET"]}}],"collection":[{"href":"https:\/\/www.europesays.com\/fr\/wp-json\/wp\/v2\/posts"}],"about":[{"href":"https:\/\/www.europesays.com\/fr\/wp-json\/wp\/v2\/types\/post"}],"author":[{"embeddable":true,"href":"https:\/\/www.europesays.com\/fr\/wp-json\/wp\/v2\/users\/2"}],"replies":[{"embeddable":true,"href":"https:\/\/www.europesays.com\/fr\/wp-json\/wp\/v2\/comments?post=219666"}],"version-history":[{"count":0,"href":"https:\/\/www.europesays.com\/fr\/wp-json\/wp\/v2\/posts\/219666\/revisions"}],"wp:featuredmedia":[{"embeddable":true,"href":"https:\/\/www.europesays.com\/fr\/wp-json\/wp\/v2\/media\/219667"}],"wp:attachment":[{"href":"https:\/\/www.europesays.com\/fr\/wp-json\/wp\/v2\/media?parent=219666"}],"wp:term":[{"taxonomy":"category","embeddable":true,"href":"https:\/\/www.europesays.com\/fr\/wp-json\/wp\/v2\/categories?post=219666"},{"taxonomy":"post_tag","embeddable":true,"href":"https:\/\/www.europesays.com\/fr\/wp-json\/wp\/v2\/tags?post=219666"}],"curies":[{"name":"wp","href":"https:\/\/api.w.org\/{rel}","templated":true}]}}