{"id":219668,"date":"2025-07-02T03:01:24","date_gmt":"2025-07-02T03:01:24","guid":{"rendered":"https:\/\/www.europesays.com\/fr\/219668\/"},"modified":"2025-07-02T03:01:24","modified_gmt":"2025-07-02T03:01:24","slug":"combien-vaut-la-honda-cbr-1000-rr-2010-de-michael-schumacher","status":"publish","type":"post","link":"https:\/\/www.europesays.com\/fr\/219668\/","title":{"rendered":"Combien vaut la Honda CBR 1000 RR 2010 de Michael Schumacher ?"},"content":{"rendered":"<p>Aujourd&rsquo;hui nous apprenons qu&rsquo;une de ses motos sera prochainement mise aux ench\u00e8res anglaises <strong>Sotheby&rsquo;s<\/strong> qui auront lieu du 23 au 30 juillet prochain. Il s&rsquo;agit de sa <strong>Honda CBR1000R SC59 de 2010<\/strong>, une machine portant le #77 et mise au point par <strong>Holzhauer Racing Performance<\/strong>. Elle se distingue pour :<\/p>\n<ul>&#13;<\/p>\n<li>Sa livr\u00e9e sp\u00e9ciale<\/li>\n<p>&#13;<\/p>\n<li>Son calculateur de course g\u00e9rant le contr\u00f4le de traction et le contr\u00f4le du wheeling<\/li>\n<p>&#13;<\/p>\n<li>Sa bo\u00eete \u00e0 air, son radiateur d&rsquo;huile et son tirage rapide course<\/li>\n<p>&#13;<\/p>\n<li>Son syst\u00e8me d&rsquo;\u00e9chappement Akrapovic Titane.<\/li>\n<p>&#13;<\/p>\n<li>Bonus : elle sera livr\u00e9e \u00e0 son nouveau propri\u00e9taire avec le casque Schuberth de Schumi sign\u00e9 de sa main ainsi qu&rsquo;une paire de ses gants. Originale, la housse de protection est personnalis\u00e9e et porte le nom de Schumacher associ\u00e9 \u00e0 Honda.<\/li>\n<p>&#13;\n<\/ul>\n<p><strong>Le prix de cette vente ?<\/strong> Sur le site de la vente aux ench\u00e8res, Sotheby&rsquo;s indique une <strong>estimation comprise entre 25\u00a0000 et 35\u00a0000 \u20ac<\/strong>, SANS PRIX DE R\u00c9SERVE !!!. Finalement, ce prix n&rsquo;est pas si \u00e9lev\u00e9, dans cette m\u00eame vente par exemple, une simple combinaison de piste F1 du pilote se n\u00e9gocie entre 25 000 et 40 000 \u20ac. Collectionneurs, vous achetez ?\u00a0<\/p>\n<p>La suite apr\u00e8s cette publicit\u00e9<\/p>\n","protected":false},"excerpt":{"rendered":"Aujourd&rsquo;hui nous apprenons qu&rsquo;une de ses motos sera prochainement mise aux ench\u00e8res anglaises Sotheby&rsquo;s qui auront lieu du&hellip;\n","protected":false},"author":2,"featured_media":219669,"comment_status":"","ping_status":"","sticky":false,"template":"","format":"standard","meta":{"footnotes":""},"categories":[1412],"tags":[35878,1451,1452,1453,1454,1455,1011,27,4922,35879,8942,35877,35876,13954,60],"class_list":{"0":"post-219668","1":"post","2":"type-post","3":"status-publish","4":"format-standard","5":"has-post-thumbnail","7":"category-f1","8":"tag-enchere-moto","9":"tag-f1","10":"tag-formula-1","11":"tag-formula1","12":"tag-formule-1","13":"tag-formule1","14":"tag-fr","15":"tag-france","16":"tag-honda","17":"tag-honda-schumacher","18":"tag-michael-schumacher","19":"tag-moto-de-schumacher","20":"tag-schuberth","21":"tag-sothebys","22":"tag-sports"},"share_on_mastodon":{"url":"https:\/\/pubeurope.com\/@fr\/114781413994570613","error":""},"_links":{"self":[{"href":"https:\/\/www.europesays.com\/fr\/wp-json\/wp\/v2\/posts\/219668","targetHints":{"allow":["GET"]}}],"collection":[{"href":"https:\/\/www.europesays.com\/fr\/wp-json\/wp\/v2\/posts"}],"about":[{"href":"https:\/\/www.europesays.com\/fr\/wp-json\/wp\/v2\/types\/post"}],"author":[{"embeddable":true,"href":"https:\/\/www.europesays.com\/fr\/wp-json\/wp\/v2\/users\/2"}],"replies":[{"embeddable":true,"href":"https:\/\/www.europesays.com\/fr\/wp-json\/wp\/v2\/comments?post=219668"}],"version-history":[{"count":0,"href":"https:\/\/www.europesays.com\/fr\/wp-json\/wp\/v2\/posts\/219668\/revisions"}],"wp:featuredmedia":[{"embeddable":true,"href":"https:\/\/www.europesays.com\/fr\/wp-json\/wp\/v2\/media\/219669"}],"wp:attachment":[{"href":"https:\/\/www.europesays.com\/fr\/wp-json\/wp\/v2\/media?parent=219668"}],"wp:term":[{"taxonomy":"category","embeddable":true,"href":"https:\/\/www.europesays.com\/fr\/wp-json\/wp\/v2\/categories?post=219668"},{"taxonomy":"post_tag","embeddable":true,"href":"https:\/\/www.europesays.com\/fr\/wp-json\/wp\/v2\/tags?post=219668"}],"curies":[{"name":"wp","href":"https:\/\/api.w.org\/{rel}","templated":true}]}}