{"id":219674,"date":"2025-07-02T03:04:10","date_gmt":"2025-07-02T03:04:10","guid":{"rendered":"https:\/\/www.europesays.com\/fr\/219674\/"},"modified":"2025-07-02T03:04:10","modified_gmt":"2025-07-02T03:04:10","slug":"mimi-marchand-condamnee-a-18-mois-de-prison-avec-sursis","status":"publish","type":"post","link":"https:\/\/www.europesays.com\/fr\/219674\/","title":{"rendered":"Mimi Marchand condamn\u00e9e \u00e0 18 mois de prison avec sursis"},"content":{"rendered":"<p>En f\u00e9vrier\u00a02020,<a title=\"Lien vers un article qui parle de l&#039;affaire\" target=\"_self\" href=\"https:\/\/www.lanouvellerepublique.fr\/a-la-une\/la-reine-des-paparazzi-mimi-marchand-au-tribunal-lundi-soupconnee-de-chantage-sur-karine-le-marchand-1748077822\" rel=\"nofollow noopener\"> la patronne de l\u2019agence de photos Bestimage<\/a> avait alert\u00e9 l\u2019animatrice de \u00ab\u00a0L\u2019amour est dans le pr\u00e9\u00a0\u00bb qu\u2019un jeune photographe inconnu avait tent\u00e9 de lui vendre des photos de sa fille mineure sortant de garde \u00e0 vue. Elle l\u2019avait rassur\u00e9e, disant les avoir \u00ab\u00a0bloqu\u00e9es\u00a0\u00bb en versant 3.000\u00a0euros au photographe.\u00a0\u00c0 la barre, Mimi Marchand, pr\u00e9sente ce mardi en robe estivale et bottes de daim, a reconnu avoir menti\u00a0: en r\u00e9alit\u00e9, les images avaient \u00e9t\u00e9 faites par l\u2019un de ses paparazzis habituels, S\u00e9bastien Valiela. \u00ab\u00a0Merci Mimi\u00a0\u00bb, avait r\u00e9pondu soulag\u00e9e Karine Le\u00a0Marchand, avant de rembourser une premi\u00e8re partie de l\u2019argent avanc\u00e9, \u00e0 hauteur de 1.600\u00a0euros.<\/p>\n<p>\u00ab\u00a0Les infractions ont \u00e9t\u00e9 permises gr\u00e2ce \u00e0 votre r\u00e9seau, en jouant de votre carnet d\u2019adresses, pour vous attirer des faveurs par tous les moyens, au m\u00e9pris des victimes et avec une certaine mesquinerie\u00a0\u00bb, lui a dit la pr\u00e9sidente avant d\u2019annoncer la peine<a title=\"Lien vers un autre article traitant du proc\u00e8s\" target=\"_self\" href=\"https:\/\/www.lanouvellerepublique.fr\/a-la-une\/un-an-de-prison-avec-sursis-requis-contre-mimi-marchand-accusee-d-extorsion-sur-karine-le-marchand-1748441546\" rel=\"nofollow noopener\">, plus lourde que celle demand\u00e9e \u00e0 l\u2019issue du proc\u00e8s il y a un mois<\/a> par le parquet. Le tribunal l\u2019a reconnue coupable d\u2019extorsion, et l\u2019a \u00e9galement condamn\u00e9e \u00e0 25.000\u00a0euros d\u2019amende. La \u00ab\u00a0reine des paparazzis\u00a0\u00bb a quitt\u00e9 la salle d\u2019audience sans r\u00e9action juste apr\u00e8s, son avocate ayant indiqu\u00e9 aux m\u00e9dias qu\u2019elle allait imm\u00e9diatement faire appel. Quant \u00e0 Karine Le\u00a0Marchand, elle n\u2019\u00e9tait pas pr\u00e9sente mais son avocat, Jean Ennochi, a jug\u00e9 cette d\u00e9cision \u00ab satisfaisante \u00bb.<\/p>\n<p>Proximit\u00e9 avec les puissants et les \u00ab\u00a0paparazzades\u00a0\u00bb<\/p>\n<p>Cette affaire r\u00e9sulte d\u2019un \u00ab\u00a0stratag\u00e8me et d\u2019une construction intellectuelle mont\u00e9e de toutes pi\u00e8ces par Mimi Marchand pour faire croire qu\u2019il y avait un risque de publication\u00a0\u00bb des images de sa fille, pourtant invendables car elle \u00e9tait mineure. Karine Le\u00a0Marchand s\u2019est ainsi sentie \u00ab\u00a0redevable et d\u00e9pendante\u00a0\u00bb, alors que Mimi Marchand lui faisait des demandes de \u00ab\u00a0paparazzades\u00a0\u00bb organis\u00e9es, que l\u2019animatrice a toujours refus\u00e9es. Le tribunal a ainsi mis en avant\u00a0la pression entretenue\u00a0par Mimi Marchand sur Karine Le\u00a0Marchand pendant plusieurs mois, faisant augmenter la crainte de Karine Le\u00a0Marchand de voir les photos de sa fille publi\u00e9es.<\/p>\n<p>Enfin, les magistrats ont rappel\u00e9 la capacit\u00e9 d\u2019influence\u00a0de Mimi Marchand, notoirement connue pour \u00eatre une communicante de l\u2019ombre des puissants. Elle a notamment \u00e9t\u00e9 proche pendant longtemps du couple Macron ou encore de<a title=\"Lien vers un article sur l&#039;affaire des financements libyens\" target=\"_self\" href=\"https:\/\/www.lanouvellerepublique.fr\/a-la-une\/retractation-de-takieddine-carla-bruni-devant-un-juge-pour-une-eventuelle-mise-en-examen\" rel=\"nofollow noopener\"> Nicolas Sarkozy et Carla Bruni.<\/a> Le paparazzi S\u00e9bastien Valiela a \u00e9galement \u00e9cop\u00e9 d\u2019une peine de six mois avec sursis pour\u00a0recel de violation du secret professionnel. Il avait \u00e9t\u00e9 inform\u00e9 de la garde \u00e0 vue de la fille de Karine Le\u00a0Marchand par un policier.<\/p>\n","protected":false},"excerpt":{"rendered":"En f\u00e9vrier\u00a02020, la patronne de l\u2019agence de photos Bestimage avait alert\u00e9 l\u2019animatrice de \u00ab\u00a0L\u2019amour est dans le pr\u00e9\u00a0\u00bb&hellip;\n","protected":false},"author":2,"featured_media":219675,"comment_status":"","ping_status":"","sticky":false,"template":"","format":"standard","meta":{"footnotes":""},"categories":[1359],"tags":[328,58,59,274,1011,27,329,500,973,252],"class_list":{"0":"post-219674","1":"post","2":"type-post","3":"status-publish","4":"format-standard","5":"has-post-thumbnail","7":"category-people","8":"tag-a-la-une","9":"tag-divertissement","10":"tag-entertainment","11":"tag-faits-divers-justice","12":"tag-fr","13":"tag-france","14":"tag-france-monde","15":"tag-medias","16":"tag-people","17":"tag-television"},"share_on_mastodon":{"url":"https:\/\/pubeurope.com\/@fr\/114781425779702676","error":""},"_links":{"self":[{"href":"https:\/\/www.europesays.com\/fr\/wp-json\/wp\/v2\/posts\/219674","targetHints":{"allow":["GET"]}}],"collection":[{"href":"https:\/\/www.europesays.com\/fr\/wp-json\/wp\/v2\/posts"}],"about":[{"href":"https:\/\/www.europesays.com\/fr\/wp-json\/wp\/v2\/types\/post"}],"author":[{"embeddable":true,"href":"https:\/\/www.europesays.com\/fr\/wp-json\/wp\/v2\/users\/2"}],"replies":[{"embeddable":true,"href":"https:\/\/www.europesays.com\/fr\/wp-json\/wp\/v2\/comments?post=219674"}],"version-history":[{"count":0,"href":"https:\/\/www.europesays.com\/fr\/wp-json\/wp\/v2\/posts\/219674\/revisions"}],"wp:featuredmedia":[{"embeddable":true,"href":"https:\/\/www.europesays.com\/fr\/wp-json\/wp\/v2\/media\/219675"}],"wp:attachment":[{"href":"https:\/\/www.europesays.com\/fr\/wp-json\/wp\/v2\/media?parent=219674"}],"wp:term":[{"taxonomy":"category","embeddable":true,"href":"https:\/\/www.europesays.com\/fr\/wp-json\/wp\/v2\/categories?post=219674"},{"taxonomy":"post_tag","embeddable":true,"href":"https:\/\/www.europesays.com\/fr\/wp-json\/wp\/v2\/tags?post=219674"}],"curies":[{"name":"wp","href":"https:\/\/api.w.org\/{rel}","templated":true}]}}