{"id":219676,"date":"2025-07-02T03:05:10","date_gmt":"2025-07-02T03:05:10","guid":{"rendered":"https:\/\/www.europesays.com\/fr\/219676\/"},"modified":"2025-07-02T03:05:10","modified_gmt":"2025-07-02T03:05:10","slug":"quels-sont-les-temps-forts","status":"publish","type":"post","link":"https:\/\/www.europesays.com\/fr\/219676\/","title":{"rendered":"quels sont les temps forts ?"},"content":{"rendered":"<p>Attendues du 7 juillet au 5 octobre, les Rencontres d\u2019Arles mettent \u00e0 l\u2019honneur la photographie sous toutes ses formes. Cette ann\u00e9e pour sa 56e \u00e9dition, le rendez-vous incontournable du Sud de la France \u00e9voluera selon le th\u00e8me Images indociles. Il c\u00e9l\u00e9brera \u00e9galement l\u2019Australie et le Br\u00e9sil, deux pays mis \u00e0 l\u2019honneur. <\/p>\n<p>1 Une pluralit\u00e9 d\u2019expositions<\/p>\n<p>C\u2019est LA c\u00e9l\u00e9bration de la photographie attendue chaque ann\u00e9e. Les Rencontres d\u2019Arles animent pendant plusieurs semaines la ville avec diff\u00e9rentes <a href=\"https:\/\/leclaireur.fnac.com\/article\/50670-les-expos-a-ne-pas-rater-a-paris-durant-lete-2025\/\" target=\"_blank\" rel=\"noreferrer noopener\">expositions<\/a> et mises en avant des artistes d\u2019hier et aujourd\u2019hui. Des dizaines d\u2019exhibitions sont ainsi \u00e0 l\u2019honneur afin de montrer la diversit\u00e9 et la libert\u00e9 de la photographie. Cette ann\u00e9e, les Rencontres d\u2019Arles seront port\u00e9es par le th\u00e8me Images indociles ; une th\u00e9matique engageante qui c\u00e9l\u00e8bre la diversit\u00e9 dans son ensemble et qui est divis\u00e9e en six chapitres. Contre-voix, Chroniques nomades, Histoires de famille, Contes d\u2019archives, Relectures et G\u00e9om\u00e9tries variables feront parties du parcours d\u2019ensemble \u00e0 travers lequel il sera possible de d\u00e9couvrir plusieurs expositions. <\/p>\n<p>Parmi elles, Futurs ancestraux\u00a0qui sous la forme d\u2019images d\u2019archives interroge l\u2019h\u00e9ritage colonial et les luttes des communaut\u00e9s afro-br\u00e9siliennes, indig\u00e8nes et\u00a0<a href=\"https:\/\/leclaireur.fnac.com\/article\/603893-mois-des-fiertes-2025-les-oeuvres-et-artistes-a-redecouvrir\/\" target=\"_blank\" rel=\"noreferrer noopener\">LGBTQIA+<\/a>, mais aussi On Country\u00a0qui permet de comprendre les liens que les populations aborig\u00e8nes australiennes entretiennent avec l\u2019environnement. Ces deux expositions permettront de mettre en avant le travail photographique br\u00e9silien et australien, deux pays \u00e0 l\u2019honneur cette ann\u00e9e. <\/p>\n<blockquote class=\"instagram-media\" data-instgrm-captioned=\"\" data-instgrm-permalink=\"https:\/\/www.instagram.com\/reel\/DHaosyculm3\/?utm_source=ig_embed&amp;utm_campaign=loading\" data-instgrm-version=\"14\" style=\" background:#FFF; border:0; border-radius:3px; box-shadow:0 0 1px 0 rgba(0,0,0,0.5),0 1px 10px 0 rgba(0,0,0,0.15); margin: 1px; max-width:540px; min-width:326px; padding:0; width:99.375%; width:-webkit-calc(100% - 2px); width:calc(100% - 2px);\"\/>\n<p>Le rapport d\u2019<a href=\"https:\/\/www.fnac.com\/Yves-Saint-Laurent\/ia95736\/bio\" target=\"_blank\" rel=\"noreferrer noopener\">Yves Saint-Laurent<\/a> \u00e0 la photographie, l\u2019architecture selon <a href=\"https:\/\/www.fnac.com\/Le-Corbusier\/ia20847\" target=\"_blank\" rel=\"noreferrer noopener\">Le Corbusier<\/a>, la <a href=\"https:\/\/leclaireur.fnac.com\/article\/553286-chambre-207-cest-quoi-ce-livre-photographique-sur-le-deuil\/\" target=\"_blank\" rel=\"noreferrer noopener\">Chambre 207 de Jean-Michel Andr\u00e9<\/a> ou encore une s\u00e9rie de Nan Goldin sur les liens familiaux et amicaux, composent notamment l\u2019ensemble des expositions pr\u00e9sent\u00e9es \u00e0 Arles cette ann\u00e9e. <\/p>\n<p>2 L\u2019Archev\u00each\u00e9 by Fisheye<\/p>\n<p>Pour sa deuxi\u00e8me ann\u00e9e cons\u00e9cutive, Fisheye investit la cour de l\u2019Archev\u00each\u00e9, lieu embl\u00e9matique des\u00a0Rencontres, en plein centre d\u2019Arles. Une exposition collective \u00e0 ciel ouvert mettant en lumi\u00e8re la photographie surr\u00e9aliste contemporaine et f\u00e9minine, des talks interrogeant la sc\u00e8ne photographique contemporaine et ses \u00e9volutions, des ateliers, des lectures de portfolio, des rencontres avec des professionnels de l\u2019image, des buffets, des concerts live et des DJ sets, sont au programme de ce temps fort imagin\u00e9 par le magazine photo en partenariat avec la Kabine, une association cr\u00e9\u00e9e par trois artistes dipl\u00f4m\u00e9s de l\u2019ENSP.<\/p>\n<p>Apr\u00e8s une premi\u00e8re \u00e9dition r\u00e9ussie ayant attir\u00e9 plus de 15 000 visiteurs, l\u2019Archev\u00each\u00e9 by Fisheye revient dans ce lieu historique du 7 au 12 juillet 2025, avec le soutien de la Ville d\u2019Arles et de Canon.<\/p>\n<blockquote class=\"instagram-media\" data-instgrm-captioned=\"\" data-instgrm-permalink=\"https:\/\/www.instagram.com\/p\/DLVnqE-AHOv\/?utm_source=ig_embed&amp;utm_campaign=loading\" data-instgrm-version=\"14\" style=\" background:#FFF; border:0; border-radius:3px; box-shadow:0 0 1px 0 rgba(0,0,0,0.5),0 1px 10px 0 rgba(0,0,0,0.15); margin: 1px; max-width:540px; min-width:326px; padding:0; width:99.375%; width:-webkit-calc(100% - 2px); width:calc(100% - 2px);\"\/>\n<p>\u00c0 noter \u00e9galement qu\u2019une exposition photographique sera pr\u00e9sent\u00e9e au c\u0153ur de la Fisheye Gallery. Baptis\u00e9e Sous les paupi\u00e8res closes, il s\u2019agit d\u2019une exposition collective r\u00e9unissant quatre artistes \u00e9mergentes :\u00a0Elo\u00efse Labarbe-Lafon,\u00a0Anna Muller,\u00a0Rose Mihman\u00a0et Nyo\u00a0Jinyong Lian.<\/p>\n<p>3 Des tables rondes<\/p>\n<p>Si le c\u0153ur des Rencontres d\u2019Arles concerne les expositions \u00e0 d\u00e9couvrir, ce rassemblement porte cependant bien son nom en proposant \u00e9galement de nombreuses tables rondes, des d\u00e9dicaces, des \u00e9changes, des d\u00e9bats ainsi que des manifestations artistiques vari\u00e9es.<\/p>\n<p>Plusieurs tables rondes seront organis\u00e9es. Parmi elles, celle de Brandon Gercara baptis\u00e9e du Magma dans l\u2019oc\u00e9an \u00e0 la maison des peintres ou encore celle d\u2019Erica Lennard, Les femmes, les s\u0153urs au sein de l\u2019espace Van Gogh. Dans le m\u00eame lieu, les visiteurs pourront \u00e9galement venir \u00e9couter la table ronde en lien avec Le monde de Louis Stettner, photographe am\u00e9ricain. Enfin, la Fnac soutiendra, le 10 juillet 2025, la table ronde Constituer et valoriser une collection avec l\u2019intervention de la commissaire d\u2019exposition, Laura Serani.<\/p>\n<blockquote class=\"instagram-media\" data-instgrm-captioned=\"\" data-instgrm-permalink=\"https:\/\/www.instagram.com\/p\/DLSoSabCzuV\/?utm_source=ig_embed&amp;utm_campaign=loading\" data-instgrm-version=\"14\" style=\" background:#FFF; border:0; border-radius:3px; box-shadow:0 0 1px 0 rgba(0,0,0,0.5),0 1px 10px 0 rgba(0,0,0,0.15); margin: 1px; max-width:540px; min-width:326px; padding:0; width:99.375%; width:-webkit-calc(100% - 2px); width:calc(100% - 2px);\"\/>\n<p>En s\u2019emparant des grands sujets d\u2019actualit\u00e9, ou en suivant le parcours personnel des artistes, une multitude de sujets \u2014 allant des enjeux \u00e9cologiques \u00e0 la place de la femme \u2013, seront au centre de ces rencontres.<\/p>\n<p>4 L\u2019apprentissage de la photo <\/p>\n<p>Avec Les Rencontres d\u2019Arles, la photographie est aussi \u00e0 l\u2019honneur le reste de l\u2019ann\u00e9e gr\u00e2ce \u00e0 la tenue de diff\u00e9rents stages, permettant de s\u2019initier et de d\u00e9velopper la pratique de la photographie aux c\u00f4t\u00e9s de professionnels. Plusieurs stages sont ainsi pr\u00e9vus tout au long de l\u2019ann\u00e9e, avec des objectifs vari\u00e9s. Lors des Rencontres d\u2019Arles, un grand Photo Folio Review permet aux photographes de montrer leur travail et de faire d\u00e9couvrir leurs \u0153uvres, accentuant l\u2019importance pour ce festival d\u2019encourager la transmission et l\u2019apprentissage.<\/p>\n<p>En plus des stages, Les Rencontres d\u2019Arles proposent une \u00e9ducation aux images destin\u00e9e \u00e0 des publics de tous les \u00e2ges sur plusieurs ateliers, afin de s\u2019\u00e9duquer \u00e0 la lecture d\u2019une image donn\u00e9e gr\u00e2ce \u00e0 diff\u00e9rentes pistes d\u2019analyses et cl\u00e9s de compr\u00e9hension.<\/p>\n<p>        <script async src=\"\/\/www.instagram.com\/embed.js\"><\/script><\/p>\n","protected":false},"excerpt":{"rendered":"Attendues du 7 juillet au 5 octobre, les Rencontres d\u2019Arles mettent \u00e0 l\u2019honneur la photographie sous toutes ses&hellip;\n","protected":false},"author":2,"featured_media":219677,"comment_status":"","ping_status":"","sticky":false,"template":"","format":"standard","meta":{"footnotes":""},"categories":[1358],"tags":[1348,1384,1385,1386,58,59,3293,1011,27,1756,5486],"class_list":{"0":"post-219676","1":"post","2":"type-post","3":"status-publish","4":"format-standard","5":"has-post-thumbnail","7":"category-arts-et-design","8":"tag-arts","9":"tag-arts-and-design","10":"tag-arts-et-design","11":"tag-design","12":"tag-divertissement","13":"tag-entertainment","14":"tag-exposition","15":"tag-fr","16":"tag-france","17":"tag-photographie","18":"tag-rencontre"},"share_on_mastodon":{"url":"https:\/\/pubeurope.com\/@fr\/114781429734559118","error":""},"_links":{"self":[{"href":"https:\/\/www.europesays.com\/fr\/wp-json\/wp\/v2\/posts\/219676","targetHints":{"allow":["GET"]}}],"collection":[{"href":"https:\/\/www.europesays.com\/fr\/wp-json\/wp\/v2\/posts"}],"about":[{"href":"https:\/\/www.europesays.com\/fr\/wp-json\/wp\/v2\/types\/post"}],"author":[{"embeddable":true,"href":"https:\/\/www.europesays.com\/fr\/wp-json\/wp\/v2\/users\/2"}],"replies":[{"embeddable":true,"href":"https:\/\/www.europesays.com\/fr\/wp-json\/wp\/v2\/comments?post=219676"}],"version-history":[{"count":0,"href":"https:\/\/www.europesays.com\/fr\/wp-json\/wp\/v2\/posts\/219676\/revisions"}],"wp:featuredmedia":[{"embeddable":true,"href":"https:\/\/www.europesays.com\/fr\/wp-json\/wp\/v2\/media\/219677"}],"wp:attachment":[{"href":"https:\/\/www.europesays.com\/fr\/wp-json\/wp\/v2\/media?parent=219676"}],"wp:term":[{"taxonomy":"category","embeddable":true,"href":"https:\/\/www.europesays.com\/fr\/wp-json\/wp\/v2\/categories?post=219676"},{"taxonomy":"post_tag","embeddable":true,"href":"https:\/\/www.europesays.com\/fr\/wp-json\/wp\/v2\/tags?post=219676"}],"curies":[{"name":"wp","href":"https:\/\/api.w.org\/{rel}","templated":true}]}}