{"id":219688,"date":"2025-07-02T03:11:12","date_gmt":"2025-07-02T03:11:12","guid":{"rendered":"https:\/\/www.europesays.com\/fr\/219688\/"},"modified":"2025-07-02T03:11:12","modified_gmt":"2025-07-02T03:11:12","slug":"psg-ol-au-moins-177ke-a-venir-avec-leuro-feminin-de-football","status":"publish","type":"post","link":"https:\/\/www.europesays.com\/fr\/219688\/","title":{"rendered":"PSG, OL. Au moins 177k\u20ac \u00e0 venir avec l&rsquo;Euro f\u00e9minin de football"},"content":{"rendered":"<p><img fetchpriority=\"high\" decoding=\"async\" width=\"620\" height=\"413\" src=\"https:\/\/www.europesays.com\/fr\/wp-content\/uploads\/2025\/07\/Grace-Geyoro-620x413.jpg\" alt=\"PSG, OL. Au moins 177k\u20ac \u00e0 venir avec l'Euro f\u00e9minin de football\" class=\"wp-image-368946\"  \/>Grace Geyoro est l\u2019un des joueuses du PSG appel\u00e9es \u00e0 disputer l\u2019Euro 2025 en Suisse.<\/p>\n<p>L\u2019Euro de football f\u00e9minin rapporte aux clubs qui laissent \u00e0 disposition des nations qualifi\u00e9es, des joueuses de leurs effectifs. En France, deux formations sont plus particuli\u00e8rement concern\u00e9es : le <a href=\"https:\/\/sportune.20minutes.fr\/paris-saint-germain-psg\" rel=\"nofollow noopener\" target=\"_blank\">Paris Saint-Germain<\/a> et l\u2019<a href=\"https:\/\/sportune.20minutes.fr\/olympique-lyonnais-ol\" rel=\"nofollow noopener\" target=\"_blank\">Olympique Lyonnais<\/a>, d\u00e9sormais appel\u00e9 OL Lyonnes pour la section f\u00e9minine.<\/p>\n<p>L\u2019UEFA qui organise le tournoi pr\u00e9voit une r\u00e9tribution de 985 euros journaliers au b\u00e9n\u00e9fice des clubs, pour chaque joueuse concern\u00e9e. Cela comprend les dix jours de pr\u00e9paration pr\u00e9c\u00e9dents le tournoi, le nombre total de jours de participation \u00e0 la comp\u00e9tition, plus un jour de voyage suppl\u00e9mentaire vers la Suisse o\u00f9 se dispute cet Euro 2025.<\/p>\n<p>9 internationales au PSG comme \u00e0 OL Lyonnes<\/p>\n<p>En sachant qu\u2019a minima, chaque joueuse rapporte 19 700 \u20ac \u00e0 son employeur. Et jusqu\u2019\u00e0 un maximum de 36 445 euros, pour une joueuse d\u2019une \u00e9quipe du groupe A qui a atteint la finale. Le <a href=\"https:\/\/sportune.20minutes.fr\/paris-saint-germain-psg\" rel=\"nofollow noopener\" target=\"_blank\">PSG<\/a> et l\u2019<a href=\"https:\/\/sportune.20minutes.fr\/olympique-lyonnais-ol\" rel=\"nofollow noopener\" target=\"_blank\">OL<\/a> ont chacun neuf internationales, dont la majorit\u00e9 \u00e9volue sous le maillot de l\u2019\u00e9quipe de France. <\/p>\n<p>Cela suppose donc un minimum garanti de 177 300 euros, mais s\u00fbrement plus car dans la liste des s\u00e9lectionn\u00e9es, il est certain que quelques-unes au moins parviendront \u00e0 sortir de poules. Et qui sait, \u00e0 remporter ce championnat des nations qui d\u00e9bute ce mercredi 2 juillet, pour s\u2019achever le 27 du m\u00eame mois.<\/p>\n","protected":false},"excerpt":{"rendered":"Grace Geyoro est l\u2019un des joueuses du PSG appel\u00e9es \u00e0 disputer l\u2019Euro 2025 en Suisse. L\u2019Euro de football&hellip;\n","protected":false},"author":2,"featured_media":219689,"comment_status":"","ping_status":"","sticky":false,"template":"","format":"standard","meta":{"footnotes":""},"categories":[9],"tags":[1011,27,241,93,60,969],"class_list":{"0":"post-219688","1":"post","2":"type-post","3":"status-publish","4":"format-standard","5":"has-post-thumbnail","7":"category-sports","8":"tag-fr","9":"tag-france","10":"tag-ol","11":"tag-psg","12":"tag-sports","13":"tag-transfert"},"share_on_mastodon":{"url":"https:\/\/pubeurope.com\/@fr\/114781453502103062","error":""},"_links":{"self":[{"href":"https:\/\/www.europesays.com\/fr\/wp-json\/wp\/v2\/posts\/219688","targetHints":{"allow":["GET"]}}],"collection":[{"href":"https:\/\/www.europesays.com\/fr\/wp-json\/wp\/v2\/posts"}],"about":[{"href":"https:\/\/www.europesays.com\/fr\/wp-json\/wp\/v2\/types\/post"}],"author":[{"embeddable":true,"href":"https:\/\/www.europesays.com\/fr\/wp-json\/wp\/v2\/users\/2"}],"replies":[{"embeddable":true,"href":"https:\/\/www.europesays.com\/fr\/wp-json\/wp\/v2\/comments?post=219688"}],"version-history":[{"count":0,"href":"https:\/\/www.europesays.com\/fr\/wp-json\/wp\/v2\/posts\/219688\/revisions"}],"wp:featuredmedia":[{"embeddable":true,"href":"https:\/\/www.europesays.com\/fr\/wp-json\/wp\/v2\/media\/219689"}],"wp:attachment":[{"href":"https:\/\/www.europesays.com\/fr\/wp-json\/wp\/v2\/media?parent=219688"}],"wp:term":[{"taxonomy":"category","embeddable":true,"href":"https:\/\/www.europesays.com\/fr\/wp-json\/wp\/v2\/categories?post=219688"},{"taxonomy":"post_tag","embeddable":true,"href":"https:\/\/www.europesays.com\/fr\/wp-json\/wp\/v2\/tags?post=219688"}],"curies":[{"name":"wp","href":"https:\/\/api.w.org\/{rel}","templated":true}]}}