{"id":219690,"date":"2025-07-02T03:12:09","date_gmt":"2025-07-02T03:12:09","guid":{"rendered":"https:\/\/www.europesays.com\/fr\/219690\/"},"modified":"2025-07-02T03:12:09","modified_gmt":"2025-07-02T03:12:09","slug":"proces-p-diddy-le-verdict-tombe","status":"publish","type":"post","link":"https:\/\/www.europesays.com\/fr\/219690\/","title":{"rendered":"Proc\u00e8s P. Diddy : le verdict tombe"},"content":{"rendered":"<p>L\u2019attente touche \u00e0 sa fin. Dans le <strong>proc\u00e8s spectaculaire<\/strong> de Sean \u00ab\u00a0P. Diddy\u00a0\u00bb Combs, le tribunal de New York vient de conna\u00eetre un tournant majeur. Le <strong>jury a enfin rendu son verdict sur quatre des cinq chefs d\u2019accusation<\/strong> port\u00e9s contre le rappeur, laissant toutefois en suspens la question ci\u2011dessus : le chef d\u2019<strong>association de malfaiteurs<\/strong>, passible d\u2019une <strong>peine \u00e0 vie<\/strong>.<\/p>\n<p>Trafic sexuel et transport pour prostitution : les verdicts sont tomb\u00e9s<\/p>\n<p>Depuis plusieurs semaines, les \u00c9tats-Unis \u2013 mais aussi le reste du monde \u2013 suivent de pr\u00e8s ce proc\u00e8s d\u2019une ampleur rare. Incarc\u00e9r\u00e9 depuis septembre 2024, <strong>pour plusieurs crimes<\/strong>, Diddy sera bient\u00f4t fix\u00e9 sur son sort. En mai dernier, s<a href=\"https:\/\/www.public.fr\/il-voulait-que-je-couche-avec-dautres-hommes-pendant-quil-regardait-le-temoignage-glacant-de-cassie-contre-p-diddy\" target=\"_blank\" rel=\"noopener\">on ex-compagne Cassie a livr\u00e9 un t\u00e9moignage aussi bouleversant que tragique<\/a>, d\u00e9taillant les s\u00e9vices sexuels impos\u00e9s par le rappeur durant pr\u00e8s d&rsquo;une d\u00e9cennie. <\/p>\n<p>Ce mardi, apr\u00e8s des heures de d\u00e9lib\u00e9rations, le jury a finalement rendu son verdict concernant quatre chefs d\u2019accusation : deux li\u00e9s au trafic sexuel, deux autres concernant le transport de personnes impliqu\u00e9es dans la prostitution.<\/p>\n<p>Des accusations lourdes, passibles de peines maximales allant de 10 \u00e0 15 ans de prison chacune, qui plongent un peu plus l\u2019artiste dans une chute m\u00e9diatique brutale. Mais pour l\u2019instant, ces d\u00e9cisions restent en suspens, car un point central du dossier emp\u00eache le juge de valider l\u2019ensemble.<\/p>\n<p>Un chef d\u2019accusation bloqu\u00e9 : l\u2019association de malfaiteurs<\/p>\n<p>C\u2019est le point le plus explosif du dossier. Le chef d\u2019accusation pour association de malfaiteurs, qui implique une organisation structur\u00e9e et intentionnelle autour d\u2019activit\u00e9s ill\u00e9gales,<strong> n\u2019a pas encore fait l\u2019objet d\u2019un verdict.<\/strong> Le jury n\u2019a pas r\u00e9ussi \u00e0 trancher.<\/p>\n<p>Selon le juge Arun Subramanian, le d\u00e9saccord entre les jur\u00e9s est encore trop marqu\u00e9, les discussions ayant atteint une impasse sur ce point sp\u00e9cifique. Et pour cause : ce chef est le seul passible de la prison \u00e0 vie, ce qui le place au c\u0153ur des enjeux du proc\u00e8s. R\u00e9sultat : <strong>impossible pour le juge de valider les autres verdicts sans que cette question ne soit r\u00e9solue.<\/strong><\/p>\n<p>Une d\u00e9cision strat\u00e9gique : ne rien annoncer tant que tout n\u2019est pas tranch\u00e9<\/p>\n<p>Face \u00e0 cette situation, l\u2019accusation comme la d\u00e9fense ont demand\u00e9 au juge de surseoir \u00e0 toute annonce officielle. L\u2019objectif ? Permettre aux jur\u00e9s de reprendre leurs d\u00e9lib\u00e9rations ce mercredi 2 juillet 2025 au matin, en esp\u00e9rant qu\u2019un consensus soit trouv\u00e9.<\/p>\n<p>Contrairement \u00e0 d\u2019autres proc\u00e8s m\u00e9diatiques o\u00f9 les jur\u00e9s sont isol\u00e9s, ceux-ci rentrent chez eux chaque soir. Une sp\u00e9cificit\u00e9 qui entretient le <strong>suspense autour de cette affaire hors norme<\/strong>, dans laquelle chaque rebondissement suscite d\u00e9bats, analyses et sp\u00e9culations.<\/p>\n<p>      Mentionn\u00e9s dans cet article<\/p>\n<p>\u00c0 lire aussi<\/p>\n","protected":false},"excerpt":{"rendered":"L\u2019attente touche \u00e0 sa fin. Dans le proc\u00e8s spectaculaire de Sean \u00ab\u00a0P. Diddy\u00a0\u00bb Combs, le tribunal de New&hellip;\n","protected":false},"author":2,"featured_media":219691,"comment_status":"","ping_status":"","sticky":false,"template":"","format":"standard","meta":{"footnotes":""},"categories":[8],"tags":[58,59,1011,27,16997,2694],"class_list":{"0":"post-219690","1":"post","2":"type-post","3":"status-publish","4":"format-standard","5":"has-post-thumbnail","7":"category-divertissement","8":"tag-divertissement","9":"tag-entertainment","10":"tag-fr","11":"tag-france","12":"tag-p-diddy","13":"tag-proces"},"share_on_mastodon":{"url":"https:\/\/pubeurope.com\/@fr\/114781457278817480","error":""},"_links":{"self":[{"href":"https:\/\/www.europesays.com\/fr\/wp-json\/wp\/v2\/posts\/219690","targetHints":{"allow":["GET"]}}],"collection":[{"href":"https:\/\/www.europesays.com\/fr\/wp-json\/wp\/v2\/posts"}],"about":[{"href":"https:\/\/www.europesays.com\/fr\/wp-json\/wp\/v2\/types\/post"}],"author":[{"embeddable":true,"href":"https:\/\/www.europesays.com\/fr\/wp-json\/wp\/v2\/users\/2"}],"replies":[{"embeddable":true,"href":"https:\/\/www.europesays.com\/fr\/wp-json\/wp\/v2\/comments?post=219690"}],"version-history":[{"count":0,"href":"https:\/\/www.europesays.com\/fr\/wp-json\/wp\/v2\/posts\/219690\/revisions"}],"wp:featuredmedia":[{"embeddable":true,"href":"https:\/\/www.europesays.com\/fr\/wp-json\/wp\/v2\/media\/219691"}],"wp:attachment":[{"href":"https:\/\/www.europesays.com\/fr\/wp-json\/wp\/v2\/media?parent=219690"}],"wp:term":[{"taxonomy":"category","embeddable":true,"href":"https:\/\/www.europesays.com\/fr\/wp-json\/wp\/v2\/categories?post=219690"},{"taxonomy":"post_tag","embeddable":true,"href":"https:\/\/www.europesays.com\/fr\/wp-json\/wp\/v2\/tags?post=219690"}],"curies":[{"name":"wp","href":"https:\/\/api.w.org\/{rel}","templated":true}]}}