{"id":219692,"date":"2025-07-02T03:13:18","date_gmt":"2025-07-02T03:13:18","guid":{"rendered":"https:\/\/www.europesays.com\/fr\/219692\/"},"modified":"2025-07-02T03:13:18","modified_gmt":"2025-07-02T03:13:18","slug":"un-nouveau-predateur-terrifiant-decouvert-dans-lune-des-fosses-les-plus-profondes-et-obscures-de-locean","status":"publish","type":"post","link":"https:\/\/www.europesays.com\/fr\/219692\/","title":{"rendered":"Un nouveau pr\u00e9dateur terrifiant d\u00e9couvert dans l\u2019une des fosses les plus profondes et obscures de l\u2019oc\u00e9an"},"content":{"rendered":"<p data-start=\"244\" data-end=\"747\">Le 14 octobre 2024, la sonde<br \/>\nEuropa Clipper de la NASA <a href=\"https:\/\/sciencepost.fr\/mission-europa-clipper-en-route-pour-jupiter\/\" target=\"_blank\" rel=\"noopener nofollow\">s\u2019est \u00e9lanc\u00e9e vers Jupiter<\/a>, avec<br \/>\npour mission d\u2019explorer Europa, une de ses lunes myst\u00e9rieuses,<br \/>\nrecouverte d\u2019une cro\u00fbte de glace sous laquelle se cache un oc\u00e9an<br \/>\nsal\u00e9. L\u2019objectif : chercher les indices d\u2019une vie extraterrestre<br \/>\ndans cet environnement extr\u00eame. Mais pendant que notre regard se<br \/>\ntourne vers les confins du syst\u00e8me solaire, une autre d\u00e9couverte<br \/>\nfascinante a \u00e9t\u00e9 r\u00e9alis\u00e9e\u2026 bien plus pr\u00e8s de nous, dans les abysses<br \/>\nde notre propre plan\u00e8te.<\/p>\n<p data-start=\"749\" data-end=\"1285\">Dans les profondeurs abyssales<br \/>\nde la fosse d\u2019Atacama, au large de la c\u00f4te chilienne, une \u00e9quipe<br \/>\ninternationale de chercheurs a identifi\u00e9 une toute nouvelle esp\u00e8ce<br \/>\nde crustac\u00e9 qui pourrait bien red\u00e9finir notre compr\u00e9hension de la<br \/>\nvie dans les environnements extr\u00eames. Baptis\u00e9 Dulcibella camanchaca, ce petit pr\u00e9dateur<br \/>\nmesure \u00e0 peine quatre centim\u00e8tres, mais il vit \u00e0 pr\u00e8s de 8 000<br \/>\nm\u00e8tres sous la surface, l\u00e0 o\u00f9 r\u00e8gnent une obscurit\u00e9 totale et une<br \/>\npression \u00e9crasante, environ 800 fois sup\u00e9rieure \u00e0 celle \u00e0 laquelle<br \/>\nnous sommes habitu\u00e9s.<\/p>\n<p>Un monde d\u2019obscurit\u00e9 et de<br \/>\npressions extr\u00eames<\/p>\n<p data-start=\"1338\" data-end=\"1862\">La fosse d\u2019Atacama, aussi<br \/>\nappel\u00e9e fosse P\u00e9rou-Chili, s\u2019\u00e9tend sur environ 6 000 kilom\u00e8tres le<br \/>\nlong de la c\u00f4te pacifique sud-am\u00e9ricaine. Dans cette r\u00e9gion, les<br \/>\nfonds marins plongent dans la zone Hadal, la partie la plus<br \/>\nprofonde des oc\u00e9ans terrestres, encore largement inexplor\u00e9e. Ces<br \/>\nprofondeurs abyssales sont souvent compar\u00e9es \u00e0 un univers \u00e0 part,<br \/>\no\u00f9 la vie doit surmonter des conditions inimaginables : absence<br \/>\ntotale de lumi\u00e8re, temp\u00e9ratures proches de z\u00e9ro, et pressions qui<br \/>\nd\u00e9formeraient instantan\u00e9ment un corps humain.<\/p>\n<p data-start=\"1864\" data-end=\"2354\">C\u2019est dans ce milieu hostile<br \/>\nque les chercheurs de l\u2019Institut oc\u00e9anographique Woods Hole (WHOI)<br \/>\naux \u00c9tats-Unis, en collaboration avec l\u2019Universit\u00e9 de Concepci\u00f3n au<br \/>\nChili, ont pr\u00e9lev\u00e9 quatre sp\u00e9cimens de ce crustac\u00e9 inhabituel lors<br \/>\nd\u2019une exp\u00e9dition en 2023. Apr\u00e8s analyse g\u00e9nomique et morphologique,<br \/>\nils ont pu confirmer qu\u2019il s\u2019agissait d\u2019une toute nouvelle esp\u00e8ce \u2014<br \/>\net m\u00eame d\u2019un nouveau genre, soulignant ainsi la richesse encore<br \/>\ninsoup\u00e7onn\u00e9e des \u00e9cosyst\u00e8mes dans ces profondeurs extr\u00eames.<\/p>\n<p><img loading=\"lazy\" data-lazyloaded=\"1\" decoding=\"async\" class=\"size-full wp-image-311960\" src=\"https:\/\/www.europesays.com\/fr\/wp-content\/uploads\/2025\/07\/frfr-1-scaled.jpg\" alt=\"pr\u00e9dateur Atacama fosse\" width=\"2048\" height=\"1450\"  data-\/><br \/>\nFosse d\u2019Atacama le long de la c\u00f4te ouest de l\u2019Am\u00e9rique du Sud (\u00e0<br \/>\ngauche), o\u00f9 le cadre noir indique la r\u00e9gion d\u2019\u00e9chantillonnage (\u00e0<br \/>\ndroite). Le cercle rouge indique la localit\u00e9 type de Dulcibella<br \/>\ncamanchaca. Le carr\u00e9 blanc indique le point le plus profond de la<br \/>\nfosse d\u2019Atacama. Source : Systematics and BiodiversityUne apparence digne d\u2019un film<br \/>\nde science-fiction<\/p>\n<p data-start=\"2410\" data-end=\"2758\">Le nom camanchaca fait r\u00e9f\u00e9rence \u00e0 un terme des<br \/>\npeuples andins signifiant \u00ab obscurit\u00e9 \u00bb, un choix parfaitement<br \/>\nadapt\u00e9 \u00e0 cet habitant fantomatique des abysses. Sa carapace blanche<br \/>\ntranslucide lui donne une allure presque surnaturelle, rappelant<br \/>\nles cr\u00e9atures \u00e9tranges des films de science-fiction, comme le<br \/>\nc\u00e9l\u00e8bre \u00ab Facehugger \u00bb de la saga Alien.<\/p>\n<p data-start=\"2760\" data-end=\"3143\">Mais ce qui est encore plus<br \/>\nimpressionnant que son apparence, c\u2019est sa m\u00e9thode de chasse :<br \/>\nDulcibella camanchaca<br \/>\nest un pr\u00e9dateur actif qui utilise ses appendices rapaces pour<br \/>\ncapturer et d\u00e9vorer d\u2019autres crustac\u00e9s plus petits. Cette strat\u00e9gie<br \/>\nlui conf\u00e8re une position importante dans la cha\u00eene alimentaire de<br \/>\nces profondeurs, o\u00f9 les ressources sont rares et la comp\u00e9tition<br \/>\nf\u00e9roce.<\/p>\n<p><img loading=\"lazy\" data-lazyloaded=\"1\" decoding=\"async\" class=\"wp-image-311961 size-full\" src=\"https:\/\/www.europesays.com\/fr\/wp-content\/uploads\/2025\/07\/tsab_a_2416430_f0002_c-scaled.jpg\" alt=\"pr\u00e9dateur Atacama fosse\" width=\"2048\" height=\"1345\"  data-\/><br \/>\nPhoto post-conservation de Dulcibella camanchaca gen. nov. sp. nov.<br \/>\nHolotype femelle. Source : Systematics and<br \/>\nBiodiversityPourquoi cette d\u00e9couverte<br \/>\nest-elle si importante ?<\/p>\n<p data-start=\"3201\" data-end=\"3506\">Cette d\u00e9couverte a plusieurs<br \/>\nimplications majeures. D\u2019abord, elle souligne \u00e0 quel point nos<br \/>\noc\u00e9ans regorgent encore de myst\u00e8res. Alors m\u00eame que l\u2019humanit\u00e9<br \/>\nexplore de plus en plus les fonds marins, des esp\u00e8ces inconnues<br \/>\ncontinuent d\u2019\u00e9merger, r\u00e9v\u00e9lant des adaptations extr\u00eames \u00e0 des<br \/>\nenvironnements hostiles.<\/p>\n<p data-start=\"3508\" data-end=\"3784\">Ensuite, cette nouvelle esp\u00e8ce<br \/>\nconfirme que la vie peut non seulement survivre, mais prosp\u00e9rer<br \/>\ndans des conditions de haute pression, de froid intense et<br \/>\nd\u2019obscurit\u00e9 compl\u00e8te \u2014 un contexte similaire \u00e0 celui que l\u2019on<br \/>\ntrouve sur certaines lunes glac\u00e9es de notre syst\u00e8me solaire.<\/p>\n<p>Terre et espace : deux<br \/>\noc\u00e9ans, une qu\u00eate de vie<\/p>\n<p data-start=\"3839\" data-end=\"4199\">L\u2019\u00e9tude de Dulcibella camanchaca sur Terre est<br \/>\ndonc \u00e9troitement li\u00e9e \u00e0 la mission Europa Clipper, qui s\u2019appr\u00eate \u00e0<br \/>\nsonder l\u2019oc\u00e9an cach\u00e9 sous la glace d\u2019Europa. Si un petit crustac\u00e9<br \/>\npeut survivre \u00e0 pr\u00e8s de 8 000 m\u00e8tres sous la surface terrestre,<br \/>\npourquoi ne pas imaginer des formes de vie adapt\u00e9es \u00e0 l\u2019oc\u00e9an sal\u00e9<br \/>\nde cette lune, malgr\u00e9 des conditions extr\u00eames ?<\/p>\n<p data-start=\"4201\" data-end=\"4434\">Europa Clipper, \u00e9quip\u00e9e de<br \/>\ncapteurs avanc\u00e9s, va analyser la composition chimique et physique<br \/>\nde la surface glac\u00e9e et de l\u2019oc\u00e9an sous-jacent, cherchant des<br \/>\nsignatures qui pourraient indiquer la pr\u00e9sence d\u2019une biosph\u00e8re<br \/>\nextraterrestre.<\/p>\n<p>L\u2019importance de continuer \u00e0<br \/>\nexplorer les grands fonds<\/p>\n<p data-start=\"4495\" data-end=\"4812\">Les scientifiques impliqu\u00e9s<br \/>\ndans la d\u00e9couverte du Dulcibella insistent sur la n\u00e9cessit\u00e9 de poursuivre les<br \/>\nexplorations dans ces environnements frontaliers, notamment la<br \/>\nfosse d\u2019Atacama. Leurs travaux montrent que m\u00eame dans les zones les<br \/>\nplus inhospitali\u00e8res de la plan\u00e8te, la biodiversit\u00e9 peut \u00eatre riche<br \/>\net unique.<\/p>\n<p data-start=\"4814\" data-end=\"4988\">Ces recherches aident non<br \/>\nseulement \u00e0 mieux comprendre la vie sur Terre, mais aussi \u00e0<br \/>\npr\u00e9parer l\u2019exploration spatiale, en affinant nos crit\u00e8res pour<br \/>\nd\u00e9tecter la vie ailleurs.<\/p>\n<p data-start=\"5423\" data-end=\"5654\">L\u2019\u00e9tude est publi\u00e9e dans la<br \/>\nrevue <a class=\"body-link css-1kk1geb emevuu60\" href=\"https:\/\/www.tandfonline.com\/doi\/10.1080\/14772000.2024.2416430\" target=\"_blank\" rel=\"noopener nofollow\" data-vars-ga-outbound-link=\"https:\/\/www.tandfonline.com\/doi\/10.1080\/14772000.2024.2416430\" data-vars-ga-ux-element=\"Hyperlink\" data-vars-ga-call-to-action=\"Systematics and Biodiversity\" data-node-id=\"6.7.0\">Systematics and<br \/>\nBiodiversity.<\/a><\/p>\n","protected":false},"excerpt":{"rendered":"Le 14 octobre 2024, la sonde Europa Clipper de la NASA s\u2019est \u00e9lanc\u00e9e vers Jupiter, avec pour mission&hellip;\n","protected":false},"author":2,"featured_media":219693,"comment_status":"","ping_status":"","sticky":false,"template":"","format":"standard","meta":{"footnotes":""},"categories":[7],"tags":[1011,27,43,40,41,39,42,44],"class_list":{"0":"post-219692","1":"post","2":"type-post","3":"status-publish","4":"format-standard","5":"has-post-thumbnail","7":"category-sciences-et-technologies","8":"tag-fr","9":"tag-france","10":"tag-science","11":"tag-science-and-technology","12":"tag-sciences","13":"tag-sciences-et-technologies","14":"tag-technologies","15":"tag-technology"},"share_on_mastodon":{"url":"https:\/\/pubeurope.com\/@fr\/114781461306203284","error":""},"_links":{"self":[{"href":"https:\/\/www.europesays.com\/fr\/wp-json\/wp\/v2\/posts\/219692","targetHints":{"allow":["GET"]}}],"collection":[{"href":"https:\/\/www.europesays.com\/fr\/wp-json\/wp\/v2\/posts"}],"about":[{"href":"https:\/\/www.europesays.com\/fr\/wp-json\/wp\/v2\/types\/post"}],"author":[{"embeddable":true,"href":"https:\/\/www.europesays.com\/fr\/wp-json\/wp\/v2\/users\/2"}],"replies":[{"embeddable":true,"href":"https:\/\/www.europesays.com\/fr\/wp-json\/wp\/v2\/comments?post=219692"}],"version-history":[{"count":0,"href":"https:\/\/www.europesays.com\/fr\/wp-json\/wp\/v2\/posts\/219692\/revisions"}],"wp:featuredmedia":[{"embeddable":true,"href":"https:\/\/www.europesays.com\/fr\/wp-json\/wp\/v2\/media\/219693"}],"wp:attachment":[{"href":"https:\/\/www.europesays.com\/fr\/wp-json\/wp\/v2\/media?parent=219692"}],"wp:term":[{"taxonomy":"category","embeddable":true,"href":"https:\/\/www.europesays.com\/fr\/wp-json\/wp\/v2\/categories?post=219692"},{"taxonomy":"post_tag","embeddable":true,"href":"https:\/\/www.europesays.com\/fr\/wp-json\/wp\/v2\/tags?post=219692"}],"curies":[{"name":"wp","href":"https:\/\/api.w.org\/{rel}","templated":true}]}}