{"id":219694,"date":"2025-07-02T03:14:10","date_gmt":"2025-07-02T03:14:10","guid":{"rendered":"https:\/\/www.europesays.com\/fr\/219694\/"},"modified":"2025-07-02T03:14:10","modified_gmt":"2025-07-02T03:14:10","slug":"jeff-bezos-et-lauren-sanchez-apres-leur-mariage-du-siecle-leur-lune-de-miel-fait-un-peu-pitie","status":"publish","type":"post","link":"https:\/\/www.europesays.com\/fr\/219694\/","title":{"rendered":"Jeff Bezos et Lauren Sanchez : apr\u00e8s leur mariage du si\u00e8cle, leur lune de miel fait un peu piti\u00e9"},"content":{"rendered":"<p>Le mariage de <a href=\"https:\/\/www.closermag.fr\/people\/ils-sont-nuls-pas-invitee-au-mariage-de-jeff-bezos-et-lauren-sanchez-cette-celebre-actrice-les-humilie-3560037\" rel=\"nofollow noopener\" target=\"_blank\"><br \/>\nJeff Bezos et Lauren Sanchez<\/a> s\u2019est impos\u00e9 comme <a href=\"https:\/\/www.closermag.fr\/people\/mariage-de-jeff-bezos-et-lauren-sanchez-eva-longoria-au-coeur-de-la-tempete-son-absence-ne-passe-pas-3559911\" rel=\"nofollow noopener\" target=\"_blank\"><br \/>\nl\u2019un des \u00e9v\u00e9nements mondains<\/a> les plus spectaculaires de<br \/>\nl\u2019ann\u00e9e. Il a m\u00eame \u00e9t\u00e9 qualifi\u00e9 par de nombreux m\u00e9dias comme<br \/>\n<strong>le \u00ab\u00a0mariage du si\u00e8cle\u00a0\u00bb.<\/strong> Organis\u00e9 sur trois jours \u00e0<br \/>\nVenise, la c\u00e9r\u00e9monie a rassembl\u00e9 une pl\u00e9iade <a href=\"https:\/\/www.closermag.fr\/people\/mariage-de-jeff-bezos-et-lauren-sanchez-la-veritable-raison-de-labsence-de-salma-hayek-devoilee-3560016\" rel=\"nofollow noopener\" target=\"_blank\"><br \/>\nde c\u00e9l\u00e9brit\u00e9s internationales<\/a>. Parmi elles, on retrouvait Bill<br \/>\nGates, Leonardo DiCaprio, les s\u0153urs Jenner, Oprah Winfrey et Kim<br \/>\nKardashian.<\/p>\n<p>L\u2019\u00e9v\u00e9nement a d\u00e9but\u00e9 sur l\u2019\u00eele priv\u00e9e de San Giorgio, o\u00f9 Lauren<br \/>\nSanchez a \u00e9bloui dans une robe Dolce &amp; Gabbana. La tenue a<br \/>\nn\u00e9cessit\u00e9 un an et demi de confection et d\u00e9voil\u00e9e en exclusivit\u00e9<br \/>\npar Vogue. La f\u00eate a \u00e9t\u00e9 ponctu\u00e9e <strong>de soir\u00e9es<br \/>\nextravagantes<\/strong>, de performances musicales (des rumeurs<br \/>\n\u00e9voquent Lady Gaga ou Elton John), et de d\u00e9fil\u00e9s de tenues<br \/>\nluxueuses, des pyjamas chics d\u2019Oprah aux peignoirs de Leonardo<br \/>\nDiCaprio.<\/p>\n<p>Une lune de miel qui laisse perplexe<\/p>\n<p>Malgr\u00e9 quelques protestations locales contre la pr\u00e9sence de<br \/>\nBezos \u00e0 Venise, l\u2019ambiance est rest\u00e9e festive et ultra-glamour.<br \/>\nPour l&rsquo;occasion, des h\u00f4tels de prestige comme le Gritti Palace on<br \/>\n\u00e9t\u00e9 r\u00e9serv\u00e9s pour l\u2019occasion. Les invit\u00e9s ont utilis\u00e9 des yachts<br \/>\ng\u00e9ants comme \u00ab\u00a0water taxis\u00a0\u00bb pour traverser la lagune. Mais apr\u00e8s ce<br \/>\ntourbillon de faste et de paillettes, la lune de miel du couple a<br \/>\nsuscit\u00e9 la surprise, <strong>voire la d\u00e9ception&#8230;<\/strong><\/p>\n<p>Contrairement \u00e0 ce que l\u2019on pouvait attendre, Jeff Bezos et<br \/>\nLauren Sanchez ont opt\u00e9 pour une escapade beaucoup plus discr\u00e8te.<br \/>\nSelon certains observateurs, elle \u00e9tait <strong>presque<br \/>\n\u00ab\u00a0banale\u00a0\u00bb.<\/strong> Les deux tourtereaux n&rsquo;ont pas choisi une<br \/>\ndestination exotique ou extravagante. Il semblerait que le couple<br \/>\nait pr\u00e9f\u00e9r\u00e9 une forme de retour \u00e0 la simplicit\u00e9, loin des<br \/>\nprojecteurs.<\/p>\n<p>Jeff Bezos et Lauren Sanchez moqu\u00e9s sur<br \/>\nla toile<\/p>\n<p>Ce contraste saisissant entre l\u2019ultra-luxe du mariage et la<br \/>\nsobri\u00e9t\u00e9 de la lune de miel a aliment\u00e9 les commentaires sur les<br \/>\nr\u00e9seaux sociaux. Certains ont m\u00eame qualifi\u00e9 <strong>leur voyage de<br \/>\nnoces de \u00ab\u00a0path\u00e9tique\u00a0\u00bb<\/strong> au regard de leurs moyens et de leur<br \/>\ntrain de vie habituel.<\/p>\n<p>Cette lune de miel \u00ab\u00a0anti-climax\u00a0\u00bb tranche radicalement avec<br \/>\n<strong>l\u2019image de d\u00e9mesure affich\u00e9e<\/strong> lors de la c\u00e9r\u00e9monie.<br \/>\nCela interroge sur le choix du couple de s\u2019accorder un moment<br \/>\nd\u2019intimit\u00e9 loin des regards, ou sur une possible lassitude face \u00e0<br \/>\nl\u2019exposition m\u00e9diatique permanente.<\/p>\n","protected":false},"excerpt":{"rendered":"Le mariage de Jeff Bezos et Lauren Sanchez s\u2019est impos\u00e9 comme l\u2019un des \u00e9v\u00e9nements mondains les plus spectaculaires&hellip;\n","protected":false},"author":2,"featured_media":219695,"comment_status":"","ping_status":"","sticky":false,"template":"","format":"standard","meta":{"footnotes":""},"categories":[6],"tags":[548,35,33,34,1011,27,697],"class_list":{"0":"post-219694","1":"post","2":"type-post","3":"status-publish","4":"format-standard","5":"has-post-thumbnail","7":"category-economie","8":"tag-article-simple","9":"tag-business","10":"tag-economie","11":"tag-economy","12":"tag-fr","13":"tag-france","14":"tag-jeff-bezos"},"share_on_mastodon":{"url":"https:\/\/pubeurope.com\/@fr\/114781465102306029","error":""},"_links":{"self":[{"href":"https:\/\/www.europesays.com\/fr\/wp-json\/wp\/v2\/posts\/219694","targetHints":{"allow":["GET"]}}],"collection":[{"href":"https:\/\/www.europesays.com\/fr\/wp-json\/wp\/v2\/posts"}],"about":[{"href":"https:\/\/www.europesays.com\/fr\/wp-json\/wp\/v2\/types\/post"}],"author":[{"embeddable":true,"href":"https:\/\/www.europesays.com\/fr\/wp-json\/wp\/v2\/users\/2"}],"replies":[{"embeddable":true,"href":"https:\/\/www.europesays.com\/fr\/wp-json\/wp\/v2\/comments?post=219694"}],"version-history":[{"count":0,"href":"https:\/\/www.europesays.com\/fr\/wp-json\/wp\/v2\/posts\/219694\/revisions"}],"wp:featuredmedia":[{"embeddable":true,"href":"https:\/\/www.europesays.com\/fr\/wp-json\/wp\/v2\/media\/219695"}],"wp:attachment":[{"href":"https:\/\/www.europesays.com\/fr\/wp-json\/wp\/v2\/media?parent=219694"}],"wp:term":[{"taxonomy":"category","embeddable":true,"href":"https:\/\/www.europesays.com\/fr\/wp-json\/wp\/v2\/categories?post=219694"},{"taxonomy":"post_tag","embeddable":true,"href":"https:\/\/www.europesays.com\/fr\/wp-json\/wp\/v2\/tags?post=219694"}],"curies":[{"name":"wp","href":"https:\/\/api.w.org\/{rel}","templated":true}]}}