{"id":219700,"date":"2025-07-02T03:17:15","date_gmt":"2025-07-02T03:17:15","guid":{"rendered":"https:\/\/www.europesays.com\/fr\/219700\/"},"modified":"2025-07-02T03:17:15","modified_gmt":"2025-07-02T03:17:15","slug":"lhomme-au-brasero-mis-en-examen-pour-incendie-involontaire-et-place-en-detention","status":"publish","type":"post","link":"https:\/\/www.europesays.com\/fr\/219700\/","title":{"rendered":"L\u2019homme au bras\u00e9ro mis en examen pour incendie involontaire et plac\u00e9 en d\u00e9tention"},"content":{"rendered":"<p>Apr\u00e8s l\u2019<a href=\"https:\/\/www.20minutes.fr\/dossier\/incendie\" target=\"_blank\" class=\"color-ultramarine c-link\" rel=\"noopener\">incendie<\/a> dans l\u2019Aude qui a br\u00fbl\u00e9 400 hectares ces derniers jours, selon le procureur de la R\u00e9publique de Narbonne \u00c9ric Camous, le responsable pr\u00e9sum\u00e9 a \u00e9t\u00e9 mis en examen pour incendie involontaire et plac\u00e9 en d\u00e9tention \u00ab pour une dur\u00e9e de quatre mois, le temps des investigations \u00bb, a-t-il annonc\u00e9 ce mardi apr\u00e8s-midi. Le <a href=\"https:\/\/www.20minutes.fr\/dossier\/feu\" target=\"_blank\" class=\"color-ultramarine c-link\" rel=\"noopener\">feu<\/a>, qui s\u2019est d\u00e9clench\u00e9 dimanche vers 16 heures dans les Corbi\u00e8res, pr\u00e8s de la commune de Bizanet, <a href=\"https:\/\/www.20minutes.fr\/societe\/4160986-20250629-aude-suspect-interpelle-500-pompiers-autoroute-coupee-point-sept-departs-feux\" target=\"_blank\" class=\"color-ultramarine c-link\" rel=\"noopener\">est parti d\u2019un barbecue mal \u00e9teint <\/a>transport\u00e9 sur l\u2019autoroute Toulouse-Narbonne, sur une remorque, au retour d\u2019un mariage.<\/p>\n<\/p>\n<p>Les \u00ab projections de braise ont provoqu\u00e9 plusieurs d\u00e9parts de feu. Ceux-ci avaient \u00e9t\u00e9 certainement aliment\u00e9s par la vitesse du v\u00e9hicule et la chaleur \u00bb, a-t-il ajout\u00e9. L&rsquo;incendie, provoqu\u00e9 par plusieurs d\u00e9parts de feu sur 12 km, a engendr\u00e9 l&rsquo;\u00e9vacuation d&rsquo;un camping, d&rsquo;une abbaye et d&rsquo;habitations ainsi que la fermeture de l&rsquo;autoroute A61 pendant plusieurs heures.<\/p>\n<p>L\u2019homme de 33 ans \u00ab\u00a0a \u00e9t\u00e9 mis en examen par le juge d\u2019instruction dans le cadre de l\u2019information judiciaire qui a \u00e9t\u00e9 ouverte au tribunal judiciaire de <a href=\"https:\/\/www.20minutes.fr\/dossier\/narbonne\" target=\"_blank\" class=\"color-ultramarine c-link\" rel=\"noopener\">Narbonne<\/a>, principalement pour des faits d\u2019incendie involontaire ayant d\u00e9truit le massif forestier\u00a0\u00bb, a pr\u00e9cis\u00e9 le procureur. Il encourt une peine de prison de trois ans de <a href=\"https:\/\/www.20minutes.fr\/dossier\/prison\" target=\"_blank\" class=\"color-ultramarine c-link\" rel=\"noopener\">prison <\/a>et 45.000 euros d\u2019amende.<\/p>\n<p>\u00ab\u00a0De r\u00e9els regrets\u00a0\u00bb<\/p>\n<p>Interpell\u00e9 trois heures apr\u00e8s les faits et plac\u00e9 en garde \u00e0 vue pour \u00ab\u00a0destruction involontaire par incendie de bois et <a href=\"https:\/\/www.20minutes.fr\/dossier\/foret\" target=\"_blank\" class=\"color-ultramarine c-link\" rel=\"noopener\">for\u00eat\u00a0<\/a>\u00bb, le commer\u00e7ant \u00ab\u00a0a reconnu tous les faits qui lui \u00e9taient reproch\u00e9s\u00a0\u00bb, pr\u00e9cise le procureur, qui ajoute qu&rsquo;\u00ab\u00a0il exprime de r\u00e9els regrets\u00a0\u00bb. Une question subsiste encore, selon Eric Camous\u00a0: le suspect affirme avoir \u00ab\u00a0inond\u00e9 le tournebroche d\u2019eau avant le d\u00e9part\u00a0\u00bb, ce que \u00ab\u00a0n\u2019a pas constat\u00e9\u00a0\u00bb un de ses amis, entendu par les enqu\u00eateurs.<\/p>\n<p>L&rsquo;homme conduisait en outre sans permis, son v\u00e9hicule n&rsquo;est pas assur\u00e9 et il a \u00e9t\u00e9 d\u00e9j\u00e0 condamn\u00e9 pour conduite sous l&#8217;emprise de l&rsquo;alcool et de stup\u00e9fiants. Quand il a vu de la fum\u00e9e derri\u00e8re son v\u00e9hicule, il s&rsquo;est arr\u00eat\u00e9, a tent\u00e9 de l&rsquo;\u00e9teindre, puis a alert\u00e9 les pompiers. A leur arriv\u00e9e, pompiers, gendarmes et agents de l&rsquo;ONF ont constat\u00e9 que le tourne-broche du barbecue \u00e9tait en flammes, selon le procureur.<\/p>\n<p>Plus t\u00f4t dans la journ\u00e9e, Fran\u00e7ois-No\u00ebl Buffet, ministre aupr\u00e8s du ministre de l\u2019Int\u00e9rieur, <a href=\"https:\/\/www.20minutes.fr\/faits_divers\/4161322-20250701-incendies-negligence-acceptable-previent-ministre-aude-feux-toujours-actifs-corse\" target=\"_blank\" class=\"color-ultramarine c-link\" rel=\"noopener\">avait d\u00e9clar\u00e9 que \u00ab\u00a0la n\u00e9gligence [n\u2019\u00e9tait] pas acceptable\u00a0\u00bb<\/a>, condamnant les comportements qui provoquent des incendies comme celui de l\u2019Aude.<\/p>\n<p>La \u00ab\u00a0responsabilit\u00e9 individuelle\u00a0\u00bb de chacun<\/p>\n<p>\u00ab\u00a0Neuf feux sur dix sont d\u2019origine humaine\u00a0\u00bb, a-t-il soulign\u00e9, en insistant sur la \u00ab\u00a0responsabilit\u00e9 individuelle de pr\u00e9server notre territoire\u00a0\u00bb, surtout en cette saison \u00ab\u00a0de grands risques\u00a0\u00bb qui intervient \u00ab\u00a0plus t\u00f4t que d\u2019habitude\u00a0\u00bb et o\u00f9 \u00ab\u00a0la vigilance est absolue\u00a0\u00bb.<\/p>\n<p>L\u2019incendie est ma\u00eetris\u00e9 depuis lundi mais il reste des fumerolles, \u00ab\u00a0potentiels red\u00e9marrages de certains foyers\u00a0\u00bb qui sont surveill\u00e9s ce mardi, a pr\u00e9cis\u00e9 le ministre, en saluant \u00ab\u00a0la r\u00e9activit\u00e9\u00a0\u00bb et le \u00ab\u00a0professionnalisme\u00a0\u00bb des sapeurs <a href=\"https:\/\/www.20minutes.fr\/dossier\/pompiers\" target=\"_blank\" class=\"color-ultramarine c-link\" rel=\"noopener\">pompiers <\/a>venus de douze d\u00e9partements. Au plus fort de l&rsquo;incendie, 600 pompiers venus de 12 d\u00e9partements ont \u00e9t\u00e9 mobilis\u00e9s. Neuf d&rsquo;entre eux ont \u00e9t\u00e9 bless\u00e9s au cours de l&rsquo;intervention et hospitalis\u00e9s.<\/p>\n","protected":false},"excerpt":{"rendered":"Apr\u00e8s l\u2019incendie dans l\u2019Aude qui a br\u00fbl\u00e9 400 hectares ces derniers jours, selon le procureur de la R\u00e9publique&hellip;\n","protected":false},"author":2,"featured_media":219701,"comment_status":"","ping_status":"","sticky":false,"template":"","format":"standard","meta":{"footnotes":""},"categories":[2],"tags":[47,11,4086,1312,27571,5183,1011,27,1310,2681,35514,12,2680,1311,104],"class_list":{"0":"post-219700","1":"post","2":"type-post","3":"status-publish","4":"format-standard","5":"has-post-thumbnail","7":"category-actualites","8":"tag-actualite","9":"tag-actualites","10":"tag-aude","11":"tag-feu","12":"tag-feux-de-foret","13":"tag-foret","14":"tag-fr","15":"tag-france","16":"tag-incendie","17":"tag-languedoc-roussillon","18":"tag-narbonne","19":"tag-news","20":"tag-occitanie","21":"tag-pompiers","22":"tag-societe"},"share_on_mastodon":{"url":"https:\/\/pubeurope.com\/@fr\/114781476827872938","error":""},"_links":{"self":[{"href":"https:\/\/www.europesays.com\/fr\/wp-json\/wp\/v2\/posts\/219700","targetHints":{"allow":["GET"]}}],"collection":[{"href":"https:\/\/www.europesays.com\/fr\/wp-json\/wp\/v2\/posts"}],"about":[{"href":"https:\/\/www.europesays.com\/fr\/wp-json\/wp\/v2\/types\/post"}],"author":[{"embeddable":true,"href":"https:\/\/www.europesays.com\/fr\/wp-json\/wp\/v2\/users\/2"}],"replies":[{"embeddable":true,"href":"https:\/\/www.europesays.com\/fr\/wp-json\/wp\/v2\/comments?post=219700"}],"version-history":[{"count":0,"href":"https:\/\/www.europesays.com\/fr\/wp-json\/wp\/v2\/posts\/219700\/revisions"}],"wp:featuredmedia":[{"embeddable":true,"href":"https:\/\/www.europesays.com\/fr\/wp-json\/wp\/v2\/media\/219701"}],"wp:attachment":[{"href":"https:\/\/www.europesays.com\/fr\/wp-json\/wp\/v2\/media?parent=219700"}],"wp:term":[{"taxonomy":"category","embeddable":true,"href":"https:\/\/www.europesays.com\/fr\/wp-json\/wp\/v2\/categories?post=219700"},{"taxonomy":"post_tag","embeddable":true,"href":"https:\/\/www.europesays.com\/fr\/wp-json\/wp\/v2\/tags?post=219700"}],"curies":[{"name":"wp","href":"https:\/\/api.w.org\/{rel}","templated":true}]}}