{"id":219702,"date":"2025-07-02T03:18:38","date_gmt":"2025-07-02T03:18:38","guid":{"rendered":"https:\/\/www.europesays.com\/fr\/219702\/"},"modified":"2025-07-02T03:18:38","modified_gmt":"2025-07-02T03:18:38","slug":"sainte-populaire-veut-revolutionner-la-democratie-stephanoise","status":"publish","type":"post","link":"https:\/\/www.europesays.com\/fr\/219702\/","title":{"rendered":"SAINT\u00c9 POPULAIRE VEUT R\u00c9VOLUTIONNER LA D\u00c9MOCRATIE ST\u00c9PHANOISE"},"content":{"rendered":"<p>N\u00e9e au printemps 2024 de discussions entre associations militantes, syndicats et collectifs de gauche, elle revendique une approche \u00ab\u00a0municipaliste\u00a0\u00bb inspir\u00e9e de la Commune de 1871.<\/p>\n<p>Son slogan \u00ab\u00a0La Ville est \u00e0 nous, prenons la mairie\u00a0\u00bb distribu\u00e9 sur les march\u00e9s t\u00e9moigne d\u2019une ambition de d\u00e9mocratie directe qui d\u00e9passe largement l\u2019esprit consultatif actuel jug\u00e9 \u00ab\u00a0biais\u00e9\u00a0\u00bb.<\/p>\n<p>Saint\u00e9 Populaire s\u2019impose comme l\u2019acteur central pour f\u00e9d\u00e9rer une union de la gauche allant du NPA au PS, en passant par LFI, EELV et le PC. Cette troisi\u00e8me tentative depuis 2022 se distingue par sa volont\u00e9 d\u2019impliquer des citoyens non encart\u00e9s, des associations et des acteurs du quotidien st\u00e9phanois. Hedi Zennaf, porte-parole, insiste : \u00ab\u00a0Le but est bien de sortir des accords habituels de partis et d\u2019impliquer des personnes motiv\u00e9es par la gestion publique mais non encart\u00e9es.\u00a0\u00bb<\/p>\n<p>D\u00e9mocratie participative renouvel\u00e9e<\/p>\n<p>L\u2019association fonctionne selon ses propres principes d\u00e9mocratiques. Ses assembl\u00e9es populaires votent chaque d\u00e9cision : samedi dernier, 96% ont approuv\u00e9 la strat\u00e9gie politique, valid\u00e9 les partenariats avec LFI et EELV, mais rejet\u00e9 \u00e0 77% l\u2019int\u00e9gration de Place Publique.<\/p>\n<p>Cette gouvernance coll\u00e9giale repose sur cinq p\u00f4les (vie militante, communication, relations, coordination, garantie des valeurs) dont les animateurs sont renouvel\u00e9s tous les six mois pour \u00e9viter la confiscation du pouvoir.<\/p>\n<p>Critique frontale de la gestion municipale actuelle<\/p>\n<p>Les porte-paroles d\u00e9noncent une politique municipale d\u00e9connect\u00e9e des besoins r\u00e9els. Fanny Vincent pointe \u00ab\u00a0des tentatives permanentes de s\u00e9duction de l\u2019ext\u00e9rieur, des investisseurs, de pseudo attractivit\u00e9 r\u00e9alis\u00e9es au d\u00e9triment des St\u00e9phanois\u00a0\u00bb.<\/p>\n<p>L\u2019association critique notamment l\u2019absence de prolongement du tramway vers Montreynaud alors qu\u2019il dessert Le Soleil, et d\u00e9nonce le financement projet par projet qui fragilise les associations locales.<\/p>\n<p>Programme en construction autour des services publics<\/p>\n<p>Si les positions d\u00e9finitives restent \u00e0 arr\u00eater, Saint\u00e9 Populaire questionne des sujets cruciaux : gratuit\u00e9 des transports, gestion publique de l\u2019eau, pr\u00e9sidence m\u00e9tropolitaine. L\u2019association privil\u00e9gie une approche centr\u00e9e sur les quartiers populaires et la pr\u00e9servation des services publics.<\/p>\n<p>Elle revendique une vision alternative \u00e0 la course \u00e0 l\u2019attractivit\u00e9, pr\u00e9f\u00e9rant r\u00e9pondre aux besoins concrets des habitants plut\u00f4t qu\u2019aux attentes suppos\u00e9es des investisseurs ext\u00e9rieurs.<\/p>\n<p>L\u2019association propose des \u00e9lus r\u00e9vocables et une hi\u00e9rarchie moins pyramidale avec des indemnit\u00e9s r\u00e9duites au sommet. Elle critique la d\u00e9mocratie participative actuelle, qualifi\u00e9e de poudre aux yeux par Fanny Vincent qui estime que les consultations s\u2019adressent volontairement aux \u00ab\u00a0CSP+, les plus \u00e2g\u00e9s, les initi\u00e9s.<\/p>\n<p>Cette critique vise \u00e0 l\u00e9gitimer une approche plus inclusive qui toucherait \u00ab\u00a0les gens qui font r\u00e9ellement les quartiers au quotidien\u00a0\u00bb.<\/p>\n<p>Refus de la primaire socialiste<\/p>\n<p>L\u2019association s\u2019oppose \u00e0 la primaire propos\u00e9e par le PS pour d\u00e9signer une t\u00eate de liste, y voyant des d\u00e9fis techniques et d\u2019\u00e9quit\u00e9. Plus fondamentalement, elle consid\u00e8re qu\u2019une primaire acterait l\u2019\u00e9chec \u00e0 ne pas se mettre d\u2019accord et ne favoriserait pas le renouveau de la repr\u00e9sentation politique.<\/p>\n<p>Malgr\u00e9 l\u2019avancement des discussions, l\u2019union d\u00e9finitive avec les partis de gauche reste \u00e0 concr\u00e9tiser. Les diff\u00e9rentiels insolubles sur le programme et la t\u00eate de liste demeurent entiers, reportant les arbitrages \u00e0 l\u2019automne.<\/p>\n<p>Saint\u00e9 Populaire devra alors imposer une bonne proportion de ses propres noms dans la future liste pour garantir l\u2019application de sa vision d\u00e9mocratique alternative.<\/p>\n","protected":false},"excerpt":{"rendered":"N\u00e9e au printemps 2024 de discussions entre associations militantes, syndicats et collectifs de gauche, elle revendique une approche&hellip;\n","protected":false},"author":2,"featured_media":219703,"comment_status":"","ping_status":"","sticky":false,"template":"","format":"standard","meta":{"footnotes":""},"categories":[9653],"tags":[1111,11,2430,1777,674,1011,27,3367,12,316,25,4001,31911],"class_list":{"0":"post-219702","1":"post","2":"type-post","3":"status-publish","4":"format-standard","5":"has-post-thumbnail","7":"category-saint-etienne","8":"tag-actu","9":"tag-actualites","10":"tag-auvergne-rhone-alpes","11":"tag-eu","12":"tag-europe","13":"tag-fr","14":"tag-france","15":"tag-loire","16":"tag-news","17":"tag-politique","18":"tag-republique-francaise","19":"tag-saint-etienne","20":"tag-sainte-populaire"},"share_on_mastodon":{"url":"https:\/\/pubeurope.com\/@fr\/114781480910326883","error":""},"_links":{"self":[{"href":"https:\/\/www.europesays.com\/fr\/wp-json\/wp\/v2\/posts\/219702","targetHints":{"allow":["GET"]}}],"collection":[{"href":"https:\/\/www.europesays.com\/fr\/wp-json\/wp\/v2\/posts"}],"about":[{"href":"https:\/\/www.europesays.com\/fr\/wp-json\/wp\/v2\/types\/post"}],"author":[{"embeddable":true,"href":"https:\/\/www.europesays.com\/fr\/wp-json\/wp\/v2\/users\/2"}],"replies":[{"embeddable":true,"href":"https:\/\/www.europesays.com\/fr\/wp-json\/wp\/v2\/comments?post=219702"}],"version-history":[{"count":0,"href":"https:\/\/www.europesays.com\/fr\/wp-json\/wp\/v2\/posts\/219702\/revisions"}],"wp:featuredmedia":[{"embeddable":true,"href":"https:\/\/www.europesays.com\/fr\/wp-json\/wp\/v2\/media\/219703"}],"wp:attachment":[{"href":"https:\/\/www.europesays.com\/fr\/wp-json\/wp\/v2\/media?parent=219702"}],"wp:term":[{"taxonomy":"category","embeddable":true,"href":"https:\/\/www.europesays.com\/fr\/wp-json\/wp\/v2\/categories?post=219702"},{"taxonomy":"post_tag","embeddable":true,"href":"https:\/\/www.europesays.com\/fr\/wp-json\/wp\/v2\/tags?post=219702"}],"curies":[{"name":"wp","href":"https:\/\/api.w.org\/{rel}","templated":true}]}}