{"id":219706,"date":"2025-07-02T03:20:12","date_gmt":"2025-07-02T03:20:12","guid":{"rendered":"https:\/\/www.europesays.com\/fr\/219706\/"},"modified":"2025-07-02T03:20:12","modified_gmt":"2025-07-02T03:20:12","slug":"guy-lux-furieux-victoire-dans-une-ambiance-tendue-les-anecdotes-de-lemission","status":"publish","type":"post","link":"https:\/\/www.europesays.com\/fr\/219706\/","title":{"rendered":"Guy Lux furieux, victoire dans une ambiance tendue&#8230; les anecdotes de l&rsquo;\u00e9mission"},"content":{"rendered":"<p class=\"insetTitle\">La ranc\u0153ur de Guy Lux contre Nancy<\/p>\n<p>Guy Lux aime bien diriger, il n&rsquo;aime pas l&rsquo;impr\u00e9vu. Alors quand l&rsquo;\u00e9quipe nanc\u00e9ienne de 1986 le jette dans la piscine pour f\u00eater la victoire, il serre les dents pour finir l&rsquo;\u00e9mission avec un semblant de sourire.<\/p>\n<p>Quatre ans plus tard, le R\u00e9publicain Lorrain raconte que l&rsquo;animateur a laiss\u00e9 sa place \u00e0 L\u00e9on Zitrone sur la place Stanislas. Mais visiblement, les r\u00e9p\u00e9titions ne se sont pas pass\u00e9es beaucoup plus dans la bonne humeur.<\/p>\n<p>\u00ab\u00a0Le \u00ab\u00a0Gros L\u00e9on\u00a0\u00bb est loin d&rsquo;\u00eatre un tendre.\u00a0Il court sur lui un certain nombre de bruits qui n&rsquo;ont rien \u00e0 voir avec l&rsquo;image rassurante et bon enfant qu&rsquo;il donne \u00e0 travers le petit \u00e9cran. M. Zitrone, dit-on ne supporte pas le moindre \u00ab couac \u00bb et, selon certaines mauvaises langues, irait jusqu&rsquo;\u00e0 appuyer son autorit\u00e9 en distribuant des gifles&#8230; \u00c0 bon entendeur salut&#8230;\u00a0\u00bb<\/p>\n<p>Et dans un encadr\u00e9 titr\u00e9 \u00ab\u00a0Guy Lux est infernal\u00a0\u00bb, une professeure d&rsquo;EPS se souvient du match de 1986 : \u00ab\u00a0 Il est totalement infernal et nous en fait voir de toutes les couleurs. S&rsquo;il a \u00e9t\u00e9 envoy\u00e9 \u00e0 l&rsquo;eau en juillet 1986, il l&rsquo;avait bien cherch\u00e9. Il se\u00a0montre odieux au cours des r\u00e9p\u00e9titions et n&rsquo;accepte aucune contradiction. Je suis l\u00e0 pour la tr\u00e8s bonne ambiance qui anime l&rsquo;\u00e9quipe de Nancy\u00a0[&#8230;] mais certainement pas pour les animateurs qui font de larges sourires devant les cam\u00e9ras, mais qui sont insupportables en coulisses. \u00bb<\/p>\n","protected":false},"excerpt":{"rendered":"La ranc\u0153ur de Guy Lux contre Nancy Guy Lux aime bien diriger, il n&rsquo;aime pas l&rsquo;impr\u00e9vu. Alors quand&hellip;\n","protected":false},"author":2,"featured_media":219707,"comment_status":"","ping_status":"","sticky":false,"template":"","format":"standard","meta":{"footnotes":""},"categories":[9635],"tags":[1111,11,1777,674,107,1011,27,775,3457,1702,12,3456,25,273,2205],"class_list":{"0":"post-219706","1":"post","2":"type-post","3":"status-publish","4":"format-standard","5":"has-post-thumbnail","7":"category-nancy","8":"tag-actu","9":"tag-actualites","10":"tag-eu","11":"tag-europe","12":"tag-fil-info","13":"tag-fr","14":"tag-france","15":"tag-grand-est","16":"tag-meurthe-et-moselle","17":"tag-nancy","18":"tag-news","19":"tag-region-lorraine","20":"tag-republique-francaise","21":"tag-selection-de-la-redaction","22":"tag-television-medias"},"share_on_mastodon":{"url":"https:\/\/pubeurope.com\/@fr\/114781488665939100","error":""},"_links":{"self":[{"href":"https:\/\/www.europesays.com\/fr\/wp-json\/wp\/v2\/posts\/219706","targetHints":{"allow":["GET"]}}],"collection":[{"href":"https:\/\/www.europesays.com\/fr\/wp-json\/wp\/v2\/posts"}],"about":[{"href":"https:\/\/www.europesays.com\/fr\/wp-json\/wp\/v2\/types\/post"}],"author":[{"embeddable":true,"href":"https:\/\/www.europesays.com\/fr\/wp-json\/wp\/v2\/users\/2"}],"replies":[{"embeddable":true,"href":"https:\/\/www.europesays.com\/fr\/wp-json\/wp\/v2\/comments?post=219706"}],"version-history":[{"count":0,"href":"https:\/\/www.europesays.com\/fr\/wp-json\/wp\/v2\/posts\/219706\/revisions"}],"wp:featuredmedia":[{"embeddable":true,"href":"https:\/\/www.europesays.com\/fr\/wp-json\/wp\/v2\/media\/219707"}],"wp:attachment":[{"href":"https:\/\/www.europesays.com\/fr\/wp-json\/wp\/v2\/media?parent=219706"}],"wp:term":[{"taxonomy":"category","embeddable":true,"href":"https:\/\/www.europesays.com\/fr\/wp-json\/wp\/v2\/categories?post=219706"},{"taxonomy":"post_tag","embeddable":true,"href":"https:\/\/www.europesays.com\/fr\/wp-json\/wp\/v2\/tags?post=219706"}],"curies":[{"name":"wp","href":"https:\/\/api.w.org\/{rel}","templated":true}]}}