{"id":219732,"date":"2025-07-02T03:40:10","date_gmt":"2025-07-02T03:40:10","guid":{"rendered":"https:\/\/www.europesays.com\/fr\/219732\/"},"modified":"2025-07-02T03:40:10","modified_gmt":"2025-07-02T03:40:10","slug":"la-rupture-democratique-est-en-marche","status":"publish","type":"post","link":"https:\/\/www.europesays.com\/fr\/219732\/","title":{"rendered":"la \u00ab rupture d\u00e9mocratique \u00bb est en marche"},"content":{"rendered":"<p style=\"text-align: justify;\"><strong>A moins d\u2019un an des \u00e9lections municipales, les insoumis causent beaucoup. Ils comptent bien faire accepter leur \u00ab programme \u00bb par les autres forces de gauche. Encore faut-il \u00eatre en mesure de dominer les socialistes. Seuls les \u00e9lecteurs \u2013 et les sondeurs \u2013 connaissent la r\u00e9ponse.<\/strong><\/p>\n<p style=\"text-align: justify;\">Il faudra s\u2019y faire. Pour les \u00e9lections municipales de mars 2026, les militants insoumis d\u00e9fendent un grand objectif : la \u00ab\u00a0rupture d\u00e9mocratique\u00a0\u00bb. Pour ce faire, \u00e0 Nantes, ils proposent un programme \u00ab\u00a0de rupture et populaire\u00a0\u00bb. D\u2019o\u00f9 un catalogue qui va de mesures concr\u00e8tes (\u00ab\u00a0le retour de conciergeries dans les quartiers pour avoir un interlocuteur quand il y a de petits travaux \u00e0 r\u00e9aliser ou lorsque des d\u00e9gradations ont \u00e9t\u00e9 commises\u00a0\u00bb), au refus d\u2019installer des cam\u00e9ras de surveillance. Bien entendu, la question de la s\u00e9curit\u00e9 en g\u00e9n\u00e9ral et du trafic de drogue en particulier ne les int\u00e9resse pas. Pourtant, c\u2019est une pr\u00e9occupante dominante dans les \u00ab\u00a0quartiers\u00a0\u00bb\u2026<\/p>\n<p style=\"text-align: justify;\">Pour William Aucant, conseiller r\u00e9gional des Pays de la Loire, et Marina Ferreruela, suppl\u00e9ante du d\u00e9put\u00e9 Andy Kerbrat (Nantes centre), tous deux chefs de file des Insoumis \u00e0 Nantes, la campagne a donc d\u00e9marr\u00e9. Reste la grande question\u00a0: les Insoumis pr\u00e9senteront-ils une liste autonome au premier tour ? \u00ab\u00a0On ne s\u2019interdit rien, on a besoin de\u00a0voir o\u00f9 en sont nos partenaires de gauche\u00a0\u00bb, r\u00e9pond le premier (Ouest-France, Nantes, mardi 17 juin 2025). Quid de ce programme\u00a0 riche de 650 mesures\u00a0? \u00ab\u00a0La pr\u00e9sentation de ce programme, c\u2019est le d\u00e9marrage d\u2019un d\u00e9bat dans l\u2019espace public. On est en attente de ce que vont proposer les autres forces politiques. On a besoin de ce d\u00e9bat sain et de savoir si les autres forces humanistes s\u2019engagent vers la rupture. Chacun d\u00e9cidera s\u2019il veut y aller seul ou pas. Mais la question, c\u2019est aussi de savoir si les sortants cherchent \u00e9galement \u00e0 se r\u00e9inventer\u00a0\u00bb, ajoute-t-il (Presse Oc\u00e9an, mardi 17 juin 2025). \u00ab\u00a0Si accord il y a, ce sera un accord programmatique\u00a0\u00bb, compl\u00e8te Marina Ferreruela (Presse Oc\u00e9an, mardi 17 juin 2025).<\/p>\n<p style=\"text-align: justify;\">Voil\u00e0 la r\u00e8gle valable pour le premier tour. Pour le second, les insoumis semblent d\u00e9cid\u00e9s \u00e0 pr\u00e9senter les m\u00eames exigences\u00a0: \u00ab\u00a0S\u2019il y a une union de second tour, le programme qui sera pr\u00e9sent\u00e9 sera un programme accept\u00e9 par toutes les forces qui composent cette union. Chez Les insoumis, il n\u2019y a pas de renoncement\u00a0: on dit ce qu\u2019on fera et on fera ce qu\u2019on dit\u00a0\u00bb, insiste William Aucant (Presse Oc\u00e9an, mardi 17 juin 2025). Dans ces conditions, on souhaite bien du plaisir \u00e0 Johanna Rolland (PS), la maire de Nantes, car \u00ab\u00a0ce programme amorce un d\u00e9bat politique avec les autres forces de gauche\u00a0\u00bb, comme le dit si bien William Aucant (Ouest-France, Nantes, mardi 17 juin 2025). Or, tout le monde sait que\u00a0 socialistes et insoumis sont en d\u00e9saccord sur \u00e9norm\u00e9ment de points\u2026 On peut m\u00eame dire qu\u2019ils se d\u00e9testent\u2026 N\u00e9gocier avec le tandem Aucant-Ferreruela ne sera pas de la tarte pour Mme Rolland\u2026<\/p>\n<p><strong>Les sondages d\u00e9cideront de l\u2019union ou de la d\u00e9sunion<\/strong><\/p>\n<p style=\"text-align: justify;\">En r\u00e9alit\u00e9, tous ces discours ne sont que des paroles verbales. Tout d\u00e9pendra des sondages portant \u00a0sur les intentions de vote qui seront effectu\u00e9s en janvier, voire avant\u00a0; ils donneront la temp\u00e9rature. A qui le rapport de force sera-t-il favorable\u00a0\u00e0 gauche ? Si les insoumis apparaissent\u00a0 indispensables, incontournables pour fournir une majorit\u00e9 \u00e0 Johanna Rolland, cette derni\u00e8re sera oblig\u00e9e de courber l\u2019\u00e9chine et d\u2019avaler leurs exigences\u00a0; ils deviendront des \u201calli\u00e9s\u201c. Paris vaut bien une messe, disait Henri IV\u00a0! Sinon elle pourra se dispenser de leurs services et les renvoyer dans les cordes\u00a0! Et puis, au second tour, les \u00e9lecteurs insoumis du premier sauront faire fonctionner le \u00ab front r\u00e9publicain\u00a0\u00bb pour faire barrage \u00e0 la droite, sans que des consignes de vote leur soient donn\u00e9es. Des renforts que Johanna Rolland r\u00e9cup\u00e8rera sans difficult\u00e9.<\/p>\n<p><strong>Les insoumis font faire de la gonflette\u00a0<\/strong><\/p>\n<p style=\"text-align: justify;\">Bien entendu, les insoumis font faire de la gonflette\u00a0; ils feront valoir qu\u2019au premier tour de l\u2019\u00e9lection pr\u00e9sidentielle d\u2019avril 2022, Jean-Luc M\u00e9lenchon \u00e9tait arriv\u00e9 en t\u00eate \u00e0 Nantes avec 33,03 % des suffrages exprim\u00e9s (48 161 voix), tandis que la candidate socialiste Anne Hidalgo se classait septi\u00e8me (2,56 %, 3\u00a0727 voix) \u2013 elle r\u00e9alisait l\u2019exploit de faire moins bien qu\u2019Eric Zemmour (6,17 %, 8\u00a0990 voix)\u00a0! Mais ils s\u2019empresseront d\u2019oublier le r\u00e9sultat des \u00e9lections europ\u00e9ennes\u00a0; en effet deux ans plus tard (juin 2024), la premi\u00e8re place revenait \u00e0 la liste conduite par Rapha\u00ebl Glucksmann (PS-Place publique) qui recueillait 25\u00a0234 voix (23,77 %), devan\u00e7ant celle dirig\u00e9e par l\u2019insoumise Manon Aubry (16\u00a0373 voix, 15,42 %). Les partisans de M\u00e9lenchon ne peuvent donc pas pr\u00e9tendre dominer la gauche nantaise. D\u2019autant plus que la d\u00e9gradation de l\u2019image de La France insoumise est importante. C\u2019est ce que rappelle Brice Teinturier, directeur g\u00e9n\u00e9ral d\u00e9l\u00e9gu\u00e9 d\u2019Ipsos\u00a0: \u00ab\u00a026 % seulement des Fran\u00e7ais estiment fin 2024 que La France insoumise est capable de\u00a0gouverner le pays. C\u2019est six points de moins qu\u2019il y a un an, un niveau faible et qui la situe au dernier rang des partis politiques.\u00a0\u00bb Il ajoute m\u00eame que \u00ab\u00a0pour 63 % de nos compatriotes, elle constitue \u201cun danger pour la d\u00e9mocratie\u201c. Plus six points en un an et\u00a0 un jugement critique maintenant bien sup\u00e9rieur \u00e0 celui du RN, qui lui obtient 50 % d\u2019adh\u00e9sion \u201cseulement\u201c \u00e0 une telle affirmation, moins deux points.\u00a0\u00bb (Le un hebdo, 25 juin 2025). Voil\u00e0 qui devrait arranger les affaires de Johanna Rolland et fort peu celles de Aucant-Ferreruela\u2026<\/p>\n<p style=\"text-align: justify;\">Bernard Morvan<\/p>\n<p>Illustration : DR<br \/>[cc] Breizh-info.com, 2024, d\u00e9p\u00eaches libres de copie et de diffusion sous r\u00e9serve de mention et de lien vers la source d\u2019origine<\/p>\n","protected":false},"excerpt":{"rendered":"A moins d\u2019un an des \u00e9lections municipales, les insoumis causent beaucoup. Ils comptent bien faire accepter leur \u00ab&hellip;\n","protected":false},"author":2,"featured_media":219733,"comment_status":"","ping_status":"","sticky":false,"template":"","format":"standard","meta":{"footnotes":""},"categories":[2818],"tags":[1111,11,1777,674,1011,27,6945,2338,766,12,2636,25],"class_list":{"0":"post-219732","1":"post","2":"type-post","3":"status-publish","4":"format-standard","5":"has-post-thumbnail","7":"category-nantes","8":"tag-actu","9":"tag-actualites","10":"tag-eu","11":"tag-europe","12":"tag-fr","13":"tag-france","14":"tag-johanna-rolland","15":"tag-la-france-insoumise","16":"tag-nantes","17":"tag-news","18":"tag-pays-de-la-loire","19":"tag-republique-francaise"},"share_on_mastodon":{"url":"https:\/\/pubeurope.com\/@fr\/114781568054279613","error":""},"_links":{"self":[{"href":"https:\/\/www.europesays.com\/fr\/wp-json\/wp\/v2\/posts\/219732","targetHints":{"allow":["GET"]}}],"collection":[{"href":"https:\/\/www.europesays.com\/fr\/wp-json\/wp\/v2\/posts"}],"about":[{"href":"https:\/\/www.europesays.com\/fr\/wp-json\/wp\/v2\/types\/post"}],"author":[{"embeddable":true,"href":"https:\/\/www.europesays.com\/fr\/wp-json\/wp\/v2\/users\/2"}],"replies":[{"embeddable":true,"href":"https:\/\/www.europesays.com\/fr\/wp-json\/wp\/v2\/comments?post=219732"}],"version-history":[{"count":0,"href":"https:\/\/www.europesays.com\/fr\/wp-json\/wp\/v2\/posts\/219732\/revisions"}],"wp:featuredmedia":[{"embeddable":true,"href":"https:\/\/www.europesays.com\/fr\/wp-json\/wp\/v2\/media\/219733"}],"wp:attachment":[{"href":"https:\/\/www.europesays.com\/fr\/wp-json\/wp\/v2\/media?parent=219732"}],"wp:term":[{"taxonomy":"category","embeddable":true,"href":"https:\/\/www.europesays.com\/fr\/wp-json\/wp\/v2\/categories?post=219732"},{"taxonomy":"post_tag","embeddable":true,"href":"https:\/\/www.europesays.com\/fr\/wp-json\/wp\/v2\/tags?post=219732"}],"curies":[{"name":"wp","href":"https:\/\/api.w.org\/{rel}","templated":true}]}}