{"id":219756,"date":"2025-07-02T03:53:12","date_gmt":"2025-07-02T03:53:12","guid":{"rendered":"https:\/\/www.europesays.com\/fr\/219756\/"},"modified":"2025-07-02T03:53:12","modified_gmt":"2025-07-02T03:53:12","slug":"une-piste-cyclable-bientot-nommee-en-hommage-a-paul-varry-cycliste-tue-par-un-automobiliste","status":"publish","type":"post","link":"https:\/\/www.europesays.com\/fr\/219756\/","title":{"rendered":"une piste cyclable bient\u00f4t nomm\u00e9e en hommage \u00e0 Paul Varry, cycliste tu\u00e9 par un automobiliste"},"content":{"rendered":"<p>            Par<br \/>\n        <strong><br \/>\n            <a href=\"https:\/\/actu.fr\/auteur\/emilie-salabelle\" title=\"Consulter tous les articles de Emilie Salabelle\" rel=\"nofollow noopener\" target=\"_blank\">Emilie Salabelle<\/a><br \/>\n        <\/strong><\/p>\n<p>        Publi\u00e9 le<\/p>\n<p>            1 juil. 2025 \u00e0 14h52        <\/p>\n<p>C\u2019\u00e9tait un hommage annonc\u00e9 par <a href=\"https:\/\/actu.fr\/tag\/anne-hidalgo\" rel=\"nofollow noopener\" target=\"_blank\">Anne Hidalgo<\/a>. La <a href=\"https:\/\/actu.fr\/ile-de-france\/paris_75056\/nouvelles-pistes-cyclables-place-de-la-voiture-reduite-un-axe-majeur-du-centre-de-paris-bientot-transforme_61353532.html\" rel=\"nofollow noopener\" target=\"_blank\">future piste cyclable<\/a> de la <strong>rue R\u00e9aumur,<\/strong> qui traversera \u00e9galement la place de la Bourse et la rue du 4\u00a0septembre et dont un premier tron\u00e7on a d\u00e9j\u00e0 \u00e9t\u00e9 inaugur\u00e9, va \u00eatre nomm\u00e9e <strong><a href=\"https:\/\/actu.fr\/ile-de-france\/paris_75056\/video-c-est-de-la-barbarie-l-emotion-de-la-famille-de-paul-cycliste-tue-par-un-automobiliste-a-paris_61759324.html\" rel=\"nofollow noopener\" target=\"_blank\">Paul Varry<\/a><\/strong>, a act\u00e9 \u00e0 l\u2019unanimit\u00e9 le Conseil de Paris mardi 1er\u00a0juillet 2025. \u00ab\u2009Un symbole fort\u2009\u00bb, a salu\u00e9 <a href=\"https:\/\/actu.fr\/ile-de-france\/paris_75056\/resultats-des-municipales-a-paris-ariel-weil-elu-maire-de-l-arrondissement-paris-centre_34525269.html\" rel=\"nofollow noopener\" target=\"_blank\">Ariel Weil,<\/a> maire de Paris Centre, qui a rendu hommage au cycliste militant de 27\u00a0ans et habitant du Sentier<a href=\"https:\/\/actu.fr\/ile-de-france\/paris_75056\/paris-mort-d-un-cycliste-ecrase-par-un-automobiliste-apres-une-altercation-sur-la-route_61740945.html\" rel=\"nofollow noopener\" target=\"_blank\">, tu\u00e9 par un automobiliste<\/a> le 15\u00a0octobre 2024.<\/p>\n<p>\u00ab\u2009Un espace de m\u00e9moire\u2009\u00bb<\/p>\n<p class=\" wall-content\">La future piste s\u00e9curis\u00e9e portera donc le nom du cycliste qui empruntait cet itin\u00e9raire quotidiennement pour rentrer chez lui. \u00ab\u2009Nous le connaissons \u00e0 Paris Centre comme un <strong>militant engag\u00e9<\/strong>\u2009\u00bb, a rappel\u00e9 Ariel Weil, \u00e9voquant les divers engagements du Parisien, repr\u00e9sentant de Paris en Selle, membre du conseil de quartier et force de proposition lors des ateliers de travail et r\u00e9unions publiques. Le jeune homme avait d\u2019ailleurs particip\u00e9 sur le projet de la piste cyclable de la rue R\u00e9aumur.<\/p>\n<p class=\" wall-content\">\u00ab\u2009La piste Paul Varry sera un <strong>symbole fort<\/strong>, pas seulement un trajet, mais un espace de m\u00e9moire, de vigilance, d\u2019engagement. Elle marque notre volont\u00e9 collective de construire une ville plus pacifique et humaine\u2009\u00bb, a indiqu\u00e9 l\u2019\u00e9dile de Paris Centre.<\/p>\n<p>\u00ab\u2009Un acte volontaire\u2009\u00bb<\/p>\n<p class=\" wall-content\">La trag\u00e9die du 15\u00a0octobre, n\u2019\u00e9tait pas un accident, mais <a href=\"https:\/\/actu.fr\/ile-de-france\/paris_75056\/j-ai-vu-qu-il-etait-dangereux-ce-cycliste-a-croise-l-automobiliste-qui-a-ecrase-paul-varry_61760902.html\" rel=\"nofollow noopener\" target=\"_blank\">\u00ab\u2009un acte volontaire<\/a>\u2009\u00bb, ont soulign\u00e9 de nombreux \u00e9lus, alors que le conducteur du SUV est actuellement <strong>poursuivi pour meurtre<\/strong>. \u00ab\u2009Le rapport d\u2019expertise est accablant, a rappel\u00e9 la conseill\u00e8re (Modem) Maud Gatel. Alors que le conducteur parlait de perte de contr\u00f4le, il d\u00e9montre que celui-ci a recul\u00e9 puis acc\u00e9l\u00e9r\u00e9 pour \u00e9craser le jeune homme.\u2009\u00bb<\/p>\n<p class=\" wall-content\">Situ\u00e9e au c\u0153ur de Paris, la piste Paul Varry est une mani\u00e8re d \u00ab\u2019inscrire le refus de la <strong>banalisation de la violence routi\u00e8re<\/strong>, emprunte d\u2019\u00e9go\u00efsme et de virilisme\u2009\u00bb, a formul\u00e9 l\u2019adjoint aux mobilit\u00e9s David Belliard.<\/p>\n<p>Vid\u00e9os : en ce moment sur Actu<\/p>\n<p class=\" wall-content\">Suivez toute l\u2019actualit\u00e9 de vos villes et m\u00e9dias favoris en vous inscrivant \u00e0 <a href=\"https:\/\/moncompte.actu.fr\" title=\"D\u00e9couvez Mon Actu\" rel=\"nofollow noopener\" data-trk=\"{&quot;cta&quot;:{&quot;action&quot;:&quot;https:\\\/\\\/moncompte.actu.fr&quot;,&quot;category&quot;:&quot;mon compte&quot;,&quot;from&quot;:&quot;article footer&quot;,&quot;name&quot;:&quot;Mon actu&quot;,&quot;type&quot;:&quot;cta&quot;}}\" target=\"_blank\">Mon Actu<\/a>.<\/p>\n","protected":false},"excerpt":{"rendered":"Par Emilie Salabelle Publi\u00e9 le 1 juil. 2025 \u00e0 14h52 C\u2019\u00e9tait un hommage annonc\u00e9 par Anne Hidalgo. La&hellip;\n","protected":false},"author":2,"featured_media":219757,"comment_status":"","ping_status":"","sticky":false,"template":"","format":"standard","meta":{"footnotes":""},"categories":[1888],"tags":[1111,1928,11,1927,2617,1777,674,1011,27,12,1926,626,1925,4798,25,104,208],"class_list":{"0":"post-219756","1":"post","2":"type-post","3":"status-publish","4":"format-standard","5":"has-post-thumbnail","7":"category-paris","8":"tag-actu","9":"tag-actu-paris","10":"tag-actualites","11":"tag-actualites-paris","12":"tag-conseil-de-paris","13":"tag-eu","14":"tag-europe","15":"tag-fr","16":"tag-france","17":"tag-news","18":"tag-news-paris","19":"tag-paris","20":"tag-paris-news","21":"tag-pistes-cyclables","22":"tag-republique-francaise","23":"tag-societe","24":"tag-velo"},"share_on_mastodon":{"url":"https:\/\/pubeurope.com\/@fr\/114781618381878025","error":""},"_links":{"self":[{"href":"https:\/\/www.europesays.com\/fr\/wp-json\/wp\/v2\/posts\/219756","targetHints":{"allow":["GET"]}}],"collection":[{"href":"https:\/\/www.europesays.com\/fr\/wp-json\/wp\/v2\/posts"}],"about":[{"href":"https:\/\/www.europesays.com\/fr\/wp-json\/wp\/v2\/types\/post"}],"author":[{"embeddable":true,"href":"https:\/\/www.europesays.com\/fr\/wp-json\/wp\/v2\/users\/2"}],"replies":[{"embeddable":true,"href":"https:\/\/www.europesays.com\/fr\/wp-json\/wp\/v2\/comments?post=219756"}],"version-history":[{"count":0,"href":"https:\/\/www.europesays.com\/fr\/wp-json\/wp\/v2\/posts\/219756\/revisions"}],"wp:featuredmedia":[{"embeddable":true,"href":"https:\/\/www.europesays.com\/fr\/wp-json\/wp\/v2\/media\/219757"}],"wp:attachment":[{"href":"https:\/\/www.europesays.com\/fr\/wp-json\/wp\/v2\/media?parent=219756"}],"wp:term":[{"taxonomy":"category","embeddable":true,"href":"https:\/\/www.europesays.com\/fr\/wp-json\/wp\/v2\/categories?post=219756"},{"taxonomy":"post_tag","embeddable":true,"href":"https:\/\/www.europesays.com\/fr\/wp-json\/wp\/v2\/tags?post=219756"}],"curies":[{"name":"wp","href":"https:\/\/api.w.org\/{rel}","templated":true}]}}