{"id":219764,"date":"2025-07-02T03:57:10","date_gmt":"2025-07-02T03:57:10","guid":{"rendered":"https:\/\/www.europesays.com\/fr\/219764\/"},"modified":"2025-07-02T03:57:10","modified_gmt":"2025-07-02T03:57:10","slug":"pourquoi-la-russie-est-restee-a-lecart-du-conflit-israelo-iranien","status":"publish","type":"post","link":"https:\/\/www.europesays.com\/fr\/219764\/","title":{"rendered":"Pourquoi la Russie est rest\u00e9e \u00e0 l\u2019\u00e9cart du conflit isra\u00e9lo-iranien"},"content":{"rendered":"\n<p>Il y a dix ans, la Russie semblait conna\u00eetre son heure de gloire au Moyen-Orient. R\u00e9trospectivement, ce moment fut bref. \u00c0 la surprise g\u00e9n\u00e9rale, Moscou n\u2019est pas intervenu pour tenter d\u2019emp\u00eacher la chute du pr\u00e9sident Bachar El-Assad, en d\u00e9cembre 2024. Et aujourd\u2019hui, Vladimir Poutine veille \u00e0 conserver sa neutralit\u00e9 dans l\u2019affrontement entre Isra\u00ebl et l\u2019Iran, et plut\u00f4t que son soutien \u00e0 l\u2019Iran, ce sont des services de m\u00e9diateur qu\u2019il a offerts.<\/p>\n<p>C\u2019est par faiblesse que Poutine a fait ce choix. Au fond, la Russie n\u2019a ni la volont\u00e9 ni la capacit\u00e9 d\u2019intervenir dans les jeux de pouvoir au Moyen-Orient. Mais cette d\u00e9cision est aussi le reflet des int\u00e9r\u00eats contradictoires de Moscou. Pour prot\u00e9ger ces derniers, la Russie doit veiller \u00e0 soigner ses relations avec les acteurs r\u00e9gionaux, y compris avec des pays qui sont les adversaires ou les concurrents de l\u2019Iran.<\/p>\n<p> Rapprochement avec T\u00e9h\u00e9ran <\/p>\n<p>Apr\u00e8s son <a href=\"https:\/\/www.courrierinternational.com\/sujet\/guerre-en-ukraine\" target=\"_blank\" rel=\"noopener\">invasion de l\u2019Ukraine, en 2022<\/a>, la Russie avait am\u00e9lior\u00e9 de fa\u00e7on spectaculaire ses relations avec l\u2019Iran. L\u2019initiative \u00e9tait int\u00e9ress\u00e9e, car Moscou avait bien plus besoin de T\u00e9h\u00e9ran que l\u2019inverse. Les Iraniens fournissaient aux Russes les drones Shahed, dont ils avaient besoin pour pilonner les villes et les infrastructures ukrainiennes. L\u2019Iran partageait aussi avec la Russie ses astuces \u00e9pr<\/p>\n<p>                                     <strong class=\"paywall-title\">Cet article est r\u00e9serv\u00e9 aux\u00a0abonn\u00e9s.<\/strong>   <\/p>\n<p class=\"paywall-text\">Profitez de\u00a0l\u2019offre sp\u00e9ciale num\u00e9rique pour acc\u00e9der \u00e0\u00a0l\u2019int\u00e9gralit\u00e9 de\u00a0nos contenus en\u00a0illimit\u00e9.<\/p>\n<p class=\"article-authors\">                         <a href=\"https:\/\/www.courrierinternational.com\/auteur\/dimitar-bechev\" target=\"_blank\" rel=\"noopener\">Dimitar Bechev<\/a>    <\/p>\n<p class=\"article-vo\"><a href=\"https:\/\/foreignpolicy.com\/2025\/06\/25\/russia-putin-iran-israel-nuclear-diplomacy\/\" rel=\"noopener\" target=\"_blank\">Lire l\u2019article original<\/a><\/p>\n<p>Source de l\u2019article<\/p>\n<p>   <img decoding=\"async\" class=\"source-logo\" src=\"https:\/\/www.europesays.com\/fr\/wp-content\/uploads\/2025\/07\/a418aaf_1716893647401-wyzksrzu-400x400.jpeg\"  alt=\"Logo\" loading=\"lazy\" width=\"32\" height=\"32\"\/>  Foreign Policy  (Washington)       <\/p>\n<p>Fond\u00e9 en 1970 dans le but de \u201cstimuler le d\u00e9bat sur les questions essentielles de la politique \u00e9trang\u00e8re am\u00e9ricaine\u201d, Foreign Policy a longtemps \u00e9t\u00e9 une revue universitaire avant de devenir un bimestriel en 2000. Son ambition aujourd\u2019hui\u00a0: \u00eatre le premier \u201cmagazine sur la politique, l\u2019\u00e9conomie et les id\u00e9es internationales\u201d. Dirig\u00e9 depuis novembre 2020 par Ravi Agrawal, le titre appartient \u00e0 la Graham Holdings Company qui poss\u00e8de aussi le site <strong>Slate.<\/strong> Foreign Policy a lanc\u00e9 au d\u00e9but des ann\u00e9es 2000 plusieurs \u00e9ditions \u00e9trang\u00e8res, en Europe, en Afrique, Au Moyen-Orient, en Asie et en Am\u00e9rique latine et en 2009, a compl\u00e8tement transform\u00e9 son site internet. ForeignPolicy.com\u00a0se veut le premier quotidien en ligne traitant des questions de politique \u00e9trang\u00e8re et de s\u00e9curit\u00e9 nationale. Aux enqu\u00eates et reportages journalistiques s\u2019ajoutent de nombreuses contributions d\u2019experts des relations internationales, avec des orientations politiques tr\u00e8s\u00a0vari\u00e9es.<\/p>\n<p>      <a href=\"https:\/\/www.courrierinternational.com\/notule-source\/foreign-policy\" class=\"source-link\" target=\"_blank\" rel=\"noopener\">Lire la suite<\/a>                 <\/p>\n<p>Nos services<\/p>\n","protected":false},"excerpt":{"rendered":"Il y a dix ans, la Russie semblait conna\u00eetre son heure de gloire au Moyen-Orient. R\u00e9trospectivement, ce moment&hellip;\n","protected":false},"author":2,"featured_media":219765,"comment_status":"","ping_status":"","sticky":false,"template":"","format":"standard","meta":{"footnotes":""},"categories":[1591],"tags":[11,3822,11423,674,1887,1892,21056,32216,3019,16785,3257,12,1885,1886,132,32215,770],"class_list":{"0":"post-219764","1":"post","2":"type-post","3":"status-publish","4":"format-standard","5":"has-post-thumbnail","7":"category-russie","8":"tag-actualites","9":"tag-amu00e9riques","10":"tag-bachar-el-assad","11":"tag-europe","12":"tag-federation-de-russie","13":"tag-gu00e9opolitique","14":"tag-guerre-en-syrie","15":"tag-guerre-israu00ebl-iran","16":"tag-iran","17":"tag-israu00ebl","18":"tag-moyen-orient","19":"tag-news","20":"tag-russia","21":"tag-russian-federation","22":"tag-russie","23":"tag-tensions-iran-israu00ebl","24":"tag-u00e9tats-unis"},"share_on_mastodon":{"url":"https:\/\/pubeurope.com\/@fr\/114781634269794485","error":""},"_links":{"self":[{"href":"https:\/\/www.europesays.com\/fr\/wp-json\/wp\/v2\/posts\/219764","targetHints":{"allow":["GET"]}}],"collection":[{"href":"https:\/\/www.europesays.com\/fr\/wp-json\/wp\/v2\/posts"}],"about":[{"href":"https:\/\/www.europesays.com\/fr\/wp-json\/wp\/v2\/types\/post"}],"author":[{"embeddable":true,"href":"https:\/\/www.europesays.com\/fr\/wp-json\/wp\/v2\/users\/2"}],"replies":[{"embeddable":true,"href":"https:\/\/www.europesays.com\/fr\/wp-json\/wp\/v2\/comments?post=219764"}],"version-history":[{"count":0,"href":"https:\/\/www.europesays.com\/fr\/wp-json\/wp\/v2\/posts\/219764\/revisions"}],"wp:featuredmedia":[{"embeddable":true,"href":"https:\/\/www.europesays.com\/fr\/wp-json\/wp\/v2\/media\/219765"}],"wp:attachment":[{"href":"https:\/\/www.europesays.com\/fr\/wp-json\/wp\/v2\/media?parent=219764"}],"wp:term":[{"taxonomy":"category","embeddable":true,"href":"https:\/\/www.europesays.com\/fr\/wp-json\/wp\/v2\/categories?post=219764"},{"taxonomy":"post_tag","embeddable":true,"href":"https:\/\/www.europesays.com\/fr\/wp-json\/wp\/v2\/tags?post=219764"}],"curies":[{"name":"wp","href":"https:\/\/api.w.org\/{rel}","templated":true}]}}