{"id":219766,"date":"2025-07-02T03:58:10","date_gmt":"2025-07-02T03:58:10","guid":{"rendered":"https:\/\/www.europesays.com\/fr\/219766\/"},"modified":"2025-07-02T03:58:10","modified_gmt":"2025-07-02T03:58:10","slug":"emmanuel-macron-a-pris-un-risque-diplomatique-et-appele-vladimir-poutine","status":"publish","type":"post","link":"https:\/\/www.europesays.com\/fr\/219766\/","title":{"rendered":"Emmanuel Macron a pris \u201cun risque diplomatique\u201d et appel\u00e9 Vladimir Poutine"},"content":{"rendered":"\n<p>C\u2019est la \u201cfin d\u2019un long silence\u201d, <a class=\"ithalc\" data-ithal=\"lien_externe\" data-ithalc=\"[nav_article]\" target=\"_blank\" href=\"https:\/\/elpais.com\/internacional\/2025-07-01\/macron-habla-con-putin-por-primera-vez-en-tres-anos-para-tratar-los-temas-de-ucrania-e-iran.html\" rel=\"noopener\">commente<strong> El Pa\u00eds. <\/strong><\/a>Mardi, Emmanuel Macron et Vladimir Poutine ont parl\u00e9 au t\u00e9l\u00e9phone pendant plus de deux heures. Le premier \u00e9change entre les deux pr\u00e9sidents depuis septembre 2022, <a class=\"ithalc\" data-ithal=\"lien_externe\" data-ithalc=\"[nav_article]\" target=\"_blank\" href=\"https:\/\/www.lastampa.it\/esteri\/2025\/07\/01\/diretta\/guerra_russia_ucraina_news_oggi-15213477\/?ref=LSHA-BH-P6-S1-T1\" rel=\"noopener\">rappelle <strong>La Stampa. <\/strong><\/a>Au menu de la conversation, l\u2019Ukraine mais aussi l\u2019Iran.<\/p>\n<p>\u201cL\u2019Union europ\u00e9enne avait \u00e9vit\u00e9 de parler avec Poutine jusqu\u2019\u00e0 pr\u00e9sent\u201d, signale El Pa\u00eds. \u201cLes exceptions avaient \u00e9t\u00e9 ses deux grands soutiens au sein du bloc communautaire, le premier ministre hongrois, Viktor Orb\u00e1n, qu\u2019il a rencontr\u00e9 et contact\u00e9 par t\u00e9l\u00e9phone \u00e0 plusieurs reprises pendant la guerre, et le premier ministre slovaque, Robert Fico, qu\u2019il a re\u00e7u au Kremlin en d\u00e9cembre de l\u2019ann\u00e9e derni\u00e8re\u201d, pr\u00e9cise le quotidien espagnol.<\/p>\n<p>Au cours de cet appel, M.\u00a0Macron a insist\u00e9 sur le \u201csoutien in\u00e9branlable de la France \u00e0 la souverainet\u00e9 et \u00e0 l\u2019int\u00e9grit\u00e9 territoriale de l\u2019Ukraine\u201d, plaidant pour un cessez-le-feu rapide. \u201cPoutine a rappel\u00e9 une fois de plus que le conflit ukrainien est une cons\u00e9quence directe de la politique des \u00c9tats occidentaux\u201d, <a class=\"ithalc\" data-ithal=\"lien_externe\" data-ithalc=\"[nav_article]\" target=\"_blank\" href=\"https:\/\/rg.ru\/2025\/07\/01\/putin-provel-telefonnyj-razgovor-s-makronom.html\" rel=\"noopener\">rapporte <strong>Rossiyskaya Gazeta.<\/strong><\/a><strong> <\/strong>\u201cPendant de nombreuses ann\u00e9es, ils ont ignor\u00e9 les int\u00e9r\u00eats de la s\u00e9curit\u00e9 de la Russie, ont cr\u00e9\u00e9 une t\u00eate de pont anti-russe en Ukraine\u201d, continue le quotidien financ\u00e9 par le gouvernement russe.<\/p>\n<p>\u201cIl est impossible de partager cette analyse\u201d, pointe El Pa\u00eds, ajoutant que le dirigeant fran\u00e7ais a donc \u201cinvit\u00e9 Poutine \u00e0 se concentrer sur la situation actuelle plut\u00f4t que reprendre une conversation sur les causes profondes du conflit comme le fait r\u00e9guli\u00e8rement la Russie\u201d.<\/p>\n<p><a class=\"ithalc\" data-ithal=\"lien_externe\" data-ithalc=\"[nav_article]\" target=\"_blank\" href=\"https:\/\/www.corriere.it\/esteri\/diretta-live\/25_luglio_01\/ucraina-russia-le-notizie-di-oggi-in-diretta.shtml\" rel=\"noopener\">Le <strong>Corriere della Sera<\/strong> observe <\/a>que cet \u201centretien t\u00e9l\u00e9phonique intervient deux jours seulement apr\u00e8s que le ministre russe des affaires \u00e9trang\u00e8res, Sergue\u00ef Lavrov, a d\u00e9clar\u00e9 \u00e0 propos de Merz et Macron que ces personnages ont \u201cd\u00e9finitivement perdu la t\u00eate\u201d et tentent ouvertement de revenir \u00e0 l\u2019\u00e9poque o\u00f9 la France et l\u2019Allemagne voulaient conqu\u00e9rir toute l\u2019Europe, en premier lieu l\u2019Empire tsariste et l\u2019Union sovi\u00e9tique\u201d.<\/p>\n<p>               Laiss\u00e9s \u00e0 l\u2019\u00e9cart par Washington       <\/p>\n<p><a class=\"ithalc\" data-ithal=\"lien_externe\" data-ithalc=\"[nav_article]\" target=\"_blank\" href=\"https:\/\/kyivindependent.com\/putin-macron-hold-call-for-1st-time-since-2022-discuss-war-in-ukraine-conflict-in-middle-east\/\" rel=\"noopener\">Le site ukrainien <strong>Kyiv Independent <\/strong>souligne<\/a> de son c\u00f4t\u00e9 que la Russie \u201ca rejet\u00e9 \u00e0 plusieurs reprises la proposition de cessez-le-feu soutenue par les \u00c9tats-Unis, retardant les n\u00e9gociations de paix\u201d. La Russie est rest\u00e9e \u201cintransigeante dans ses demandes maximalistes et a r\u00e9sist\u00e9 \u00e0 la pression de l\u2019Europe et des \u00c9tats-Unis pour des n\u00e9gociations sinc\u00e8res\u201d, <a class=\"ithalc\" data-ithal=\"lien_externe\" data-ithalc=\"[nav_article]\" target=\"_blank\" href=\"https:\/\/www.kyivpost.com\/post\/55536\" rel=\"noopener\">confirme le <strong>Kyiv Post.<\/strong><\/a><\/p>\n<p>Sur l\u2019Iran en revanche, M.\u00a0Macron et Poutine paraissent d\u2019accord sur la strat\u00e9gie \u00e0 adopter\u00a0: \u201cla crise concernant le programme iranien ne doit \u00eatre r\u00e9gl\u00e9e que par des voies diplomatiques\u201d, <a class=\"ithalc\" data-ithal=\"lien_externe\" data-ithalc=\"[nav_article]\" target=\"_blank\" href=\"https:\/\/www.politico.eu\/article\/macron-putin-ukraine-russia-ceasefire-talks-europe-iran-nuclear\/\" rel=\"noopener\">r\u00e9sume <strong>Politico Europe. <\/strong><\/a>C\u2019est d\u2019ailleurs le bombardement des sites nucl\u00e9aires iraniens par les \u00c9tats-Unis qui serait \u00e0 l\u2019origine de ce coup de t\u00e9l\u00e9phone. \u201cLes deux leaders avaient \u00e9t\u00e9 laiss\u00e9s en marge de la d\u00e9cision am\u00e9ricaine\u201d, <a class=\"ithalc\" data-ithal=\"lien_externe\" data-ithalc=\"[nav_article]\" target=\"_blank\" href=\"https:\/\/www.nytimes.com\/2025\/07\/01\/world\/europe\/putin-macron-ukraine-iran.html\" rel=\"noopener\">constate le <strong>New York Times.<\/strong><\/a><\/p>\n<p>Alors le fait qu\u2019Emmanuel Macron &#8211; qui a parl\u00e9 avec Volodymyr Zelensky apr\u00e8s son \u00e9change avec M. Poutine &#8211; ait pris \u201cle risque diplomatique\u201d d\u2019entrer en contact avec son homologue russe et de briser son isolement \u201cressemble \u00e0 une tentative de retrouver un r\u00f4le dans le Moyen-Orient\u201d, estime le journal. Pour M. Poutine, \u201cc\u2019\u00e9tait une opportunit\u00e9 d\u2019accentuer la stature de la Russie comme acteur majeur de la g\u00e9opolitique malgr\u00e9 l\u2019indignation de l\u2019Occident apr\u00e8s l\u2019invasion de l\u2019Ukraine\u201d.<\/p>\n<p>En fin de journ\u00e9e, les Etats-Unis ont annonc\u00e9 qu\u2019ils cessaient de livrer des missiles de d\u00e9fense antia\u00e9riens Patriot \u00e0 l\u2019Ukraine. Le Pentagone s\u2019inqui\u00e8te de voir baisser ses stocks pour sa propre d\u00e9fense. Mais cette d\u00e9cision \u00ab\u00a0refl\u00e8te la baisse d\u2019engagement de l\u2019administration Trump vis-\u00e0-vis de Kiev\u00a0\u00bb, <a class=\"ithalc\" data-ithal=\"lien_externe\" data-ithalc=\"[nav_article]\" target=\"_blank\" href=\"https:\/\/www.wsj.com\/politics\/national-security\/u-s-halts-key-weapons-for-ukraine-in-new-sign-of-weakening-support-for-kyiv-35d78cfc?mod=hp_lead_pos3\" rel=\"noopener\">sugg\u00e8re le <strong>Wall Street Journal.<\/strong><\/a><\/p>\n","protected":false},"excerpt":{"rendered":"C\u2019est la \u201cfin d\u2019un long silence\u201d, commente El Pa\u00eds. Mardi, Emmanuel Macron et Vladimir Poutine ont parl\u00e9 au&hellip;\n","protected":false},"author":2,"featured_media":219767,"comment_status":"","ping_status":"","sticky":false,"template":"","format":"standard","meta":{"footnotes":""},"categories":[1590],"tags":[11,1073,1777,674,1892,131,12,4409,32215,220,135],"class_list":{"0":"post-219766","1":"post","2":"type-post","3":"status-publish","4":"format-standard","5":"has-post-thumbnail","7":"category-ukraine","8":"tag-actualites","9":"tag-emmanuel-macron","10":"tag-eu","11":"tag-europe","12":"tag-gu00e9opolitique","13":"tag-guerre-en-ukraine","14":"tag-news","15":"tag-ru00e9veil","16":"tag-tensions-iran-israu00ebl","17":"tag-ukraine","18":"tag-vladimir-poutine"},"share_on_mastodon":{"url":"https:\/\/pubeurope.com\/@fr\/114781638058853007","error":""},"_links":{"self":[{"href":"https:\/\/www.europesays.com\/fr\/wp-json\/wp\/v2\/posts\/219766","targetHints":{"allow":["GET"]}}],"collection":[{"href":"https:\/\/www.europesays.com\/fr\/wp-json\/wp\/v2\/posts"}],"about":[{"href":"https:\/\/www.europesays.com\/fr\/wp-json\/wp\/v2\/types\/post"}],"author":[{"embeddable":true,"href":"https:\/\/www.europesays.com\/fr\/wp-json\/wp\/v2\/users\/2"}],"replies":[{"embeddable":true,"href":"https:\/\/www.europesays.com\/fr\/wp-json\/wp\/v2\/comments?post=219766"}],"version-history":[{"count":0,"href":"https:\/\/www.europesays.com\/fr\/wp-json\/wp\/v2\/posts\/219766\/revisions"}],"wp:featuredmedia":[{"embeddable":true,"href":"https:\/\/www.europesays.com\/fr\/wp-json\/wp\/v2\/media\/219767"}],"wp:attachment":[{"href":"https:\/\/www.europesays.com\/fr\/wp-json\/wp\/v2\/media?parent=219766"}],"wp:term":[{"taxonomy":"category","embeddable":true,"href":"https:\/\/www.europesays.com\/fr\/wp-json\/wp\/v2\/categories?post=219766"},{"taxonomy":"post_tag","embeddable":true,"href":"https:\/\/www.europesays.com\/fr\/wp-json\/wp\/v2\/tags?post=219766"}],"curies":[{"name":"wp","href":"https:\/\/api.w.org\/{rel}","templated":true}]}}