{"id":219772,"date":"2025-07-02T04:01:24","date_gmt":"2025-07-02T04:01:24","guid":{"rendered":"https:\/\/www.europesays.com\/fr\/219772\/"},"modified":"2025-07-02T04:01:24","modified_gmt":"2025-07-02T04:01:24","slug":"carlo-boukhalfa-quitte-lallemagne-pour-la-suisse","status":"publish","type":"post","link":"https:\/\/www.europesays.com\/fr\/219772\/","title":{"rendered":"Carlo Boukhalfa quitte l&rsquo;Allemagne pour la Suisse !"},"content":{"rendered":"<p><strong\/><\/p>\n<p><strong>Binational alg\u00e9ro-allemand, Carlo Boukhalfa quitte la<br \/>\nBundesliga et Sankt Pauli pour rejoindre la Suisse, o\u00f9 il \u00e9voluera<br \/>\nd\u00e9sormais sous les couleurs du FC Saint-Gall.<\/strong><\/p>\n<p>Plut\u00f4t titulaire avec Sankt Pauli (pr\u00e8s de 1700 minutes jou\u00e9es<br \/>\nen Bundesliga lors de la saison 2024-2025), <strong>Carlo Boukhalfa<br \/>\n(26 ans) fait un choix de carri\u00e8re plut\u00f4t \u00e9tonnant<\/strong>.<\/p>\n<p>Parfois \u00e9voqu\u00e9 en \u00c9quipe Nationale, le milieu de terrain est<br \/>\nlaiss\u00e9 libre par son club et rejoint donc Saint-Gall, formation<br \/>\nsuisse (et de la partie germanophone du pays). <strong>Ce club du<br \/>\nmilieu de tableau ne jouera aucune comp\u00e9tition europ\u00e9enne la saison<br \/>\nprochaine<\/strong>, ce qui accentue la surprise quant \u00e0 ce<br \/>\ntransfert de Boukhalfa.<\/p>\n<p>Le natif de Freiburg im Breisgau s\u00a0\u00bbest engag\u00e9 pour 2 saisons,<br \/>\nplus une autre en option. Roger Stilz, directeur sportif du club<br \/>\nsuisse, pr\u00e9sente ainsi Carlo Boukhalfa: \u00ab<strong>Un joueur<br \/>\noffensif polyvalent<\/strong> dot\u00e9 d&rsquo;une excellente capacit\u00e9 de<br \/>\ncourse et de tacle. Il peut \u00e9voluer aussi bien en num\u00e9ro huit qu&rsquo;en<br \/>\nnum\u00e9ro dix, et possiblement m\u00eame en attaquant de pointe. Au FC St.<br \/>\nPauli, Carlo a d\u00fb serrer les dents et s&rsquo;accrocher, et gr\u00e2ce \u00e0 sa<br \/>\nt\u00e9nacit\u00e9, il a r\u00e9cemment obtenu une place de titulaire r\u00e9gulier en<br \/>\nBundesliga. <strong>C&rsquo;est un joueur tr\u00e8s positif, avec une<br \/>\nexcellente attitude<\/strong>. Avec son style de jeu intense, il<br \/>\nsera b\u00e9n\u00e9fique pour nous.\u00bb<\/p>\n<blockquote class=\"twitter-tweet\"><p><a class=\"twitter-link\" rel=\"noindex, nofollow noopener\" href=\"https:\/\/twitter.com\/FCSG_1879\/status\/1940081377728225452\" target=\"_blank\"><\/p><\/blockquote>\n<p style=\"text-align: right;\">DZfoot<\/p>\n<p><script async src=\"https:\/\/platform.twitter.com\/widgets.js\" charset=\"utf-8\"><\/script><\/p>\n","protected":false},"excerpt":{"rendered":"Binational alg\u00e9ro-allemand, Carlo Boukhalfa quitte la Bundesliga et Sankt Pauli pour rejoindre la Suisse, o\u00f9 il \u00e9voluera d\u00e9sormais&hellip;\n","protected":false},"author":2,"featured_media":219773,"comment_status":"","ping_status":"","sticky":false,"template":"","format":"standard","meta":{"footnotes":""},"categories":[1587],"tags":[11,672,1804,1805,1803,1777,674,1801,12,1802],"class_list":{"0":"post-219772","1":"post","2":"type-post","3":"status-publish","4":"format-standard","5":"has-post-thumbnail","7":"category-allemagne","8":"tag-actualites","9":"tag-allemagne","10":"tag-bundesrepublik-deutschland","11":"tag-de","12":"tag-deutschland","13":"tag-eu","14":"tag-europe","15":"tag-germany","16":"tag-news","17":"tag-republique-federale-dallemagne"},"share_on_mastodon":{"url":"https:\/\/pubeurope.com\/@fr\/114781649911120960","error":""},"_links":{"self":[{"href":"https:\/\/www.europesays.com\/fr\/wp-json\/wp\/v2\/posts\/219772","targetHints":{"allow":["GET"]}}],"collection":[{"href":"https:\/\/www.europesays.com\/fr\/wp-json\/wp\/v2\/posts"}],"about":[{"href":"https:\/\/www.europesays.com\/fr\/wp-json\/wp\/v2\/types\/post"}],"author":[{"embeddable":true,"href":"https:\/\/www.europesays.com\/fr\/wp-json\/wp\/v2\/users\/2"}],"replies":[{"embeddable":true,"href":"https:\/\/www.europesays.com\/fr\/wp-json\/wp\/v2\/comments?post=219772"}],"version-history":[{"count":0,"href":"https:\/\/www.europesays.com\/fr\/wp-json\/wp\/v2\/posts\/219772\/revisions"}],"wp:featuredmedia":[{"embeddable":true,"href":"https:\/\/www.europesays.com\/fr\/wp-json\/wp\/v2\/media\/219773"}],"wp:attachment":[{"href":"https:\/\/www.europesays.com\/fr\/wp-json\/wp\/v2\/media?parent=219772"}],"wp:term":[{"taxonomy":"category","embeddable":true,"href":"https:\/\/www.europesays.com\/fr\/wp-json\/wp\/v2\/categories?post=219772"},{"taxonomy":"post_tag","embeddable":true,"href":"https:\/\/www.europesays.com\/fr\/wp-json\/wp\/v2\/tags?post=219772"}],"curies":[{"name":"wp","href":"https:\/\/api.w.org\/{rel}","templated":true}]}}