{"id":219774,"date":"2025-07-02T04:02:14","date_gmt":"2025-07-02T04:02:14","guid":{"rendered":"https:\/\/www.europesays.com\/fr\/219774\/"},"modified":"2025-07-02T04:02:14","modified_gmt":"2025-07-02T04:02:14","slug":"le-logement-abordable-en-europe-au-programme-des-entretiens-dinxauseta-basque-country","status":"publish","type":"post","link":"https:\/\/www.europesays.com\/fr\/219774\/","title":{"rendered":"Le logement abordable en Europe au programme des Entretiens d&rsquo;Inxauseta | Basque Country"},"content":{"rendered":"<p>        <img decoding=\"async\" alt=\"Depuis 2001, les Entretiens d\u2019Inxauseta r\u00e9unissent, \u00e0 la fin de l\u2019\u00e9t\u00e9 \u00e0 Bunus, les principaux acteurs de l\u2019habitat pour, d\u00e9battre et faire des propositions. (Ici en 2022).\" height=\"684\" loading=\"lazy\"  src=\"https:\/\/www.europesays.com\/fr\/wp-content\/uploads\/2025\/07\/inxauseta-etxebizitza.JPG\"  width=\"1024\"\/>Depuis 2001, les Entretiens d\u2019Inxauseta r\u00e9unissent, \u00e0 la fin de l\u2019\u00e9t\u00e9 \u00e0 Bunus, les principaux acteurs de l\u2019habitat pour, d\u00e9battre et faire des propositions. (Ici en 2022). (\u00a9 Guillaume FAUVEAU )<\/p>\n<p>\u00ab L\u2019insuffisance de logements \u00e0 prix abordables n\u2019est pas qu\u2019un probl\u00e8me fran\u00e7ais \u00bb, estiment les organisateurs des Entretiens d\u2019Inxauseta, qui se tiendront cette ann\u00e9e le 29 ao\u00fbt \u00e0 Bunus, et dont le th\u00e8me 2025 est \u00ab Crise du logement abordable \u2013 Une urgence europ\u00e9enne \u00bb au programme. \u00ab Tous les pays europ\u00e9ens en souffrent, \u00e0 des degr\u00e9s diff\u00e9rents, pour des raisons souvent similaires. \u00bb<\/p>\n<p>La matin\u00e9e sera consacr\u00e9e \u00e0 des pr\u00e9sentations d\u2019experts et d\u2019acteurs de la situation du logement dans les diff\u00e9rents pays europ\u00e9ens et des solutions \u00e0 l\u2019essai ou envisag\u00e9es. L\u2019apr\u00e8s-midi sera occup\u00e9e par deux d\u00e9bats : Quel projet europ\u00e9en pour le logement abordable ? Les acteurs europ\u00e9ens et fran\u00e7ais qui construisent le projet et le mettront en \u0153uvre, pr\u00e9senteront leurs travaux et expliqueront quel pourrait \u00eatre l\u2019apport de l\u2019Europe \u00e0 la production de logements abordables ; \u00c0 la veille des municipales, l\u2019Europe un atout pour les territoires ?<\/p>\n<p>\u00c9lus et acteurs du secteur du logement dialogueront sur les strat\u00e9gies et sur l\u2019int\u00e9r\u00eat des apports europ\u00e9ens pour le d\u00e9veloppement du logement abordable dans les territoires. Val\u00e9rie L\u00e9tard, la ministre charg\u00e9e du Logement, cl\u00f4turera la journ\u00e9e.<\/p>\n","protected":false},"excerpt":{"rendered":"Depuis 2001, les Entretiens d\u2019Inxauseta r\u00e9unissent, \u00e0 la fin de l\u2019\u00e9t\u00e9 \u00e0 Bunus, les principaux acteurs de l\u2019habitat&hellip;\n","protected":false},"author":2,"featured_media":219775,"comment_status":"","ping_status":"","sticky":false,"template":"","format":"standard","meta":{"footnotes":""},"categories":[1586],"tags":[32358,11,11895,35888,1777,674,1011,27,35889,1908,12,5240,25],"class_list":{"0":"post-219774","1":"post","2":"type-post","3":"status-publish","4":"format-standard","5":"has-post-thumbnail","7":"category-europe","8":"tag-abordable","9":"tag-actualites","10":"tag-d","11":"tag-entretiens","12":"tag-eu","13":"tag-europe","14":"tag-fr","15":"tag-france","16":"tag-inxauseta","17":"tag-logement","18":"tag-news","19":"tag-programme","20":"tag-republique-francaise"},"share_on_mastodon":{"url":"https:\/\/pubeurope.com\/@fr\/114781653844487028","error":""},"_links":{"self":[{"href":"https:\/\/www.europesays.com\/fr\/wp-json\/wp\/v2\/posts\/219774","targetHints":{"allow":["GET"]}}],"collection":[{"href":"https:\/\/www.europesays.com\/fr\/wp-json\/wp\/v2\/posts"}],"about":[{"href":"https:\/\/www.europesays.com\/fr\/wp-json\/wp\/v2\/types\/post"}],"author":[{"embeddable":true,"href":"https:\/\/www.europesays.com\/fr\/wp-json\/wp\/v2\/users\/2"}],"replies":[{"embeddable":true,"href":"https:\/\/www.europesays.com\/fr\/wp-json\/wp\/v2\/comments?post=219774"}],"version-history":[{"count":0,"href":"https:\/\/www.europesays.com\/fr\/wp-json\/wp\/v2\/posts\/219774\/revisions"}],"wp:featuredmedia":[{"embeddable":true,"href":"https:\/\/www.europesays.com\/fr\/wp-json\/wp\/v2\/media\/219775"}],"wp:attachment":[{"href":"https:\/\/www.europesays.com\/fr\/wp-json\/wp\/v2\/media?parent=219774"}],"wp:term":[{"taxonomy":"category","embeddable":true,"href":"https:\/\/www.europesays.com\/fr\/wp-json\/wp\/v2\/categories?post=219774"},{"taxonomy":"post_tag","embeddable":true,"href":"https:\/\/www.europesays.com\/fr\/wp-json\/wp\/v2\/tags?post=219774"}],"curies":[{"name":"wp","href":"https:\/\/api.w.org\/{rel}","templated":true}]}}