{"id":21981,"date":"2025-04-13T10:57:09","date_gmt":"2025-04-13T10:57:09","guid":{"rendered":"https:\/\/www.europesays.com\/fr\/21981\/"},"modified":"2025-04-13T10:57:09","modified_gmt":"2025-04-13T10:57:09","slug":"un-bon-defi-releve-par-le-tvb-vainqueur-a-nice-et-qualifie-en-demi-finales","status":"publish","type":"post","link":"https:\/\/www.europesays.com\/fr\/21981\/","title":{"rendered":"\u00ab\u00a0Un bon d\u00e9fi\u00a0\u00bb relev\u00e9 par le TVB, vainqueur \u00e0 Nice et qualifi\u00e9 en demi-finales"},"content":{"rendered":"<p>De notre envoy\u00e9e sp\u00e9ciale \u00e0 Nice<\/p>\n<p><strong>Nice\u00a0&#8211; Tours\u00a0: 2-3<\/strong><\/p>\n<p>Qualifi\u00e9s pour les demi-finales de MSL, les Tourangeaux reconnaissaient ne pas avoir jou\u00e9 le meilleur match de leur saison ce samedi 12\u00a0avril 2025 \u00e0 Nice (2-3). Mais ils savouraient tout de m\u00eame d\u2019avoir assur\u00e9 l\u2019essentiel, quand c\u00f4t\u00e9 ni\u00e7ois, le coach Brice Donat se r\u00e9jouissait de finir la saison avec les honneurs.<strong\/><\/p>\n<p><strong>Marcelo Fronckowiak (entra\u00eeneur de Tours)\u00a0:<\/strong> \u00ab\u00a0On a fait l\u2019essentiel. Malgr\u00e9 tout, on a rat\u00e9 pas mal de challenges individuels. Chacun doit prendre ses responsabilit\u00e9s. Il faut que nous tous, y compris moi, on r\u00e9ponde pr\u00e9sent \u00e0 un moment donn\u00e9, qu\u2019on se pose les bonnes questions. Bien s\u00fbr, on se qualifie en trois matchs et il ne faut pas \u00eatre trop gourmand. Mais il n\u2019y a pas que la manchette, la passe, le service, il y a aussi l\u2019attitude.\u00a0\u00bb<\/p>\n<p><strong>Brice Donat (entra\u00eeneur de Nice)\u00a0: <\/strong>\u00ab\u00a0Cela se joue sur des d\u00e9tails, mais sur la physionomie du match, je suis tr\u00e8s content de l\u2019\u00e9tat d\u2019esprit, de l\u2019attitude de tout le monde, dans une salle pleine. On finit avec les honneurs, une belle image de l\u2019\u00e9quipe.\u00a0\u00bb<\/p>\n<p><strong>Zeljko Coric (capitaine de Tours)\u00a0:<\/strong> \u00ab\u00a0On savait que \u00e7a allait \u00eatre chaud, c\u2019\u00e9tait pr\u00e9vu, et je veux f\u00e9liciter l\u2019\u00e9quipe de Nice. C\u2019\u00e9tait un bon d\u00e9fi pour nous car c\u2019est le genre de match qui nous attend encore. Pendant le troisi\u00e8me et le quatri\u00e8me set, c\u2019\u00e9tait vraiment difficile, ils ont \u00e9t\u00e9 partout en d\u00e9fense, au block. Mais on a r\u00e9ussi \u00e0 se qualifier pour ces demi-finales.\u00a0\u00bb<\/p>\n<p><strong>Ryan Sclater (pointu de Tours)\u00a0: <\/strong>\u00ab\u00a0Nous n\u2019avons pas jou\u00e9 \u00e0 notre plus haut niveau, mais nous sommes rest\u00e9s ensemble pour aller chercher la victoire \u00e0 la fin. Les play-offs sont toujours difficiles et pour gagner, il faut que tout le monde contribue. On a maintenant douze jours de repos, on doit saisir l\u2019opportunit\u00e9 d\u2019am\u00e9liorer certaines choses.\u00a0\u00bb<\/p>\n<p><strong>Antoine Pothron (r\u00e9ceptionneur-attaquant de Tours)\u00a0:<\/strong> \u00ab\u00a0On ne fait pas un tr\u00e8s bon match. Moi, je joue tr\u00e8s mal. Mais \u00e0 la fin on s\u2019en sort, parce qu\u2019on reste solide sur les moments chauds. On est donc tr\u00e8s content de cette victoire parce qu\u2019il fallait gagner, peu importe le score. On l\u2019a fait, maintenant on va se reposer un peu et se concentrer sur la suite.\u00a0\u00bb<\/p>\n","protected":false},"excerpt":{"rendered":"De notre envoy\u00e9e sp\u00e9ciale \u00e0 Nice Nice\u00a0&#8211; Tours\u00a0: 2-3 Qualifi\u00e9s pour les demi-finales de MSL, les Tourangeaux reconnaissaient&hellip;\n","protected":false},"author":2,"featured_media":21982,"comment_status":"","ping_status":"","sticky":false,"template":"","format":"standard","meta":{"footnotes":""},"categories":[1417],"tags":[1392,1011,27,1387,1655,60,1390,1471,2767,1470,1469],"class_list":{"0":"post-21981","1":"post","2":"type-post","3":"status-publish","4":"format-standard","5":"has-post-thumbnail","7":"category-volley","8":"tag-a-la-une-local","9":"tag-fr","10":"tag-france","11":"tag-indre-et-loire","12":"tag-ligue-a","13":"tag-sports","14":"tag-tours","15":"tag-tours-volley-ball","16":"tag-tvb-37","17":"tag-volley","18":"tag-volleyball"},"share_on_mastodon":{"url":"https:\/\/pubeurope.com\/@fr\/114330300833585238","error":""},"_links":{"self":[{"href":"https:\/\/www.europesays.com\/fr\/wp-json\/wp\/v2\/posts\/21981","targetHints":{"allow":["GET"]}}],"collection":[{"href":"https:\/\/www.europesays.com\/fr\/wp-json\/wp\/v2\/posts"}],"about":[{"href":"https:\/\/www.europesays.com\/fr\/wp-json\/wp\/v2\/types\/post"}],"author":[{"embeddable":true,"href":"https:\/\/www.europesays.com\/fr\/wp-json\/wp\/v2\/users\/2"}],"replies":[{"embeddable":true,"href":"https:\/\/www.europesays.com\/fr\/wp-json\/wp\/v2\/comments?post=21981"}],"version-history":[{"count":0,"href":"https:\/\/www.europesays.com\/fr\/wp-json\/wp\/v2\/posts\/21981\/revisions"}],"wp:featuredmedia":[{"embeddable":true,"href":"https:\/\/www.europesays.com\/fr\/wp-json\/wp\/v2\/media\/21982"}],"wp:attachment":[{"href":"https:\/\/www.europesays.com\/fr\/wp-json\/wp\/v2\/media?parent=21981"}],"wp:term":[{"taxonomy":"category","embeddable":true,"href":"https:\/\/www.europesays.com\/fr\/wp-json\/wp\/v2\/categories?post=21981"},{"taxonomy":"post_tag","embeddable":true,"href":"https:\/\/www.europesays.com\/fr\/wp-json\/wp\/v2\/tags?post=21981"}],"curies":[{"name":"wp","href":"https:\/\/api.w.org\/{rel}","templated":true}]}}