{"id":219813,"date":"2025-07-02T04:25:12","date_gmt":"2025-07-02T04:25:12","guid":{"rendered":"https:\/\/www.europesays.com\/fr\/219813\/"},"modified":"2025-07-02T04:25:12","modified_gmt":"2025-07-02T04:25:12","slug":"boostee-pour-lia-cette-tablette-tactile-est-parfaite-pour-vous","status":"publish","type":"post","link":"https:\/\/www.europesays.com\/fr\/219813\/","title":{"rendered":"boost\u00e9e pour l\u2019IA, cette tablette tactile est parfaite pour vous"},"content":{"rendered":"<p>Pour lib\u00e9rer votre cr\u00e9ativit\u00e9 et booster votre productivit\u00e9, vous pouvez compter sur la nouvelle tablette tactile Lenovo Yoga Tab Plus.<\/p>\n<p>Aujourd\u2019hui, l\u2019intelligence artificielle est partout. Impossible d\u2019y \u00e9chapper, elle s\u2019immisce dans notre vie quotidienne. C\u2019est pourquoi Lenovo a d\u00e9cid\u00e9 de passer \u00e0 la vitesse sup\u00e9rieure avec sa nouvelle tablette tactile puissante, la Lenovo Yoga Tab Plus.<\/p>\n<p>Gr\u00e2ce \u00e0 la Lenovo Yoga Tab Plus, vous allez pouvoir laisser libre cours \u00e0 votre imagination, \u00e0 votre cr\u00e9ativit\u00e9 et \u00e0 votre productivit\u00e9. De quoi vous permettre d\u2019aller toujours plus loin pour r\u00e9ussir vos projets professionnels et vous divertir. Pendant la p\u00e9riode des soldes, Lenovo sacrifie son prix\u00a0: <a href=\"https:\/\/shop.01net.com\/go\/31014\/\" target=\"_blank\" rel=\"nofollow noopener\">la Lenovo Yoga Tab Plus b\u00e9n\u00e9ficie d\u2019une remise imm\u00e9diate de 200 euros des soldes d\u2019\u00e9t\u00e9<\/a>. C\u2019est maintenant ou jamais\u00a0!<\/p>\n<p class=\"comp-p not-prose\"><a class=\"comp-button\" href=\"https:\/\/shop.01net.com\/go\/31014\/\" target=\"_self\" rel=\"sponsored nofollow noopener\">Je veux la Lenovo Yoga Tab Plus \u00e0 la Fnac<\/a><\/p>\n<p>Lenovo Yoga Tab Plus\u00a0: la premi\u00e8re tablette avec l\u2019IA de Lenovo<\/p>\n<p>Pour une cr\u00e9ativit\u00e9 et une productivit\u00e9 sans limite et sans effort, Lenovo a imagin\u00e9 une tablette tactile d\u2019exception. La Lenovo Yoga Tab Plus est dot\u00e9e du remarquable processeur Snapdragon 8 Gen 3 Hexagon NPU de Qualcomm. Pour du multit\u00e2che plus intelligent, plus fluide, plus rapide et plus efficace, vous pouvez compter sur les performances 20 TOPS AI de la Lenovo Yoga Tab Plus.<\/p>\n<p>C\u2019est bien simple\u00a0: la nouvelle p\u00e9pite de Lenovo est con\u00e7ue pour l\u2019intelligence artificielle. Vous allez pouvoir facilement donner vie \u00e0 vos id\u00e9es, m\u00eame les plus folles. La Lenovo Yoga Tab Plus vous invite \u00e0 profiter d\u2019une assistance IA personnalis\u00e9e pour aller toujours plus loin, et mieux.<\/p>\n<p><img loading=\"lazy\" decoding=\"async\" class=\"size-full wp-image-1277188\" src=\"https:\/\/www.europesays.com\/fr\/wp-content\/uploads\/2025\/07\/lenovo-yoga-tab-plus-1.jpg\" alt=\"Lenovo Yoga Tab Plus\" width=\"1920\" height=\"1280\"  \/>\u00a9 Lenovo<\/p>\n<p>Avec Lenovo AI Now, aliment\u00e9 par des mod\u00e8les LLM int\u00e9gr\u00e9s localement sur votre nouvelle tablette, votre productivit\u00e9 est boost\u00e9e. L\u2019intelligence artificielle est \u00e0 votre service pour vous faire gagner du temps en g\u00e9n\u00e9rant des r\u00e9sum\u00e9s de rapports longs et d\u00e9taill\u00e9s, en vous fournissant des suggestions personnalis\u00e9es pr\u00e9cises et appropri\u00e9es ou en vous aidant \u00e0 trouver des documents d\u2019un claquement de doigts. L\u2019intelligence artificielle s\u2019adapte \u00e0 vous et \u00e0 vos besoins, et cela fait toute la diff\u00e9rence au quotidien. Votre travail est plus fluide, et vous \u00eates assur\u00e9ment plus productif. Pour traduire et pour prendre des notes, la Lenovo Yoga Tab Plus est un alli\u00e9 infaillible.<\/p>\n<p>Lenovo a pens\u00e9 \u00e0 tout\u00a0: la Lenovo Yoga Tab Plus assure une flexibilit\u00e9 sans \u00e9gale avec la possibilit\u00e9 de basculer entre un traitement local rapide et l\u2019IA cloud. Dans les transports, hors connexion, au bureau ou \u00e0 la maison, vous avez toujours une assistance personnalis\u00e9e sous la main pour des r\u00e9sultats instantan\u00e9s dans toutes les situations. Le stylet Lenovo Tab Pen Pro vous promet une pr\u00e9cision et une fluidit\u00e9 pour dessiner ou \u00e9crire, tandis que l\u2019IA hybride s\u2019adapte \u00e0 vous et \u00e0 votre style. Lenovo AI Now et d\u2019autres outils d\u2019IA intuitifs \u00e0 l\u2019instar d\u2019Adobe Express et Lightroom am\u00e9liorent significativement votre processus cr\u00e9atif. Inclus, le pack clavier 2-en-1 et sa touche IA int\u00e9gr\u00e9e donne un coup de fouet bien m\u00e9rit\u00e9 \u00e0 votre productivit\u00e9.<\/p>\n<p>Avec la nouvelle Lenovo Yoga Tab Plus boost\u00e9e pour l\u2019intelligence artificielle, le fabricant promet une v\u00e9ritable r\u00e9volution au quotidien. Outre ses performances, cette tablette tactile inou\u00efe est pens\u00e9e pour vous en mettre plein la vue. Pour cr\u00e9er, regarder des s\u00e9ries ou jouer en ligne, la Lenovo Yoga Tab Plus arbore un splendide \u00e9cran LCD de 12,7 pouces avec une r\u00e9solution 4K, un taux de rafra\u00eechissement de 144 Hz pour une fluidit\u00e9 extraordinaire ainsi qu\u2019une luminosit\u00e9 pouvant atteindre 9000 nits. L\u2019exp\u00e9rience visuelle propos\u00e9e par la Lenovo Yoga Tab Plus fait r\u00eaver. Lenovo passe au niveau sup\u00e9rieur avec une qualit\u00e9 audio d\u2019un luxe renversant, gr\u00e2ce \u00e0 des haut-parleurs Harman Kardon, (avec 4 woofers et 2 tweeters) et la technologie Dolby Atmos.<\/p>\n<p><img loading=\"lazy\" decoding=\"async\" class=\"size-full wp-image-1277189\" src=\"https:\/\/www.europesays.com\/fr\/wp-content\/uploads\/2025\/07\/yoga-tab-plus-lenovo.jpg\" alt=\"Yoga Tab Plus Lenovo\" width=\"1920\" height=\"1280\"  \/>\u00a9 Lenovo<br \/>\nD\u00e9j\u00e0 -200\u20ac sur la nouvelle tablette Lenovo Yoga Tab Plus boost\u00e9e pour l\u2019IA<\/p>\n<p>La Lenovo Yoga Tab Plus est un concentr\u00e9 de technologie. Cette merveille deviendra votre meilleur alli\u00e9 du quotidien. Bonne nouvelle\u00a0? Lenovo a choisi de profiter des soldes \u00e0 la Fnac pour vous permettre de faire quelques \u00e9conomies sur cette p\u00e9pite.<\/p>\n<p>Jusqu\u2019au 22 juillet 2025, son prix profite d\u2019une remise imm\u00e9diate de 200 euros, et vous avez m\u00eame droit \u00e0 Deezer Premium, Duo ou Famille offert pendant 3 mois. Il serait dommage de passer \u00e0 c\u00f4t\u00e9 de cette offre folle. Ainsi, pendant seulement quelques jours, <a href=\"https:\/\/shop.01net.com\/go\/31014\/\" target=\"_blank\" rel=\"nofollow noopener\">l\u2019incroyable Lenovo Yoga Tab Plus vous revient \u00e0 699,90 euros au lieu de 899,99 euros pendant les soldes<\/a>. Faites-vous plaisir d\u00e8s maintenant \u00e0 la Fnac.<\/p>\n<p class=\"comp-p not-prose\"><a class=\"comp-button\" href=\"https:\/\/shop.01net.com\/go\/31014\/\" target=\"_self\" rel=\"sponsored nofollow noopener\">Je veux la Lenovo Yoga Tab Plus \u00e0 la Fnac<\/a><\/p>\n<blockquote>\n<p class=\"text-base text-neutral-700 dark:text-neutral-300\">\ud83d\udd34 Pour ne manquer aucune actualit\u00e9 de 01net, suivez-nous sur <a href=\"https:\/\/news.google.com\/publications\/CAAqBwgKMJPsvAswoIfUAw?hl=fr&amp;gl=FR&amp;ceid=FR%3Afr\" target=\"_blank\" rel=\"nofollow noopener\">Google Actualit\u00e9s<\/a> et <a href=\"https:\/\/whatsapp.com\/channel\/0029VaH5gKg6xCSG9nQQhQ1Z\" target=\"_blank\" rel=\"nofollow noopener\">WhatsApp<\/a>.<\/p>\n<\/blockquote>\n<p class=\"text-right uppercase text-sm font-light\">\n            En partenariat avec Lenovo\n          <\/p>\n","protected":false},"excerpt":{"rendered":"Pour lib\u00e9rer votre cr\u00e9ativit\u00e9 et booster votre productivit\u00e9, vous pouvez compter sur la nouvelle tablette tactile Lenovo Yoga&hellip;\n","protected":false},"author":2,"featured_media":219814,"comment_status":"","ping_status":"","sticky":false,"template":"","format":"standard","meta":{"footnotes":""},"categories":[7],"tags":[1011,27,43,40,41,39,42,44],"class_list":{"0":"post-219813","1":"post","2":"type-post","3":"status-publish","4":"format-standard","5":"has-post-thumbnail","7":"category-sciences-et-technologies","8":"tag-fr","9":"tag-france","10":"tag-science","11":"tag-science-and-technology","12":"tag-sciences","13":"tag-sciences-et-technologies","14":"tag-technologies","15":"tag-technology"},"share_on_mastodon":{"url":"https:\/\/pubeurope.com\/@fr\/114781744668116607","error":""},"_links":{"self":[{"href":"https:\/\/www.europesays.com\/fr\/wp-json\/wp\/v2\/posts\/219813","targetHints":{"allow":["GET"]}}],"collection":[{"href":"https:\/\/www.europesays.com\/fr\/wp-json\/wp\/v2\/posts"}],"about":[{"href":"https:\/\/www.europesays.com\/fr\/wp-json\/wp\/v2\/types\/post"}],"author":[{"embeddable":true,"href":"https:\/\/www.europesays.com\/fr\/wp-json\/wp\/v2\/users\/2"}],"replies":[{"embeddable":true,"href":"https:\/\/www.europesays.com\/fr\/wp-json\/wp\/v2\/comments?post=219813"}],"version-history":[{"count":0,"href":"https:\/\/www.europesays.com\/fr\/wp-json\/wp\/v2\/posts\/219813\/revisions"}],"wp:featuredmedia":[{"embeddable":true,"href":"https:\/\/www.europesays.com\/fr\/wp-json\/wp\/v2\/media\/219814"}],"wp:attachment":[{"href":"https:\/\/www.europesays.com\/fr\/wp-json\/wp\/v2\/media?parent=219813"}],"wp:term":[{"taxonomy":"category","embeddable":true,"href":"https:\/\/www.europesays.com\/fr\/wp-json\/wp\/v2\/categories?post=219813"},{"taxonomy":"post_tag","embeddable":true,"href":"https:\/\/www.europesays.com\/fr\/wp-json\/wp\/v2\/tags?post=219813"}],"curies":[{"name":"wp","href":"https:\/\/api.w.org\/{rel}","templated":true}]}}