{"id":219815,"date":"2025-07-02T04:26:11","date_gmt":"2025-07-02T04:26:11","guid":{"rendered":"https:\/\/www.europesays.com\/fr\/219815\/"},"modified":"2025-07-02T04:26:11","modified_gmt":"2025-07-02T04:26:11","slug":"greve-en-france-des-salaries-du-geant-du-meuble-en-colere-sur-letat-du-dialogue-social","status":"publish","type":"post","link":"https:\/\/www.europesays.com\/fr\/219815\/","title":{"rendered":"Gr\u00e8ve en France des salari\u00e9s du g\u00e9ant du meuble, en col\u00e8re sur l\u2019\u00e9tat du dialogue social"},"content":{"rendered":"<p>La tension est vive chez <a href=\"https:\/\/www.20minutes.fr\/dossier\/ikea\" target=\"_blank\" class=\"color-ultramarine c-link\" rel=\"nofollow noopener\">Ikea<\/a> autour des questions de r\u00e9mun\u00e9ration et de conditions de travail. Plusieurs centaines de salari\u00e9s du g\u00e9ant du meuble se sont mis en <a href=\"https:\/\/www.20minutes.fr\/dossier\/greve\" target=\"_blank\" class=\"color-ultramarine c-link\" rel=\"nofollow noopener\">gr\u00e8ve<\/a> mardi dans plusieurs villes de France, pour d\u00e9noncer notamment une \u00ab\u00a0d\u00e9gradation du dialogue social\u00a0\u00bb avec la direction.<\/p>\n<p>Le mouvement a rassembl\u00e9 \u00ab\u00a025\u00a0% de gr\u00e9vistes sur les effectifs pr\u00e9sents\u00a0\u00bb dans 19 magasins, selon Abdelkader Mekki Daouadji, d\u00e9l\u00e9gu\u00e9 de la <a href=\"https:\/\/www.20minutes.fr\/dossier\/cfdt\" target=\"_blank\" class=\"color-ultramarine c-link\" rel=\"nofollow noopener\">CFDT<\/a>. Aucune enseigne n\u2019a ferm\u00e9 mais des d\u00e9brayages ont eu lieu dans certains services de l\u2019entreprise su\u00e9doise, qui compte 36 magasins et 12.000 employ\u00e9s en France.<\/p>\n<p>Des acquis sociaux \u00ab\u00a0remis en cause\u00a0\u00bb<\/p>\n<p>La CFDT, la <a href=\"https:\/\/www.20minutes.fr\/dossier\/cgt\" target=\"_blank\" class=\"color-ultramarine c-link\" rel=\"nofollow noopener\">CGT<\/a> et FO ont d\u00e9nonc\u00e9 dans un communiqu\u00e9 la \u00ab\u00a0posture\u00a0\u00bb de la direction dans le cadre des n\u00e9gociations annuelles obligatoires (NAO) sur la r\u00e9mun\u00e9ration. Ils pointent une absence d\u2019augmentation collective des salaires, des conditions de travail \u00ab\u00a0en nette d\u00e9gradation\u00a0\u00bb et des acquis sociaux \u00ab\u00a0remis en cause\u00a0\u00bb.<\/p>\n<\/p>\n<p>Ikea France estime de son c\u00f4t\u00e9 que les r\u00e9unions de NAO \u00ab\u00a0se sont d\u00e9roul\u00e9es conform\u00e9ment au calendrier social\u00a0\u00bb.<\/p>\n<p><a href=\"https:\/\/www.20minutes.fr\/economie\/\" target=\"_blank\" class=\"c-link c-btn c-btn--primary\" rel=\"nofollow noopener\">Notre dossier \u00c9conomie<\/a><\/p>\n<p>L\u2019enseigne su\u00e9doise a \u00e9t\u00e9 vis\u00e9e par diff\u00e9rents mouvements de gr\u00e8ve depuis le d\u00e9but de l\u2019ann\u00e9e dans d\u2019autres pays, comme les Pays-Bas, l\u2019Italie ou le Canada, portant sur le niveau des salaires et les conditions de travail.<\/p>\n","protected":false},"excerpt":{"rendered":"La tension est vive chez Ikea autour des questions de r\u00e9mun\u00e9ration et de conditions de travail. Plusieurs centaines&hellip;\n","protected":false},"author":2,"featured_media":219816,"comment_status":"","ping_status":"","sticky":false,"template":"","format":"standard","meta":{"footnotes":""},"categories":[6],"tags":[47,35,1270,1271,33,34,13919,1011,27,6151,714,12771,14099,11564,133],"class_list":{"0":"post-219815","1":"post","2":"type-post","3":"status-publish","4":"format-standard","5":"has-post-thumbnail","7":"category-economie","8":"tag-actualite","9":"tag-business","10":"tag-cfdt","11":"tag-cgt","12":"tag-economie","13":"tag-economy","14":"tag-fo","15":"tag-fr","16":"tag-france","17":"tag-greve","18":"tag-ikea","19":"tag-mouvements-sociaux","20":"tag-salaire","21":"tag-syndicat","22":"tag-video"},"share_on_mastodon":{"url":"https:\/\/pubeurope.com\/@fr\/114781748207043966","error":""},"_links":{"self":[{"href":"https:\/\/www.europesays.com\/fr\/wp-json\/wp\/v2\/posts\/219815","targetHints":{"allow":["GET"]}}],"collection":[{"href":"https:\/\/www.europesays.com\/fr\/wp-json\/wp\/v2\/posts"}],"about":[{"href":"https:\/\/www.europesays.com\/fr\/wp-json\/wp\/v2\/types\/post"}],"author":[{"embeddable":true,"href":"https:\/\/www.europesays.com\/fr\/wp-json\/wp\/v2\/users\/2"}],"replies":[{"embeddable":true,"href":"https:\/\/www.europesays.com\/fr\/wp-json\/wp\/v2\/comments?post=219815"}],"version-history":[{"count":0,"href":"https:\/\/www.europesays.com\/fr\/wp-json\/wp\/v2\/posts\/219815\/revisions"}],"wp:featuredmedia":[{"embeddable":true,"href":"https:\/\/www.europesays.com\/fr\/wp-json\/wp\/v2\/media\/219816"}],"wp:attachment":[{"href":"https:\/\/www.europesays.com\/fr\/wp-json\/wp\/v2\/media?parent=219815"}],"wp:term":[{"taxonomy":"category","embeddable":true,"href":"https:\/\/www.europesays.com\/fr\/wp-json\/wp\/v2\/categories?post=219815"},{"taxonomy":"post_tag","embeddable":true,"href":"https:\/\/www.europesays.com\/fr\/wp-json\/wp\/v2\/tags?post=219815"}],"curies":[{"name":"wp","href":"https:\/\/api.w.org\/{rel}","templated":true}]}}