{"id":219818,"date":"2025-07-02T04:28:12","date_gmt":"2025-07-02T04:28:12","guid":{"rendered":"https:\/\/www.europesays.com\/fr\/219818\/"},"modified":"2025-07-02T04:28:12","modified_gmt":"2025-07-02T04:28:12","slug":"lfi-prend-ses-distances-avec-sebastien-delogu-apres-ses-propos-en-algerie","status":"publish","type":"post","link":"https:\/\/www.europesays.com\/fr\/219818\/","title":{"rendered":"LFI prend ses distances avec S\u00e9bastien Delogu apr\u00e8s ses propos en Alg\u00e9rie"},"content":{"rendered":"<p>        <img decoding=\"async\" loading=\"lazy\" src=\"https:\/\/www.europesays.com\/fr\/wp-content\/uploads\/2025\/07\/9aee115_upload-1-ecqxo3agt3fb-000-48em9t8.jpg\"  width=\"728\" height=\"409\" alt=\"LFI prend ses distances avec S\u00e9bastien Delogu apr\u00e8s ses propos en Alg\u00e9rie, tenus lundi 30\u00a0juin.\"\/>  <\/p>\n<p>THIBAUD MORITZ \/ AFP<\/p>\n<p>LFI prend ses distances avec S\u00e9bastien Delogu apr\u00e8s ses propos en Alg\u00e9rie, tenus lundi 30\u00a0juin.<\/p>\n<p class=\"asset asset-text\">POLITIQUE &#8211; D\u00e9savou\u00e9. Le d\u00e9put\u00e9 LFI<a href=\"https:\/\/www.huffingtonpost.fr\/politique\/article\/sebastien-delogu-condamne-a-marseille-pour-avoir-frappe-un-cpe-et-un-proviseur-adjoint_246203.html\" target=\"_blank\" rel=\"noopener\">\u00a0S\u00e9bastien\u00a0Delogu<\/a>\u00a0a pr\u00f4n\u00e9 lundi 30\u00a0juin un dialogue \u00ab\u00a0d\u2019\u00e9gal \u00e0 \u00e9gal\u00a0\u00bb avec l\u2019<a href=\"https:\/\/www.huffingtonpost.fr\/medias\/article\/comment-christophe-gleizes-condamne-a-7-ans-de-prison-en-algerie-est-devenu-un-pilier-de-so-foot_252072.html\" target=\"_blank\" rel=\"noopener\">Alg\u00e9rie<\/a>, apr\u00e8s avoir rencontr\u00e9 des parlementaires \u00e0 Alger, alors que la France et l\u2019Alg\u00e9rie traversent l\u2019une des pires crises diplomatiques de leur histoire. Le parti de <a href=\"https:\/\/www.huffingtonpost.fr\/politique\/video\/ce-qu-a-vraiment-dit-jean-luc-melenchon-sur-la-langue-francaise-et-pourquoi-ca-fait-polemique_251739.html\" target=\"_blank\" rel=\"noopener\">Jean-Luc M\u00e9lenchon <\/a>a d\u00e9cid\u00e9 ce mardi 1er\u00a0juillet de prendre ses distances avec l\u2019\u00e9lu Insoumis des Bouches-du-Rh\u00f4ne.<\/p>\n<p class=\"asset asset-text\">\u00ab\u00a0Le d\u00e9put\u00e9 S\u00e9bastien Delogu s\u2019est exprim\u00e9 de fa\u00e7on personnelle en Alg\u00e9rie. Il n\u2019engage ni les groupes parlementaires de la France insoumise, ni le mouvement\u00a0\u00bb, a ainsi d\u00e9clar\u00e9 LFI dans un message laconique, publi\u00e9 sur son compte officiel X.<\/p>\n<p class=\"asset asset-text\">En visite depuis jeudi en Alg\u00e9rie, le parlementaire avait expliqu\u00e9 \u00eatre venu \u00ab\u00a0exprimer le fait qu\u2019il y a une autre voie en France, celle du respect\u00a0\u00bb et que \u00ab\u00a0quand on s\u2019exprime, on doit parler d\u2019\u00e9gal \u00e0 \u00e9gal\u00a0\u00bb. Apr\u00e8s avoir \u00e9chang\u00e9 avec des d\u00e9put\u00e9s de l\u2019Assembl\u00e9e nationale populaire, il a ensuite rappel\u00e9 qu\u2019\u00ab\u00a0il y a la mer M\u00e9diterran\u00e9e qui nous lie, il y a notre histoire commune avec le peuple alg\u00e9rien\u00a0\u00bb.<\/p>\n<p>    Bruno Retailleau cibl\u00e9    <\/p>\n<p class=\"asset asset-text\">\u00ab\u00a0Des millions de Fran\u00e7aises et de Fran\u00e7ais se sentent insult\u00e9s face aux invectives incessantes de certains ministres fran\u00e7ais\u00a0\u00bb, a-t-il affirm\u00e9. Le ministre de l\u2019Int\u00e9rieur Bruno Retailleau a \u00e9t\u00e9 accus\u00e9 nomm\u00e9ment par le pouvoir alg\u00e9rien de mener une cabale contre l\u2019Alg\u00e9rie.<\/p>\n<p class=\"asset asset-text\">S\u00e9bastien\u00a0Delogu\u00a0a indiqu\u00e9 \u00eatre \u00ab\u00a0venu dire qu\u2019il y a une autre voie, celle du respect, de la souverainet\u00e9 et du respect du droit international\u00a0\u00bb.\u00a0Il a appel\u00e9 le peuple alg\u00e9rien \u00e0 \u00ab\u00a0rester concentr\u00e9 sur les valeurs qui sont les siennes\u00a0\u00bb, en \u00e9tant \u00ab\u00a0conscient que les \u00e9lections c\u2019est cyclique\u00a0\u00bb. Selon lui, la gauche radicale fera \u00ab\u00a0d\u00e9gager (la majorit\u00e9 au pouvoir, ndlr) pour essayer d\u2019apporter cette autre voie\u00a0\u00bb dans cinq ans.<\/p>\n<p>    Pas un mot sur Boualem Sansal et Christophe Gleizes    <\/p>\n<p class=\"asset asset-text\">La brouille entre Paris et Alger a \u00e9clat\u00e9 apr\u00e8s la reconnaissance par Paris d\u2019un plan sous souverainet\u00e9 marocaine pour le Sahara occidental, o\u00f9 Alger soutient les ind\u00e9pendantistes du Polisario oppos\u00e9s depuis 50\u00a0ans au Maroc, qui contr\u00f4le l\u2019essentiel de ce territoire non autonome au regard de l\u2019ONU.<\/p>\n<p class=\"asset asset-text\">La crise s\u2019est aggrav\u00e9e apr\u00e8s l\u2019arrestation \u00e0 Alger de l\u2019\u00e9crivain franco-alg\u00e9rien Boualem Sansal, condamn\u00e9 fin mars \u00e0 cinq ans de prison ferme pour des d\u00e9clarations \u00e0 un m\u00e9dia fran\u00e7ais d\u2019extr\u00eame-droite reprenant la position marocaine sur les fronti\u00e8res h\u00e9rit\u00e9es de la colonisation fran\u00e7aise.<\/p>\n<p class=\"asset asset-text\">Sebastien Delogu\u00a0n\u2019a pas pu \u00eatre interrog\u00e9 par l\u2019AFP, qui ne pr\u00e9cise pas les raisons, sur le cas Sansal ni celui du journaliste sportif fran\u00e7ais <a href=\"https:\/\/www.huffingtonpost.fr\/medias\/article\/comment-christophe-gleizes-condamne-a-7-ans-de-prison-en-algerie-est-devenu-un-pilier-de-so-foot_252072.html\" target=\"_blank\" rel=\"noopener\">Christophe Gleizes<\/a>, condamn\u00e9 dimanche \u00e0 sept ans de prison ferme notamment pour \u00ab\u00a0apologie du terrorisme\u00a0\u00bb.\u00a0De son c\u00f4t\u00e9, LFI a en revanche r\u00e9clam\u00e9 la \u00ab\u00a0lib\u00e9ration imm\u00e9diate\u00a0\u00bb du journaliste et de l\u2019\u00e9crivain.<\/p>\n","protected":false},"excerpt":{"rendered":"THIBAUD MORITZ \/ AFP LFI prend ses distances avec S\u00e9bastien Delogu apr\u00e8s ses propos en Alg\u00e9rie, tenus lundi&hellip;\n","protected":false},"author":2,"featured_media":219819,"comment_status":"","ping_status":"","sticky":false,"template":"","format":"standard","meta":{"footnotes":""},"categories":[4],"tags":[11,15,1011,27,1023,12,316,25],"class_list":{"0":"post-219818","1":"post","2":"type-post","3":"status-publish","4":"format-standard","5":"has-post-thumbnail","7":"category-france","8":"tag-actualites","9":"tag-algerie","10":"tag-fr","11":"tag-france","12":"tag-la-france-insoumise-lfi","13":"tag-news","14":"tag-politique","15":"tag-republique-francaise"},"share_on_mastodon":{"url":"https:\/\/pubeurope.com\/@fr\/114781756046590134","error":""},"_links":{"self":[{"href":"https:\/\/www.europesays.com\/fr\/wp-json\/wp\/v2\/posts\/219818","targetHints":{"allow":["GET"]}}],"collection":[{"href":"https:\/\/www.europesays.com\/fr\/wp-json\/wp\/v2\/posts"}],"about":[{"href":"https:\/\/www.europesays.com\/fr\/wp-json\/wp\/v2\/types\/post"}],"author":[{"embeddable":true,"href":"https:\/\/www.europesays.com\/fr\/wp-json\/wp\/v2\/users\/2"}],"replies":[{"embeddable":true,"href":"https:\/\/www.europesays.com\/fr\/wp-json\/wp\/v2\/comments?post=219818"}],"version-history":[{"count":0,"href":"https:\/\/www.europesays.com\/fr\/wp-json\/wp\/v2\/posts\/219818\/revisions"}],"wp:featuredmedia":[{"embeddable":true,"href":"https:\/\/www.europesays.com\/fr\/wp-json\/wp\/v2\/media\/219819"}],"wp:attachment":[{"href":"https:\/\/www.europesays.com\/fr\/wp-json\/wp\/v2\/media?parent=219818"}],"wp:term":[{"taxonomy":"category","embeddable":true,"href":"https:\/\/www.europesays.com\/fr\/wp-json\/wp\/v2\/categories?post=219818"},{"taxonomy":"post_tag","embeddable":true,"href":"https:\/\/www.europesays.com\/fr\/wp-json\/wp\/v2\/tags?post=219818"}],"curies":[{"name":"wp","href":"https:\/\/api.w.org\/{rel}","templated":true}]}}