{"id":219824,"date":"2025-07-02T04:31:12","date_gmt":"2025-07-02T04:31:12","guid":{"rendered":"https:\/\/www.europesays.com\/fr\/219824\/"},"modified":"2025-07-02T04:31:12","modified_gmt":"2025-07-02T04:31:12","slug":"si-vous-voulez-ma-place-il-va-falloir-etre-plus-resistant","status":"publish","type":"post","link":"https:\/\/www.europesays.com\/fr\/219824\/","title":{"rendered":"\u00ab\u00a0Si vous voulez ma place, il va falloir \u00eatre plus r\u00e9sistant\u00a0\u00bb"},"content":{"rendered":"<p>\u00ab\u00a0Je suis responsable de la guerre en Ukraine, \u00e0 Gaza, et aujourd\u2019hui, je suis responsable du soleil dans toute la France.\u00a0\u00bb <a href=\"https:\/\/www.leprogres.fr\/p\/gael-perdriau\" target=\"_blank\" rel=\"nofollow noopener\">Ga\u00ebl Perdriau<\/a> n\u2019a pas \u00e9t\u00e9 tr\u00e8s impressionn\u00e9 par les deux premi\u00e8res attaques qui l\u2019ont vis\u00e9, lundi, en tout d\u00e9but de conseil municipal.<\/p>\n<p>Au milieu des ventilateurs, qui avaient grande peine \u00e0 faire baisser la temp\u00e9rature, l\u2019\u00e9cologiste Olivier Longeon a rappel\u00e9, sans regret, que ce conseil \u00e9tait le dernier <a href=\"https:\/\/www.leprogres.fr\/faits-divers-justice\/2025\/06\/06\/sextape-gael-perdriau-au-tribunal-en-septembre-avec-sept-co-prevenus\" target=\"_blank\" rel=\"nofollow noopener\">avant le proc\u00e8s de Ga\u00ebl Perdriau et des autres pr\u00e9venus<\/a>, dans l\u2019affaire du pr\u00e9sum\u00e9 chantage \u00e0 la sextape, pr\u00e9vu du 22 au 29\u00a0septembre \u00e0 Lyon.<\/p>\n<p>Laetitia Valentin (Saint-Etienne Demain) a, quant \u00e0 elle, reproch\u00e9 au maire sa politique en mati\u00e8re d\u2019\u00e9cologie et sa gestion de la canicule.<\/p>\n<p>Deux prises de paroles qui ont laiss\u00e9 de marbre le maire, ma\u00eetre de ses nerfs. Il lui en faut plus que cela pour les perdre\u00a0: \u00ab\u00a0Si vous voulez prendre ma place, il va falloir \u00eatre un peu plus r\u00e9sistant parce que, \u00e0 c\u00f4t\u00e9, la canicule, ce n\u2019est rien.\u00a0\u00bb<\/p>\n<p>Nicole Peycelon\u00a0: \u00ab\u00a0On&#8230;                <\/p>\n","protected":false},"excerpt":{"rendered":"\u00ab\u00a0Je suis responsable de la guerre en Ukraine, \u00e0 Gaza, et aujourd\u2019hui, je suis responsable du soleil dans&hellip;\n","protected":false},"author":2,"featured_media":219825,"comment_status":"","ping_status":"","sticky":false,"template":"","format":"standard","meta":{"footnotes":""},"categories":[9653],"tags":[1111,11,2430,1984,7539,1777,674,1011,27,12,316,25,4001,7538],"class_list":{"0":"post-219824","1":"post","2":"type-post","3":"status-publish","4":"format-standard","5":"has-post-thumbnail","7":"category-saint-etienne","8":"tag-actu","9":"tag-actualites","10":"tag-auvergne-rhone-alpes","11":"tag-conseil-municipal","12":"tag-edition-loire-sud","13":"tag-eu","14":"tag-europe","15":"tag-fr","16":"tag-france","17":"tag-news","18":"tag-politique","19":"tag-republique-francaise","20":"tag-saint-etienne","21":"tag-saint-etienne-ville"},"share_on_mastodon":{"url":"https:\/\/pubeurope.com\/@fr\/114781767997778604","error":""},"_links":{"self":[{"href":"https:\/\/www.europesays.com\/fr\/wp-json\/wp\/v2\/posts\/219824","targetHints":{"allow":["GET"]}}],"collection":[{"href":"https:\/\/www.europesays.com\/fr\/wp-json\/wp\/v2\/posts"}],"about":[{"href":"https:\/\/www.europesays.com\/fr\/wp-json\/wp\/v2\/types\/post"}],"author":[{"embeddable":true,"href":"https:\/\/www.europesays.com\/fr\/wp-json\/wp\/v2\/users\/2"}],"replies":[{"embeddable":true,"href":"https:\/\/www.europesays.com\/fr\/wp-json\/wp\/v2\/comments?post=219824"}],"version-history":[{"count":0,"href":"https:\/\/www.europesays.com\/fr\/wp-json\/wp\/v2\/posts\/219824\/revisions"}],"wp:featuredmedia":[{"embeddable":true,"href":"https:\/\/www.europesays.com\/fr\/wp-json\/wp\/v2\/media\/219825"}],"wp:attachment":[{"href":"https:\/\/www.europesays.com\/fr\/wp-json\/wp\/v2\/media?parent=219824"}],"wp:term":[{"taxonomy":"category","embeddable":true,"href":"https:\/\/www.europesays.com\/fr\/wp-json\/wp\/v2\/categories?post=219824"},{"taxonomy":"post_tag","embeddable":true,"href":"https:\/\/www.europesays.com\/fr\/wp-json\/wp\/v2\/tags?post=219824"}],"curies":[{"name":"wp","href":"https:\/\/api.w.org\/{rel}","templated":true}]}}