{"id":219826,"date":"2025-07-02T04:32:11","date_gmt":"2025-07-02T04:32:11","guid":{"rendered":"https:\/\/www.europesays.com\/fr\/219826\/"},"modified":"2025-07-02T04:32:11","modified_gmt":"2025-07-02T04:32:11","slug":"laccueil-periscolaire-change-a-la-rentree-ce-que-lon-sait","status":"publish","type":"post","link":"https:\/\/www.europesays.com\/fr\/219826\/","title":{"rendered":"l&rsquo;accueil p\u00e9riscolaire change \u00e0 la rentr\u00e9e, ce que l&rsquo;on sait"},"content":{"rendered":"<p>Ils ont eu droit aux \u00e9mouvants adieux. Les kermesses servent aussi \u00e0 \u00e7a, adresser des \u00ab\u00a0au revoir et bon vent\u00a0\u00bb aux \u00e9coliers en partance pour le CP ou la 6e, aux enseignants en partance pour ailleurs ou la retraite, aux agents du p\u00e9riscolaire qui ont accueilli et occup\u00e9 les enfants matin, midi et soir.<\/p>\n<p>Davantage qu\u2019\u00e0 l\u2019issue des pr\u00e9c\u00e9dents \u00e9t\u00e9s, certains&#8230;<\/p>\n","protected":false},"excerpt":{"rendered":"Ils ont eu droit aux \u00e9mouvants adieux. Les kermesses servent aussi \u00e0 \u00e7a, adresser des \u00ab\u00a0au revoir et&hellip;\n","protected":false},"author":2,"featured_media":219827,"comment_status":"","ping_status":"","sticky":false,"template":"","format":"standard","meta":{"footnotes":""},"categories":[9635],"tags":[1111,11,1704,1057,1777,674,1011,27,775,10425,1702,1703,12,316,25,104],"class_list":{"0":"post-219826","1":"post","2":"type-post","3":"status-publish","4":"format-standard","5":"has-post-thumbnail","7":"category-nancy","8":"tag-actu","9":"tag-actualites","10":"tag-edition-nancy-et-agglomeration","11":"tag-education","12":"tag-eu","13":"tag-europe","14":"tag-fr","15":"tag-france","16":"tag-grand-est","17":"tag-maternelle-elementaire","18":"tag-nancy","19":"tag-nancy-ville-54b","20":"tag-news","21":"tag-politique","22":"tag-republique-francaise","23":"tag-societe"},"share_on_mastodon":{"url":"https:\/\/pubeurope.com\/@fr\/114781771792026798","error":""},"_links":{"self":[{"href":"https:\/\/www.europesays.com\/fr\/wp-json\/wp\/v2\/posts\/219826","targetHints":{"allow":["GET"]}}],"collection":[{"href":"https:\/\/www.europesays.com\/fr\/wp-json\/wp\/v2\/posts"}],"about":[{"href":"https:\/\/www.europesays.com\/fr\/wp-json\/wp\/v2\/types\/post"}],"author":[{"embeddable":true,"href":"https:\/\/www.europesays.com\/fr\/wp-json\/wp\/v2\/users\/2"}],"replies":[{"embeddable":true,"href":"https:\/\/www.europesays.com\/fr\/wp-json\/wp\/v2\/comments?post=219826"}],"version-history":[{"count":0,"href":"https:\/\/www.europesays.com\/fr\/wp-json\/wp\/v2\/posts\/219826\/revisions"}],"wp:featuredmedia":[{"embeddable":true,"href":"https:\/\/www.europesays.com\/fr\/wp-json\/wp\/v2\/media\/219827"}],"wp:attachment":[{"href":"https:\/\/www.europesays.com\/fr\/wp-json\/wp\/v2\/media?parent=219826"}],"wp:term":[{"taxonomy":"category","embeddable":true,"href":"https:\/\/www.europesays.com\/fr\/wp-json\/wp\/v2\/categories?post=219826"},{"taxonomy":"post_tag","embeddable":true,"href":"https:\/\/www.europesays.com\/fr\/wp-json\/wp\/v2\/tags?post=219826"}],"curies":[{"name":"wp","href":"https:\/\/api.w.org\/{rel}","templated":true}]}}