{"id":219836,"date":"2025-07-02T04:38:11","date_gmt":"2025-07-02T04:38:11","guid":{"rendered":"https:\/\/www.europesays.com\/fr\/219836\/"},"modified":"2025-07-02T04:38:11","modified_gmt":"2025-07-02T04:38:11","slug":"en-fevrier-on-pique-nique-sur-la-plage-montpellier-meilleure-ville-etudiante-de-france-en-2025","status":"publish","type":"post","link":"https:\/\/www.europesays.com\/fr\/219836\/","title":{"rendered":"\u00ab\u00a0En f\u00e9vrier, on pique-nique sur la plage\u00a0\u00bb\u00a0: Montpellier, meilleure ville \u00e9tudiante de France en 2025"},"content":{"rendered":"<p class=\"paragraph lpe text_align_left lp-f-body-02\">En dehors des consid\u00e9rations scolaires et des examens \u00e0 valider pour passer d\u2019une ann\u00e9e \u00e0 l\u2019autre, la <a href=\"https:\/\/www.leparisien.fr\/etudiant\/vie-etudiante\/\" target=\"_self\" rel=\"noopener\">vie \u00e9tudiante<\/a> se vit aussi, et surtout, hors les murs des \u00e9tablissements. <\/p>\n<p class=\"paragraph lpe text_align_left lp-f-body-02\">Et tous les e\u0301tudiants ne sont pas loge\u0301s a\u0300 la me\u0302me enseigne. Certaines villes fourmillent de lieux culturels gratuits, d\u2019autres proposent des abonnements de transport a\u0300 bas prix. Quand d\u2019autres encore ont la mer a\u0300 proximite\u0301 ou bien la plus forte concentration de kebabs et autres fast-foods ouverts tardivement (pour les plus fe\u0302tards ). Seule une poigne\u0301e de me\u0301tropoles re\u0301unissent tous les crite\u0300res ne\u0301cessaires a\u0300 la dolce vita e\u0301tudiante.<\/p>\n<p class=\"paragraph lpe text_align_left lp-f-body-02\">Ensoleillement au top, transports gratuits, fast-food \u00e0 volont\u00e9, mer \u00e0 proximit\u00e9\u2026 C\u2019est ainsi que Montpellier arrive en t\u00eate de <a href=\"https:\/\/www.leparisien.fr\/etudiant\/vie-etudiante\/classement-des-villes-etudiantes-transport-bars-meteo-quelles-sont-les-meilleures-villes-ou-etudier-en-2025-KSTJ3EDATBDGRELVFYVU5KW5BY.php\" target=\"_blank\" rel=\"noreferrer noopener\">notre classement des meilleures villes \u00e9tudiantes<\/a>, celles o\u00f9 il fait bon vivre. Elle dame le pion \u00e0 Grenoble, surclasse Nancy et Angers et tient t\u00eate \u00e0 Toulouse, l\u2019autre poids lourd universitaire de la r\u00e9gion Occitanie.<\/p>\n<p>La plage \u00e0 v\u00e9lo<\/p>\n<p class=\"paragraph lpe text_align_left lp-f-body-02\">Situ\u00e9e \u00e0 deux pas de la M\u00e9diterran\u00e9e, la ville aux plus 80 000 \u00e9tudiants coche de nombreuses cases \u00e0 commencer par un taux d\u2019ensoleillement record &#8211; 2 668 heures de soleil par an, soit pas loin de 148 jours &#8211; ainsi qu\u2019un r\u00e9seau de transport gratuit pour tous les habitants de la m\u00e9tropole. Deux arguments en or pour convaincre les futurs bacheliers de s\u2019y installer.<\/p>\n<p class=\"title-embed-dailymotion lp-color-text lp-f-subtitle-04\">Vid\u00e9oDisco tram et bonhommes ballons : Montpellier c\u00e9l\u00e8bre la gratuit\u00e9 de ses transports en commun<\/p>\n<p class=\"paragraph lpe text_align_left lp-f-body-02\">C\u2019est le cas de Lucie, 22 ans, rencontr\u00e9e sous un grand ciel bleu et un soleil \u00e9clatant sur le campus de l\u2019<a href=\"https:\/\/www.leparisien.fr\/etudiant\/orientation\/lycees\/annuaire-lycees\/montpellier-supagro\/\" target=\"_blank\" rel=\"noreferrer noopener\">Institut Agro Montpellier<\/a>. Elle y ach\u00e8ve sa deuxi\u00e8me ann\u00e9e. \u00ab Montpellier \u00e9tait mon premier choix. Je l\u2019ai choisi pour son ensoleillement et je ne suis pas d\u00e9\u00e7ue ! J\u2019ai grandi en Guyane et je ne me voyais pas vivre \u00e0 Paris. Vivre dans un endroit o\u00f9 les hivers sont doux et les \u00e9t\u00e9s plus longs m\u2019allait parfaitement. \u00bb<\/p>\n<p class=\"paragraph lpe text_align_left lp-f-body-02\">M\u00eame son de cloche pour Alexiane, son amie brestoise, elle aussi \u00e9tudiante \u00e0 l\u2019Institut Agro Montpellier : \u00ab Ici, il n\u2019y a pas cette d\u00e9prime hivernale que l\u2019on ressent lorsque les jours sont courts et gris comme souvent \u00e0 Brest, et qui peut \u00eatre dure \u00e0 vivre \u00bb.<\/p>\n<p class=\"paragraph lpe text_align_left lp-f-body-02\">Constance, 23 ans, qui arrive de Lille, enfonce le clou : \u00ab En f\u00e9vrier, on pique-nique sur la plage. Et les plus t\u00e9m\u00e9raires peuvent se baigner ! \u00bb Situ\u00e9e \u00e0 15 kilom\u00e8tres du centre-ville, la grande bleue se rejoint en voiture en une vingtaine de minutes mais aussi en transport en commun ou \u00e0 v\u00e9lo.<\/p>\n<p>\u00ab\u00a0Cela peut para\u00eetre un peu compliqu\u00e9 mais en fait c\u2019est largement faisable\u00a0\u00bb<\/p>\n<p>\u00c9lisa, \u00e9tudiante \u00e0 Montpellier<\/p>\n<p class=\"paragraph lpe text_align_left lp-f-body-02\">Petite incongruit\u00e9 locale, le tramway ne va pas (encore) jusqu\u2019\u00e0 la mer avec un terminus \u00e0 P\u00e9rols, \u00e0 trois kilom\u00e8tres du grand plouf. \u00ab En tout, il faut pr\u00e9voir 1 heure de trajet, tram puis bus. Cela peut para\u00eetre un peu compliqu\u00e9 mais en fait c\u2019est largement faisable \u00bb, rassure Elisa, qui a quitt\u00e9 S\u00e8te pour venir faire ses \u00e9tudes en \u00e9conomie \u00e0 l\u2019universit\u00e9 de Montpellier. <\/p>\n<p class=\"paragraph lpe text_align_left lp-f-body-02\">Les plus motiv\u00e9s enfourchent leur v\u00e9lo et rejoignent la c\u00f4te en empruntant l\u2019une des pistes cyclables qui se multiplient dans et autour de Montpellier. \u00ab On y arrive en moins d\u2019une heure \u00bb, confirme Hugo, doctorant en \u00e9conomie, qui utilise d\u2019ailleurs r\u00e9guli\u00e8rement les v\u00e9los en libre-service de la ville pour le faire.<\/p>\n<p>Le poids des transports<\/p>\n<p class=\"paragraph lpe text_align_left lp-f-body-02\">C\u00f4t\u00e9 transport, l\u00e0 encore, Montpellier fait mieux que tout le monde : ils sont gratuits pour les Montpelli\u00e9rains et ceux qui habitent dans 31 communes de la m\u00e9tropole. Pour Manon, en licence Acc\u00e8s sant\u00e9 psychologie \u00e0 l\u2019universit\u00e9 de Montpellier, \u00ab c\u2019est LE gros avantage \u00bb qui soulage son budget d\u2019\u00e9tudiante. Un argument aussi \u00ab imbattable \u00bb pour Jeanne, 19 ans, qui a quitt\u00e9 Aubenas (Ard\u00e8che) pour d\u00e9marrer des \u00e9tudes en \u00e9conomie.<\/p>\n<p class=\"paragraph lpe text_align_left lp-f-body-02\">Petit b\u00e9mol toutefois : les horaires, pas toujours adapt\u00e9s \u00e0 la vie nocturne des \u00e9tudiants. Il faudrait encore faire un petit effort, estiment certains, tramways et bus s\u2019arr\u00eatant toujours trop t\u00f4t \u00e0 leur go\u00fbt. Avec des fermetures entre 1 heure et 2 heures du matin le week-end, difficile de rentrer plus tard de soir\u00e9e.<\/p>\n<p class=\"paragraph lpe text_align_left lp-f-body-02\">Mais le point noir est partag\u00e9 dans d\u2019autres villes, comme \u00e0 Lille, toute derni\u00e8re de notre classement. \u00ab Le m\u00e9tro passe certes toutes les deux minutes, oui, mais quand il fonctionne \u00bb, souligne Ernest, qui vient de terminer ses \u00e9tudes d\u2019infirmier \u00e0 Lille. Souffrant de pannes depuis pr\u00e8s d\u2019un an, le m\u00e9tro lillois manque de fiabilit\u00e9. Et sur la mobilit\u00e9, Lille ne fait pas mieux avec les v\u00e9los en libre-service.<\/p>\n<p class=\"paragraph lpe text_align_left lp-f-body-02\">Cl\u00e9mentine, \u00e9tudiante \u00e0 Esupcom\u2019en plein c\u0153ur de la capitale des Flandres, le regrette : \u00ab Avec mes copines, on n\u2019utilise pas les V\u2019Lille, car il faut avoir 200 euros sur son compte pour la caution, donc on prend les Lime. Sauf que parfois, il n\u2019y en a plus. Franchement, il n\u2019y a pas assez de v\u00e9los en libre-service. \u00bb<\/p>\n<p class=\"paragraph lpe text_align_left lp-f-body-02\">Autre critique partag\u00e9e par les \u00e9tudiants rencontr\u00e9s \u00e0 Lille : son manque d\u2019espaces verts. \u00ab M\u00eame s\u2019il y a quelques parcs, ils sont si peu nombreux que c\u2019est compliqu\u00e9 de se poser \u00bb, note Cl\u00e9mentine. Un constat qui contraste avec les plages de sable montpelli\u00e9raines accessibles \u00e0 v\u00e9lo.<\/p>\n<p>\u00ab Les gens sont un peu durs avec nous sur la m\u00e9t\u00e9o \u00bb<\/p>\n<p class=\"paragraph lpe text_align_left lp-f-body-02\">Tout en bas du classement, donc, Lille. Une place que conteste Pauline, \u00e9tudiant \u00e0 Sup de com\u2019 et tr\u00e8s heureuse dans cette ville du Nord. \u00ab C\u2019est s\u00fbr que Lille est la meilleure ville ! \u00bb, d\u00e9fend la jeune femme : \u00ab C\u2019est cocooning, c\u2019est beau, et il y a moins de monde qu\u2019\u00e0 Paris. En revanche, oui, pour le soleil, on n\u2019a pas de chance \u00bb, reconna\u00eet l\u2019\u00e9tudiante.<\/p>\n<p class=\"paragraph lpe text_align_left lp-f-body-02\">\u00abDe\u0300s qu\u2019il y a un rayon comme ces derniers temps, tout le monde sort ! \u00bb souligne Thomas, qui vit a\u0300 Lille depuis 4 ans et e\u0301tudie a\u0300 l\u2019Ie\u0301seg. \u00ab D\u2019ailleurs, je trouve que les gens sont un peu durs avec nous sur la m\u00e9t\u00e9o. Il pleut moins qu\u2019avant, franchement. \u00bb \u00ab Je reviens du Sud et il ne faisait pas plus beau qu\u2019ici ! \u00bb tacle gentiment Ernest qui vient de terminer ses <a href=\"https:\/\/www.leparisien.fr\/etudiant\/orientation\/ecoles\/ifsi-tout-savoir-sur-la-formation-pour-devenir-infirmiereinfirmier-SJZZUC6QOJDW5CXI5ASHN3R3SM.php\" target=\"_blank\" rel=\"noreferrer noopener\">\u00e9tudes d\u2019infirmiers<\/a> \u00e0 Lille. D\u2019autant que, dans les faits, il y a moins ensoleill\u00e9 que Lille. Rouen, Rennes, Strasbourg ou encore Nancy (3e de notre classement) ou Angers (4e) sont des villes o\u00f9 le soleil est encore moins pr\u00e9sent.<\/p>\n<p class=\"paragraph lpe text_align_left lp-f-body-02\">Si Lille se place \u00e0 la toute fin des villes \u00e9tudiantes o\u00f9 il fait bon vivre, la ville n\u2019est pas d\u00e9nu\u00e9e de points positifs. \u00ab \u00c0 Lille, il y a beaucoup de choses \u00e0 faire et de terrasses pour boire un verre. Pareil pour les restos et fast-food, on peut manger de tout et au niveau des prix, \u00e7a va. Il y a pas mal de formules \u00e9tudiantes \u00bb, ajoute Cl\u00e9mentine qui prend le train pour rejoindre la fac depuis chez ses parents \u00e0 une quinzaine de kilom\u00e8tres. C\u2019est vrai que c\u00f4t\u00e9 prix, le tarif a de quoi faire fr\u00e9mir n\u2019importe quel \u00e9tudiant parisien : avec une pinte de bi\u00e8re \u00e0 2,90 euros, \u00ab difficile de trouver moins cher ailleurs \u00bb, met au d\u00e9fi Thomas.<\/p>\n","protected":false},"excerpt":{"rendered":"En dehors des consid\u00e9rations scolaires et des examens \u00e0 valider pour passer d\u2019une ann\u00e9e \u00e0 l\u2019autre, la vie&hellip;\n","protected":false},"author":2,"featured_media":219837,"comment_status":"","ping_status":"","sticky":false,"template":"","format":"standard","meta":{"footnotes":""},"categories":[9599],"tags":[1111,11,459,1777,674,1011,27,2684,2208,12,2680,25,28728],"class_list":{"0":"post-219836","1":"post","2":"type-post","3":"status-publish","4":"format-standard","5":"has-post-thumbnail","7":"category-montpellier","8":"tag-actu","9":"tag-actualites","10":"tag-departements-horsidfo","11":"tag-eu","12":"tag-europe","13":"tag-fr","14":"tag-france","15":"tag-le-parisien-etudiant","16":"tag-montpellier","17":"tag-news","18":"tag-occitanie","19":"tag-republique-francaise","20":"tag-vie-etudiante"},"share_on_mastodon":{"url":"https:\/\/pubeurope.com\/@fr\/114781795338359997","error":""},"_links":{"self":[{"href":"https:\/\/www.europesays.com\/fr\/wp-json\/wp\/v2\/posts\/219836","targetHints":{"allow":["GET"]}}],"collection":[{"href":"https:\/\/www.europesays.com\/fr\/wp-json\/wp\/v2\/posts"}],"about":[{"href":"https:\/\/www.europesays.com\/fr\/wp-json\/wp\/v2\/types\/post"}],"author":[{"embeddable":true,"href":"https:\/\/www.europesays.com\/fr\/wp-json\/wp\/v2\/users\/2"}],"replies":[{"embeddable":true,"href":"https:\/\/www.europesays.com\/fr\/wp-json\/wp\/v2\/comments?post=219836"}],"version-history":[{"count":0,"href":"https:\/\/www.europesays.com\/fr\/wp-json\/wp\/v2\/posts\/219836\/revisions"}],"wp:featuredmedia":[{"embeddable":true,"href":"https:\/\/www.europesays.com\/fr\/wp-json\/wp\/v2\/media\/219837"}],"wp:attachment":[{"href":"https:\/\/www.europesays.com\/fr\/wp-json\/wp\/v2\/media?parent=219836"}],"wp:term":[{"taxonomy":"category","embeddable":true,"href":"https:\/\/www.europesays.com\/fr\/wp-json\/wp\/v2\/categories?post=219836"},{"taxonomy":"post_tag","embeddable":true,"href":"https:\/\/www.europesays.com\/fr\/wp-json\/wp\/v2\/tags?post=219836"}],"curies":[{"name":"wp","href":"https:\/\/api.w.org\/{rel}","templated":true}]}}