{"id":219838,"date":"2025-07-02T04:41:10","date_gmt":"2025-07-02T04:41:10","guid":{"rendered":"https:\/\/www.europesays.com\/fr\/219838\/"},"modified":"2025-07-02T04:41:10","modified_gmt":"2025-07-02T04:41:10","slug":"grenoble-la-caserne-de-bonne-se-transforme-face-a-la-crise-du-commerce-on-ne-lache-pas","status":"publish","type":"post","link":"https:\/\/www.europesays.com\/fr\/219838\/","title":{"rendered":"Grenoble. La Caserne de Bonne se transforme face \u00e0 la crise du commerce : \u00ab\u00a0On ne l\u00e2che pas\u00a0\u00bb"},"content":{"rendered":"<p>            Par<br \/>\n        <strong><br \/>\n            <a href=\"https:\/\/actu.fr\/auteur\/lisa-rodrigues\" title=\"Consulter tous les articles de Lisa Rodrigues\" rel=\"nofollow noopener\" target=\"_blank\">Lisa Rodrigues<\/a><br \/>\n        <\/strong><\/p>\n<p>        Publi\u00e9 le<\/p>\n<p>            1 juil. 2025 \u00e0 15h22        <\/p>\n<p>Cette fois, \u00e7a y est, la direction de <strong>La Caserne de Bonne<\/strong> l\u2019assure : \u00ab\u00a0On avance dans le bon sens.\u00a0\u00bb Le centre commercial ouvert en 2010 en plein centre-ville de <a href=\"https:\/\/actu.fr\/auvergne-rhone-alpes\/grenoble_38185\" rel=\"nofollow noopener\" target=\"_blank\">Grenoble<\/a> a connu plusieurs transformations ces derni\u00e8res ann\u00e9es. Et a concentr\u00e9 les critiques, notamment de la part de certains commer\u00e7ants de la Caserne, se plaignant de <a href=\"https:\/\/actu.fr\/auvergne-rhone-alpes\/grenoble_38185\/grenoble-loyers-trop-chers-clientele-partie-tensions-dans-ce-centre-commercial_60881226.html\" rel=\"nofollow noopener\" target=\"_blank\">loyers trop \u00e9lev\u00e9s<\/a> face \u00e0 une fr\u00e9quentation en berne.<br \/>Restructuration de ses locaux, <strong>repositionnement de l\u2019offre<\/strong> du centre commercial et <strong>grands projets<\/strong> : la direction de la Caserne de Bonne a accept\u00e9 de r\u00e9pondre aux questions d\u2019actu Grenoble\u00a0sur son avenir.<\/p>\n<p>Le projet de food court tombe \u00e0 l\u2019eau<\/p>\n<p class=\" wall-content\">En d\u00e9cembre 2023, Jean-Paul Magueur, directeur du centre commercial g\u00e9r\u00e9 par la soci\u00e9t\u00e9 Mercialys, a annonc\u00e9 <a href=\"https:\/\/actu.fr\/auvergne-rhone-alpes\/grenoble_38185\/grenoble-la-caserne-de-bonne-se-transforme-et-annonce-de-nouveaux-magasins_60461930.html\" rel=\"nofollow noopener\" target=\"_blank\">l\u2019arriv\u00e9e en 2025 d\u2019un food court<\/a>. \u00ab Nous allons cr\u00e9er le BIG, Born in Grenoble, qui sera un <strong>lieu de restauration de 1 200 m\u00b2<\/strong> avec 290 places assises. \u00bb Un projet qui ne verra finalement pas le jour, les attentes des consommateurs ayant chang\u00e9.<\/p>\n<p class=\" wall-content\">\u00ab\u00a0Le paysage commercial pour les food court a \u00e9volu\u00e9. Ce mod\u00e8le, que l\u2019on pensait \u00eatre le bon, rencontre des difficult\u00e9s en ce moment\u00a0\u00bb, souligne Jean-Paul Magueur, citant le cas <a href=\"https:\/\/actu.fr\/auvergne-rhone-alpes\/saint-etienne_42218\/saint-etienne-fermeture-des-halles-mazerat-le-gerant-en-donne-les-raisons_62291021.html\" rel=\"nofollow noopener\" target=\"_blank\">des Halles Mazerat<\/a> \u00e0 Saint-\u00c9tienne (Loire), ferm\u00e9es en mars dernier pour raisons \u00e9conomiques.<\/p>\n<p class=\" wall-content\">Pour autant, la Caserne de Bonne n\u2019abandonne pas la partie restauration. \u00ab\u00a0On va faire travailler tous les restaurants autour de l\u2019\u00e9crin qu\u2019est le jardin\u00a0\u00bb de la place de Bonne, assure Isabelle Palant, directrice des projets food et loisirs (commercialisation) de Mercialys.<\/p>\n<p>    <a href=\"https:\/\/www.google.com\/maps\/embed?pb=!1m18!1m12!1m3!1d1182.3767689434965!2d5.722704606275195!3d45.18341734847413!2m3!1f0!2f0!3f0!3m2!1i1024!2i768!4f13.1!3m3!1m2!1s0x478af4919bfcbfe5%3A0x9d11aaa2b6b7ce51!2sLa%20caserne%20de%20Bonne!5e0!3m2!1sfr!2sfr!4v1751375054081!5m2!1sfr!2sfr\" title=\"Ouvrie le lien\" rel=\"nofollow noopener\" target=\"_blank\">Cliquez ici pour visualiser le contenu<\/a><\/p>\n<p>\u00ab\u00a0La fr\u00e9quentation est repartie \u00e0 la hausse\u00a0\u00bb<\/p>\n<p class=\" wall-content\">Une bonne nouvelle toutefois : l\u2019arriv\u00e9e en ao\u00fbt 2024 du club de fitness franchis\u00e9 <strong>On Air<\/strong>, sur une surface de 2 000 m\u00b2, a amen\u00e9 de nouveaux clients. \u00ab\u00a0Il a fait une meilleure ouverture que Decathlon\u00a0\u00bb, souffle la responsable de Mercialys.\u00a0\u00bb<\/p>\n<p class=\" wall-content\">Surtout, \u00ab\u00a0la fr\u00e9quentation est repartie \u00e0 la hausse\u00a0\u00bb depuis son arriv\u00e9e, se r\u00e9jouit Jean-Paul Magueur. \u00c0 lui seul, \u00ab\u00a0il attire <strong>entre 1 000 et 1 500 clients par jour<\/strong>.\u00a0\u00bb En ann\u00e9e glissante, le centre commercial accueille jusqu\u2019\u00e0 2,7 millions de visiteurs.<\/p>\n<blockquote class=\"ac-article-quote wall-content\">\n<p>\u00c7a renforce notre image de sp\u00e9cialiste du sport et loisirs, avec Decathlon et le Vieux Campeur.<\/p>\n<p>    <strong>Jean-Paul Magueur<\/strong><br \/>\n        Directeur de la Caserne de Bonne    <\/p><\/blockquote>\n<p class=\" wall-content\">Un nouveau positionnement vers \u00ab\u00a0plus de loisirs et de divertissement\u00a0\u00bb assum\u00e9 par la direction et la soci\u00e9t\u00e9 gestionnaire du centre commercial, aux c\u00f4t\u00e9s d\u2019enseignes proposant des produits \u00e9co-responsables et locaux.<\/p>\n<p class=\" wall-content\">Le tout, int\u00e9gr\u00e9 au centre-ville, \u00ab\u00a0le c\u0153ur de Grenoble\u00a0\u00bb o\u00f9 se trouve une majorit\u00e9 des consommateurs. D\u2019ailleurs, \u00ab\u00a090% de nos clients viennent \u00e0 pied ou \u00e0 v\u00e9lo\u00a0\u00bb, pr\u00e9cise le directeur.<\/p>\n<p>Un r\u00e9am\u00e9nagement de l\u2019espace couvert esp\u00e9r\u00e9<\/p>\n<p class=\" wall-content\">Mais la Caserne de Bonne ne renonce pas \u00e0 une <strong>restructuration<\/strong> de ses espaces de vente. Actuellement, 50% de ses locaux commerciaux \u2013 qui occupent pr\u00e8s de 65% de la surface du centre \u2013 sont occup\u00e9s.<\/p>\n<p>Neyrpic \u00ab\u00a0n&rsquo;est pas un concurrent \u00e0 proprement parler\u00a0\u00bb<\/p>\n<p>Le centre commercial Neyrpic, \u00e0 Saint-Martin-d&rsquo;H\u00e8res, est ouvert depuis octobre 2024. Un nouveau concurrent pour la Caserne de Bonne ? <br \/>Si la direction regarde forc\u00e9ment les d\u00e9veloppements de son voisin, elle rappelle que les deux centres n&rsquo;ont pas les m\u00eames objectifs, ni la m\u00eame client\u00e8le. \u00ab\u00a0Ce n&rsquo;est pas un concurrent \u00e0 proprement parler. La Caserne de Bonne est \u00e0 taille humaine. Nous, nous sommes sur une offre de centre-ville et de quartier.\u00a0\u00bb<\/p>\n<p class=\" wall-content\">\u00ab\u00a0Ce sont plus des petites surfaces qui sont disponibles, mais <strong>beaucoup vont fusionner<\/strong>\u00a0\u00bb pour avoir de plus grands locaux qui n\u2019existent pas forc\u00e9ment ailleurs en centre-ville. \u00ab\u00a0La demande est de plus en plus importante pour les moyennes surfaces\u00a0\u00bb, assure la direction.<\/p>\n<p class=\" wall-content\">D\u2019autres travaux de r\u00e9organisation du site devraient survenir, notamment du c\u00f4t\u00e9 de l\u2019espace couvert, sans que Mercialys ne donne de pr\u00e9cisions sur le sujet ou de date de livraison. \u00ab\u00a0Les autorisations ont \u00e9t\u00e9 demand\u00e9es\u00a0\u00bb, indique simplement la soci\u00e9t\u00e9 \u00e0 la r\u00e9daction.<\/p>\n<p class=\" wall-content\">Pas d\u2019indiscr\u00e9tions non plus concernant <a href=\"https:\/\/actu.fr\/auvergne-rhone-alpes\/grenoble_38185\/grenoble-six-nouveaux-commerces-arrivent-en-centre-ville-et-d-autres-vont-suivre_62640419.html\" rel=\"nofollow noopener\" target=\"_blank\">l\u2019arriv\u00e9e de nouvelles enseignes<\/a> \u00e0 la Caserne de Bonne, mais des annonces sont esp\u00e9r\u00e9es \u00e0 la <strong>fin 2025<\/strong>. Mercialys compte donc bien rester dans la capitale des Alpes. \u00ab\u00a0On est sur une strat\u00e9gie de long terme. On ne l\u00e2che pas l\u2019affaire !\u00a0\u00bb<\/p>\n<p class=\" wall-content\">Suivez toute l\u2019actualit\u00e9 de vos villes et m\u00e9dias favoris en vous inscrivant \u00e0 <a href=\"https:\/\/moncompte.actu.fr\" title=\"D\u00e9couvez Mon Actu\" rel=\"nofollow noopener\" data-trk=\"{&quot;cta&quot;:{&quot;action&quot;:&quot;https:\\\/\\\/moncompte.actu.fr&quot;,&quot;category&quot;:&quot;mon compte&quot;,&quot;from&quot;:&quot;article footer&quot;,&quot;name&quot;:&quot;Mon actu&quot;,&quot;type&quot;:&quot;cta&quot;}}\" target=\"_blank\">Mon Actu<\/a>.<\/p>\n","protected":false},"excerpt":{"rendered":"Par Lisa Rodrigues Publi\u00e9 le 1 juil. 2025 \u00e0 15h22 Cette fois, \u00e7a y est, la direction de&hellip;\n","protected":false},"author":2,"featured_media":66464,"comment_status":"","ping_status":"","sticky":false,"template":"","format":"standard","meta":{"footnotes":""},"categories":[9566],"tags":[1111,11,2430,215,33,1777,674,1011,27,2731,12,25,1340],"class_list":{"0":"post-219838","1":"post","2":"type-post","3":"status-publish","4":"format-standard","5":"has-post-thumbnail","7":"category-grenoble","8":"tag-actu","9":"tag-actualites","10":"tag-auvergne-rhone-alpes","11":"tag-commerce","12":"tag-economie","13":"tag-eu","14":"tag-europe","15":"tag-fr","16":"tag-france","17":"tag-grenoble","18":"tag-news","19":"tag-republique-francaise","20":"tag-restaurant"},"share_on_mastodon":{"url":"https:\/\/pubeurope.com\/@fr\/114781807195117013","error":""},"_links":{"self":[{"href":"https:\/\/www.europesays.com\/fr\/wp-json\/wp\/v2\/posts\/219838","targetHints":{"allow":["GET"]}}],"collection":[{"href":"https:\/\/www.europesays.com\/fr\/wp-json\/wp\/v2\/posts"}],"about":[{"href":"https:\/\/www.europesays.com\/fr\/wp-json\/wp\/v2\/types\/post"}],"author":[{"embeddable":true,"href":"https:\/\/www.europesays.com\/fr\/wp-json\/wp\/v2\/users\/2"}],"replies":[{"embeddable":true,"href":"https:\/\/www.europesays.com\/fr\/wp-json\/wp\/v2\/comments?post=219838"}],"version-history":[{"count":0,"href":"https:\/\/www.europesays.com\/fr\/wp-json\/wp\/v2\/posts\/219838\/revisions"}],"wp:featuredmedia":[{"embeddable":true,"href":"https:\/\/www.europesays.com\/fr\/wp-json\/wp\/v2\/media\/66464"}],"wp:attachment":[{"href":"https:\/\/www.europesays.com\/fr\/wp-json\/wp\/v2\/media?parent=219838"}],"wp:term":[{"taxonomy":"category","embeddable":true,"href":"https:\/\/www.europesays.com\/fr\/wp-json\/wp\/v2\/categories?post=219838"},{"taxonomy":"post_tag","embeddable":true,"href":"https:\/\/www.europesays.com\/fr\/wp-json\/wp\/v2\/tags?post=219838"}],"curies":[{"name":"wp","href":"https:\/\/api.w.org\/{rel}","templated":true}]}}