{"id":219857,"date":"2025-07-02T04:52:19","date_gmt":"2025-07-02T04:52:19","guid":{"rendered":"https:\/\/www.europesays.com\/fr\/219857\/"},"modified":"2025-07-02T04:52:19","modified_gmt":"2025-07-02T04:52:19","slug":"la-cci-defend-les-paquebots-de-croisiere-qui-dopent-un-peu-le-commerce-du-centre-de-bordeaux","status":"publish","type":"post","link":"https:\/\/www.europesays.com\/fr\/219857\/","title":{"rendered":"La CCI d\u00e9fend les paquebots de croisi\u00e8re qui dopent (un peu) le commerce du centre de Bordeaux"},"content":{"rendered":"<p class=\"wp-block-post-excerpt__excerpt\">49 escales de paquebots de croisi\u00e8re sont pr\u00e9vues en 2025 \u00e0 Bordeaux, d\u00e9barquant pr\u00e8s de 38 000 passagers \u00e0 deux pas des commerces du centre-ville. Une \u00e9tude de la CCI Bordeaux Gironde r\u00e9v\u00e8le que ces visiteurs g\u00e9n\u00e8rent plus d\u20191,5 million d\u2019euros pour ces derniers, dans l\u2019espoir non avou\u00e9 de convaincre la mairie de ne pas d\u00e9placer leur point d\u2019accostage. La Ville relativise les chiffres et annonce qu\u2019une \u00e9tude plus cons\u00e9quente est en cours. <\/p>\n<p><a href=\"https:\/\/rue89bordeaux.com\/category\/actualite\/\" rel=\"tag nofollow noopener\" target=\"_blank\">Actualit\u00e9<\/a>, <a href=\"https:\/\/rue89bordeaux.com\/category\/kiosque-abonne\/\" rel=\"tag nofollow noopener\" target=\"_blank\">\u00c9dition abonn\u00e9s<\/a><\/p>\n<p>Walid Salem<\/p>\n<p>Publi\u00e9 le 2 juillet 2025\u00a0\u00a0\u00b7\u00a0\u00a0<\/p>\n<p>Imprim\u00e9 le 2 juillet 2025 \u00e0 06h52\u00a0\u00a0\u00b7\u00a0\u00a0<\/p>\n<p>\t\t\t\t\t5\u00a0minutes\n<\/p>\n<p>Lors de <a href=\"https:\/\/rue89bordeaux.com\/2025\/06\/un-office-du-commerce-a-bordeaux-pour-que-les-affaires-reprennent\/\" target=\"_blank\" rel=\"noreferrer noopener nofollow\">la pr\u00e9sentation du diagnostic sur le commerce bordelais au Palais Rohan<\/a>, Patrick Seguin, pr\u00e9sident de la Chambre de commerce et d\u2019industrie Bordeaux Gironde, avait lanc\u00e9 \u00e0 Pierre Hurmic, maire de Bordeaux, une boutade : \u00ab\u00a0On est d\u2019accord sur tout, sauf sur les croisi\u00e8res !\u00a0\u00bb Ce mardi 1er juillet, la pique s\u2019appuie sur la publication d\u2019une \u00e9tude, men\u00e9e \u00e0 la demande de la CCI, sur l\u2019impact direct des paquebots sur l\u2019\u00e9conomie locale, en particulier sur le commerce du centre-ville.<\/p>\n<p>Du 28 avril au 24 juin 2025, les \u00e9tudiants de Kedge Business School ont interrog\u00e9 1 188 passagers issus de 23 navires de croisi\u00e8re, soit pr\u00e8s de la moiti\u00e9 des 49 escales programm\u00e9es \u00e0 Bordeaux cette ann\u00e9e. Sur les 604 questionnaires valid\u00e9s, une tendance nette se d\u00e9gage : Bordeaux n\u2019est pas une escale comme les autres, elle constitue souvent un argument d\u00e9cisif dans le choix de l\u2019itin\u00e9raire.<\/p>\n<p>Rue89 Bordeaux a besoin de vos dons<\/p>\n<p>Chaque don \u2013 d\u00e9ductible des imp\u00f4ts \u00e0 hauteur de 66% \u2013 compte pour atteindre notre objectif de 10\u00a0000\u00a0\u20ac le plus rapidement possible, id\u00e9alement avant la fin juin. Cette somme, manquante \u00e0 notre tr\u00e9sorerie apr\u00e8s le d\u00e9sengagement d\u2019un annonceur important en 2025, Bordeaux M\u00e9tropole, nous permettra de r\u00e9gler les factures en retard et de retrouver une stabilit\u00e9 financi\u00e8re indispensable \u00e0 la poursuite de notre mission.<\/p>\n<p><\/p>\n<p class=\"has-warning-color has-text-color\">\n\t\t\t<strong> Cet article fait partie de l\u2019\u00e9dition abonn\u00e9s.<\/strong><br \/>\n\t\t\t| D\u00e9j\u00e0 abonn\u00e9\u00a0?<br \/>\n\t\t\t<a href=\"https:\/\/rue89bordeaux.com\/user\/login\/\" data-type=\"page\" data-id=\"26256\" rel=\"nofollow noopener\" target=\"_blank\">Connectez-vous<\/a>\n\t\t<\/p>\n<p>Abonnez-vous maintenant pour poursuivre votre lecture<\/p>\n<p><img loading=\"lazy\" decoding=\"async\" width=\"607\" height=\"480\" src=\"https:\/\/www.europesays.com\/fr\/wp-content\/uploads\/2025\/04\/1744387698_768_04-paywall.png\" alt=\"Abonnez-vous\" class=\"wp-image-128438\"  \/><\/p>\n<p>\t\t\t<a href=\"https:\/\/rue89bordeaux.com\/\" class=\"custom-logo-link\" rel=\"home nofollow noopener\" target=\"_blank\"><img loading=\"lazy\" decoding=\"async\" width=\"290\" height=\"49\" src=\"https:\/\/www.europesays.com\/fr\/wp-content\/uploads\/2025\/04\/logo.png\" class=\"custom-logo\" alt=\"Rue89Bordeaux Enqu\u00eates et informations de proximit\u00e9\"  \/><\/a><\/p>\n<p>\n\t\t\t\tAbonnez-vous maintenant pour suivre l\u2019actualit\u00e9 locale.\t\t\t<\/p>\n<p class=\"font-bold font-serif-heading mb-2 text-4xl\">\n\t\t\t\t\t\tL\u2019investigation locale \u00e0 port\u00e9e de main.\n\t\t\t\t\t<\/p>\n<p>\n\t\t\t\t\t\tAbonnez-vous et profitez d\u2019un acc\u00e8s illimit\u00e9 \u00e0 Rue89Bordeaux. Annulez quand vous voulez.\n\t\t\t\t\t<\/p>\n<p class=\"xl:text-sm\">\n\t\t\t\t\tD\u00e9j\u00e0 abonn\u00e9\u00a0?<br \/>\n\t\t\t\t\t<a class=\"border border-transparent text-center transition-colors duration-instant focus:border-info focus:rounded focus:shadow-focus cursor-pointer text-black hover:text-gray-700 active:bg-black-700 font-semibold inline-block\" href=\"https:\/\/rue89bordeaux.com\/user\/login\/?redirect=\/2025\/07\/la-cci-defend-les-paquebots-de-croisiere-qui-dopent-un-peu-le-commerce-du-centre-de-bordeaux\/\" rel=\"nofollow noopener\" target=\"_blank\">Connectez-vous<\/a>\t\t\t\t<\/p>\n<p>\n\t\t\t\tChoisissez votre formule\u00a0:\n\t\t\t<\/p>\n<p>\t\t\t\tFermer<\/p>\n","protected":false},"excerpt":{"rendered":"49 escales de paquebots de croisi\u00e8re sont pr\u00e9vues en 2025 \u00e0 Bordeaux, d\u00e9barquant pr\u00e8s de 38 000 passagers&hellip;\n","protected":false},"author":2,"featured_media":219858,"comment_status":"","ping_status":"","sticky":false,"template":"","format":"standard","meta":{"footnotes":""},"categories":[2817],"tags":[1111,11,1997,7227,1777,674,1011,27,12,2219,35170,35890,25],"class_list":{"0":"post-219857","1":"post","2":"type-post","3":"status-publish","4":"format-standard","5":"has-post-thumbnail","7":"category-bordeaux","8":"tag-actu","9":"tag-actualites","10":"tag-bordeaux","11":"tag-commerces","12":"tag-eu","13":"tag-europe","14":"tag-fr","15":"tag-france","16":"tag-news","17":"tag-nouvelle-aquitaine","18":"tag-paquebots","19":"tag-port-de-la-lune","20":"tag-republique-francaise"},"share_on_mastodon":{"url":"https:\/\/pubeurope.com\/@fr\/114781850482084432","error":""},"_links":{"self":[{"href":"https:\/\/www.europesays.com\/fr\/wp-json\/wp\/v2\/posts\/219857","targetHints":{"allow":["GET"]}}],"collection":[{"href":"https:\/\/www.europesays.com\/fr\/wp-json\/wp\/v2\/posts"}],"about":[{"href":"https:\/\/www.europesays.com\/fr\/wp-json\/wp\/v2\/types\/post"}],"author":[{"embeddable":true,"href":"https:\/\/www.europesays.com\/fr\/wp-json\/wp\/v2\/users\/2"}],"replies":[{"embeddable":true,"href":"https:\/\/www.europesays.com\/fr\/wp-json\/wp\/v2\/comments?post=219857"}],"version-history":[{"count":0,"href":"https:\/\/www.europesays.com\/fr\/wp-json\/wp\/v2\/posts\/219857\/revisions"}],"wp:featuredmedia":[{"embeddable":true,"href":"https:\/\/www.europesays.com\/fr\/wp-json\/wp\/v2\/media\/219858"}],"wp:attachment":[{"href":"https:\/\/www.europesays.com\/fr\/wp-json\/wp\/v2\/media?parent=219857"}],"wp:term":[{"taxonomy":"category","embeddable":true,"href":"https:\/\/www.europesays.com\/fr\/wp-json\/wp\/v2\/categories?post=219857"},{"taxonomy":"post_tag","embeddable":true,"href":"https:\/\/www.europesays.com\/fr\/wp-json\/wp\/v2\/tags?post=219857"}],"curies":[{"name":"wp","href":"https:\/\/api.w.org\/{rel}","templated":true}]}}