{"id":219870,"date":"2025-07-02T04:59:11","date_gmt":"2025-07-02T04:59:11","guid":{"rendered":"https:\/\/www.europesays.com\/fr\/219870\/"},"modified":"2025-07-02T04:59:11","modified_gmt":"2025-07-02T04:59:11","slug":"pour-se-conformer-a-la-justice-grand-lyon-habitat-retravaille-ses-espaces-verts","status":"publish","type":"post","link":"https:\/\/www.europesays.com\/fr\/219870\/","title":{"rendered":"pour se conformer \u00e0 la justice, Grand Lyon Habitat retravaille ses espaces verts"},"content":{"rendered":"<p>Samedi 21\u00a0juin, quelques riverains du quartier S\u0153ur-Janin, dans le 5e  arrondissement, savouraient \u00ab\u00a0une petite victoire\u00a0\u00bb. Le recours qu\u2019ils avaient d\u00e9pos\u00e9 aupr\u00e8s du tribunal administratif de Lyon, contre le projet de construction de deux immeubles sur une parcelle de verdure attenante \u00e0 leurs habitations, venait partiellement de porter ses fruits.<\/p>\n<p>Pas assez de surface pleine<\/p>\n<p>Le tribunal estimait en effet que le permis de construire, d\u00e9pos\u00e9 par Grand Lyon Habitat ne contenait pas assez de surface de pleine&#8230;<\/p>\n","protected":false},"excerpt":{"rendered":"Samedi 21\u00a0juin, quelques riverains du quartier S\u0153ur-Janin, dans le 5e arrondissement, savouraient \u00ab\u00a0une petite victoire\u00a0\u00bb. Le recours qu\u2019ils&hellip;\n","protected":false},"author":2,"featured_media":219871,"comment_status":"","ping_status":"","sticky":false,"template":"","format":"standard","meta":{"footnotes":""},"categories":[1889],"tags":[1111,11,2430,2757,1777,674,274,1011,27,1908,2428,2756,12,25,2429,801,104],"class_list":{"0":"post-219870","1":"post","2":"type-post","3":"status-publish","4":"format-standard","5":"has-post-thumbnail","7":"category-lyon","8":"tag-actu","9":"tag-actualites","10":"tag-auvergne-rhone-alpes","11":"tag-edition-lyon-villeurbanne","12":"tag-eu","13":"tag-europe","14":"tag-faits-divers-justice","15":"tag-fr","16":"tag-france","17":"tag-logement","18":"tag-lyon","19":"tag-lyon-bassin","20":"tag-news","21":"tag-republique-francaise","22":"tag-rhone","23":"tag-social","24":"tag-societe"},"share_on_mastodon":{"url":"https:\/\/pubeurope.com\/@fr\/114781878094015885","error":""},"_links":{"self":[{"href":"https:\/\/www.europesays.com\/fr\/wp-json\/wp\/v2\/posts\/219870","targetHints":{"allow":["GET"]}}],"collection":[{"href":"https:\/\/www.europesays.com\/fr\/wp-json\/wp\/v2\/posts"}],"about":[{"href":"https:\/\/www.europesays.com\/fr\/wp-json\/wp\/v2\/types\/post"}],"author":[{"embeddable":true,"href":"https:\/\/www.europesays.com\/fr\/wp-json\/wp\/v2\/users\/2"}],"replies":[{"embeddable":true,"href":"https:\/\/www.europesays.com\/fr\/wp-json\/wp\/v2\/comments?post=219870"}],"version-history":[{"count":0,"href":"https:\/\/www.europesays.com\/fr\/wp-json\/wp\/v2\/posts\/219870\/revisions"}],"wp:featuredmedia":[{"embeddable":true,"href":"https:\/\/www.europesays.com\/fr\/wp-json\/wp\/v2\/media\/219871"}],"wp:attachment":[{"href":"https:\/\/www.europesays.com\/fr\/wp-json\/wp\/v2\/media?parent=219870"}],"wp:term":[{"taxonomy":"category","embeddable":true,"href":"https:\/\/www.europesays.com\/fr\/wp-json\/wp\/v2\/categories?post=219870"},{"taxonomy":"post_tag","embeddable":true,"href":"https:\/\/www.europesays.com\/fr\/wp-json\/wp\/v2\/tags?post=219870"}],"curies":[{"name":"wp","href":"https:\/\/api.w.org\/{rel}","templated":true}]}}