{"id":219876,"date":"2025-07-02T05:02:23","date_gmt":"2025-07-02T05:02:23","guid":{"rendered":"https:\/\/www.europesays.com\/fr\/219876\/"},"modified":"2025-07-02T05:02:23","modified_gmt":"2025-07-02T05:02:23","slug":"la-canicule-atteint-son-pic-paris-et-une-partie-de-la-france-suffoquent-2","status":"publish","type":"post","link":"https:\/\/www.europesays.com\/fr\/219876\/","title":{"rendered":"La canicule atteint son pic, Paris et une partie de la France suffoquent"},"content":{"rendered":"<p>En d\u00e9but de soir\u00e9e, le soleil reste br\u00fblant et le mercure atteignait encore 39\u00b0C vers 18H00, dans la capitale, selon M\u00e9t\u00e9o-France.  <\/p>\n<p>R\u00e9mi, crois\u00e9 dans le quartier de Belleville dans l&rsquo;est parisien, ne pr\u00e9voit de sortir que pour aller chercher sa fille. \u00ab\u00a0Je suis en t\u00e9l\u00e9travail et avec la chaleur, c&rsquo;est plus difficile que d&rsquo;habitude, mais au moins, je n&rsquo;ai pas \u00e0 me d\u00e9placer ni \u00e0 prendre les transports\u00a0\u00bb, explique le trentenaire, qui pr\u00e9f\u00e8re ne pas donner son nom, casquette sur la t\u00eate.<\/p>\n<p>Mais la canicule n&rsquo;a pas touch\u00e9 que la r\u00e9gion parisienne. Le thermom\u00e8tre est ainsi mont\u00e9 jusqu&rsquo;\u00e0 41,4\u00b0C \u00e0 Cadenet (Vaucluse)), 41,2\u00b0C \u00e0 Chateaumeillant (Cher) ou encore 40,3\u00b0C \u00e0 N\u00eemes-Garons (Gard) et Castelnaudry (Aude), a d\u00e9taill\u00e9 M\u00e9t\u00e9o-France mardi soir.<\/p>\n<p>\u00ab\u00a0Des mesures ont \u00e9t\u00e9 activ\u00e9es d\u00e8s ce matin pour la protection des travailleurs et notamment adapter les horaires, suspendre les t\u00e2ches p\u00e9nibles, am\u00e9nager les postes de travail\u00a0\u00bb, a assur\u00e9 Fran\u00e7ois Bayrou depuis le Centre op\u00e9rationnel de gestion interminist\u00e9rielle des crises.<\/p>\n<p>Des restrictions de circulation ont \u00e9t\u00e9 mises en place dans l&rsquo;agglom\u00e9ration parisienne. M\u00eame la tour Eiffel est \u00e0 la peine: le sommet des 330 m\u00e8tres de fer puddl\u00e9 restera ferm\u00e9 au public jusqu&rsquo;\u00e0 mercredi inclus. <\/p>\n<p>Parcs ouverts la nuit, assistance renforc\u00e9e des personnes vuln\u00e9rables, horaires de piscine \u00e9tendus: la ville de Paris a activ\u00e9 le niveau 4, le plus \u00e9lev\u00e9, de son plan canicule.<\/p>\n<p>&#8211; Organismes \u00e9prouv\u00e9s &#8211;<\/p>\n<p><img alt=\"Des maximales atteignant 36\u00b0C, voire 41\u00b0C dans les d\u00e9partements en vigilance rouge sont attendues\" loading=\"lazy\" decoding=\"async\" data-nimg=\"fill\" class=\" TwicCore_img__i9TC1 undefined  undefined\" style=\"position:absolute;height:100%;width:100%;left:0;top:0;right:0;bottom:0;color:transparent;background-size:cover;background-position:50% 50%;background-repeat:no-repeat;background-image:url(&quot;data:image\/svg+xml;charset=utf-8,%3Csvg xmlns='http:\/\/www.w3.org\/2000\/svg' %3E%3Cfilter id='b' color-interpolation-filters='sRGB'%3E%3CfeGaussianBlur stdDeviation='20'\/%3E%3CfeColorMatrix values='1 0 0 0 0 0 1 0 0 0 0 0 1 0 0 0 0 0 100 -1' result='s'\/%3E%3CfeFlood x='0' y='0' width='100%25' height='100%25'\/%3E%3CfeComposite operator='out' in='s'\/%3E%3CfeComposite in2='SourceGraphic'\/%3E%3CfeGaussianBlur stdDeviation='20'\/%3E%3C\/filter%3E%3Cimage width='100%25' height='100%25' x='0' y='0' preserveAspectRatio='none' style='filter: url(%23b);' href='https:\/\/pictures.laprovence.com\/cdn-cgi\/image\/blur=250\/media\/afp\/402521f0e52fa50df24f8d16ba5ea07d70e084e6.jpg'\/%3E%3C\/svg%3E&quot;)\"   src=\"https:\/\/www.europesays.com\/fr\/wp-content\/uploads\/2025\/07\/402521f0e52fa50df24f8d16ba5ea07d70e084e6.jpg\"\/>Des maximales atteignant 36\u00b0C, voire 41\u00b0C dans les d\u00e9partements en vigilance rouge sont attendues PHOTO AFP \/ JEFF PACHOUD<\/p>\n<p>Paris et quinze autres d\u00e9partements sont en vigilance rouge depuis midi, dont les d\u00e9partements d&rsquo;\u00cele-de-France, mais aussi ceux de la r\u00e9gion Centre-Val de Loire (sauf l&rsquo;Eure-et-Loir) ainsi que l&rsquo;Aube, l&rsquo;Yonne et la Vienne. <\/p>\n<p>M\u00e9t\u00e9o-France pr\u00e9voit un pic caniculaire \u00ab\u00a0tr\u00e8s fort\u00a0\u00bb dans le bassin parisien avec une chaleur \u00ab\u00a0particuli\u00e8rement \u00e9prouvante\u00a0\u00bb.<\/p>\n<p>La ville de Melun (Seine-et-Marne) a ferm\u00e9 tous les \u00e9tablissements publics accueillant des enfants. Au niveau national, pr\u00e8s de 1.900 \u00e9tablissements scolaires, soit 3% du total, font l&rsquo;objet d&rsquo;une fermeture partielle ou totale mardi, selon le minist\u00e8re de l&rsquo;Education. <\/p>\n<p><img alt=\"Le &quot;d\u00f4me de chaleur&quot;\" loading=\"lazy\" decoding=\"async\" data-nimg=\"fill\" class=\" TwicCore_img__i9TC1 undefined  undefined\" style=\"position:absolute;height:100%;width:100%;left:0;top:0;right:0;bottom:0;color:transparent;background-size:cover;background-position:50% 50%;background-repeat:no-repeat;background-image:url(&quot;data:image\/svg+xml;charset=utf-8,%3Csvg xmlns='http:\/\/www.w3.org\/2000\/svg' %3E%3Cfilter id='b' color-interpolation-filters='sRGB'%3E%3CfeGaussianBlur stdDeviation='20'\/%3E%3CfeColorMatrix values='1 0 0 0 0 0 1 0 0 0 0 0 1 0 0 0 0 0 100 -1' result='s'\/%3E%3CfeFlood x='0' y='0' width='100%25' height='100%25'\/%3E%3CfeComposite operator='out' in='s'\/%3E%3CfeComposite in2='SourceGraphic'\/%3E%3CfeGaussianBlur stdDeviation='20'\/%3E%3C\/filter%3E%3Cimage width='100%25' height='100%25' x='0' y='0' preserveAspectRatio='none' style='filter: url(%23b);' href='https:\/\/pictures.laprovence.com\/cdn-cgi\/image\/blur=250\/media\/afp\/51a43b717f76304f04aa5c96ddd61347acc825a7.jpg'\/%3E%3C\/svg%3E&quot;)\"   src=\"https:\/\/www.europesays.com\/fr\/wp-content\/uploads\/2025\/07\/51a43b717f76304f04aa5c96ddd61347acc825a7.jpg\"\/>Le \u00ab\u00a0d\u00f4me de chaleur\u00a0\u00bb PHOTO AFP \/ M\u00e9lodie LONTJENS, Sabrina BLANCHARD<\/p>\n<p>Cette s\u00e9rie de jours et nuits de chaleur promet d&rsquo;\u00e9prouver les organismes. <\/p>\n<p>A Bordeaux, Jo, un SDF de 55 ans rue Sainte-Catherine, qui n&rsquo;a pas souhait\u00e9 donner son identit\u00e9, dit \u00ab\u00a0souffrir \u00e9norm\u00e9ment\u00a0\u00bb. Le bitume dans cette ville tr\u00e8s min\u00e9rale est plus chaud encore. Il explique \u00ab\u00a0attendre que \u00e7a passe et esp\u00e9rer ne pas faire de malaise\u00a0\u00bb.<\/p>\n<p>Les services d&rsquo;urgence sont sur le pont. <\/p>\n<p>Pierre-Marie Tardieux, chef des urgences au CHU de Nice, estime recevoir \u00ab\u00a0environ 30% de personnes \u00e2g\u00e9es, mais aussi des travailleurs du b\u00e2timent, des sportifs, des gens jeunes qui ont eu des coups de chaud\u00a0\u00bb ainsi que \u00ab\u00a0beaucoup de personnes qui vivent dans la rue\u00a0\u00bb.<\/p>\n<p>Sur les passages aux urgences, \u00ab\u00a0pour l&rsquo;instant, nous n&rsquo;avons pas de remont\u00e9es significatives, mais nous savons qu&rsquo;il existe un d\u00e9calage de quelques jours\u00a0\u00bb, a rappel\u00e9 le ministre de la Sant\u00e9. <\/p>\n<p>\u00ab\u00a0Avec la canicule, on va s\u00fbrement \u00eatre \u00e0 plus 30%, plus 40% d&rsquo;appels par rapport \u00e0 la normale\u00a0\u00bb, a indiqu\u00e9 \u00e0 l&rsquo;AFP le Pr Fr\u00e9d\u00e9ric Adnet, chef de service du Samu de Paris, notant une augmentation du nombre d&rsquo;appels \u00ab\u00a0essentiellement li\u00e9s \u00e0 des malaises, mais pour l&rsquo;instant pas trop de malaises graves, pas beaucoup d&rsquo;hyperthermie, une pathologie extr\u00eamement grave\u00a0\u00bb.<\/p>\n<p><img alt=\"Un homme se rafraichit pendant une vague de chaleur \u00e0 Paris, au Trocad\u00e9ro, face \u00e0 la tour Eiffel, le 1er juillet 2025\" loading=\"lazy\" decoding=\"async\" data-nimg=\"fill\" class=\" TwicCore_img__i9TC1 undefined  undefined\" style=\"position:absolute;height:100%;width:100%;left:0;top:0;right:0;bottom:0;color:transparent;background-size:cover;background-position:50% 50%;background-repeat:no-repeat;background-image:url(&quot;data:image\/svg+xml;charset=utf-8,%3Csvg xmlns='http:\/\/www.w3.org\/2000\/svg' %3E%3Cfilter id='b' color-interpolation-filters='sRGB'%3E%3CfeGaussianBlur stdDeviation='20'\/%3E%3CfeColorMatrix values='1 0 0 0 0 0 1 0 0 0 0 0 1 0 0 0 0 0 100 -1' result='s'\/%3E%3CfeFlood x='0' y='0' width='100%25' height='100%25'\/%3E%3CfeComposite operator='out' in='s'\/%3E%3CfeComposite in2='SourceGraphic'\/%3E%3CfeGaussianBlur stdDeviation='20'\/%3E%3C\/filter%3E%3Cimage width='100%25' height='100%25' x='0' y='0' preserveAspectRatio='none' style='filter: url(%23b);' href='https:\/\/pictures.laprovence.com\/cdn-cgi\/image\/blur=250\/media\/afp\/917855dbf15baf355871b04dcc8db5197a79f0f1.jpg'\/%3E%3C\/svg%3E&quot;)\"   src=\"https:\/\/www.europesays.com\/fr\/wp-content\/uploads\/2025\/07\/917855dbf15baf355871b04dcc8db5197a79f0f1.jpg\"\/>Un homme se rafraichit pendant une vague de chaleur \u00e0 Paris, au Trocad\u00e9ro, face \u00e0 la tour Eiffel, le 1er juillet 2025 PHOTO AFP \/ Dimitar DILKOFF<\/p>\n<p>Cette vague de chaleur, qui concerne aussi tout le sud de l&rsquo;Europe, est la 50e recens\u00e9e depuis 1947 et la 33e au XXIe si\u00e8cle.<\/p>\n<p>\u00ab\u00a0Cet \u00e9v\u00e9nement est inhabituel car il est extr\u00eame, tr\u00e8s t\u00f4t dans la saison estivale et que le changement climatique l&rsquo;a tr\u00e8s certainement aggrav\u00e9\u00a0\u00bb, analyse pour l&rsquo;AFP Samantha Burgess, climatologue pour l&rsquo;observatoire europ\u00e9en Copernicus.<\/p>\n<p>\u00ab\u00a0Le changement climatique cr\u00e9\u00e9 une nouvelle norme\u00a0\u00bb, pr\u00e9vient cette scientifique, rendant les canicules plus fr\u00e9quentes, m\u00eame en juin et en septembre.<\/p>\n<p>Mardi, l&rsquo;Angleterre et l&rsquo;Espagne ont annonc\u00e9 que le mois de juin 2025 est le plus chaud jamais enregistr\u00e9. <\/p>\n<p>La cause de cette vague de chaleur, qui concerne tout le sud de l&rsquo;Europe, est un d\u00f4me de chaleur: un large et puissant anticyclone forme une sorte de couvercle qui bloque l&rsquo;air en basses couches, emp\u00eachant l&rsquo;entr\u00e9e de perturbations tout en le r\u00e9chauffant progressivement.<\/p>\n<p>bur-al-mca-mac-abo-pgr\/mat\/gvy<\/p>\n","protected":false},"excerpt":{"rendered":"En d\u00e9but de soir\u00e9e, le soleil reste br\u00fblant et le mercure atteignait encore 39\u00b0C vers 18H00, dans la&hellip;\n","protected":false},"author":2,"featured_media":219877,"comment_status":"","ping_status":"","sticky":false,"template":"","format":"standard","meta":{"footnotes":""},"categories":[1592],"tags":[17,1111,11,14647,6698,1777,674,1011,27,329,662,12,626,11695,26773,25,3711,96],"class_list":{"0":"post-219876","1":"post","2":"type-post","3":"status-publish","4":"format-standard","5":"has-post-thumbnail","7":"category-ile-de-france","8":"tag-17","9":"tag-actu","10":"tag-actualites","11":"tag-atteint","12":"tag-canicule","13":"tag-eu","14":"tag-europe","15":"tag-fr","16":"tag-france","17":"tag-france-monde","18":"tag-ile-de-france","19":"tag-news","20":"tag-paris","21":"tag-partie","22":"tag-pic","23":"tag-republique-francaise","24":"tag-son","25":"tag-une"},"share_on_mastodon":{"url":"https:\/\/pubeurope.com\/@fr\/114781889909580066","error":""},"_links":{"self":[{"href":"https:\/\/www.europesays.com\/fr\/wp-json\/wp\/v2\/posts\/219876","targetHints":{"allow":["GET"]}}],"collection":[{"href":"https:\/\/www.europesays.com\/fr\/wp-json\/wp\/v2\/posts"}],"about":[{"href":"https:\/\/www.europesays.com\/fr\/wp-json\/wp\/v2\/types\/post"}],"author":[{"embeddable":true,"href":"https:\/\/www.europesays.com\/fr\/wp-json\/wp\/v2\/users\/2"}],"replies":[{"embeddable":true,"href":"https:\/\/www.europesays.com\/fr\/wp-json\/wp\/v2\/comments?post=219876"}],"version-history":[{"count":0,"href":"https:\/\/www.europesays.com\/fr\/wp-json\/wp\/v2\/posts\/219876\/revisions"}],"wp:featuredmedia":[{"embeddable":true,"href":"https:\/\/www.europesays.com\/fr\/wp-json\/wp\/v2\/media\/219877"}],"wp:attachment":[{"href":"https:\/\/www.europesays.com\/fr\/wp-json\/wp\/v2\/media?parent=219876"}],"wp:term":[{"taxonomy":"category","embeddable":true,"href":"https:\/\/www.europesays.com\/fr\/wp-json\/wp\/v2\/categories?post=219876"},{"taxonomy":"post_tag","embeddable":true,"href":"https:\/\/www.europesays.com\/fr\/wp-json\/wp\/v2\/tags?post=219876"}],"curies":[{"name":"wp","href":"https:\/\/api.w.org\/{rel}","templated":true}]}}