{"id":219878,"date":"2025-07-02T05:03:20","date_gmt":"2025-07-02T05:03:20","guid":{"rendered":"https:\/\/www.europesays.com\/fr\/219878\/"},"modified":"2025-07-02T05:03:20","modified_gmt":"2025-07-02T05:03:20","slug":"les-infos-de-5h-canicule-a-paris-les-familles-ont-profite-des-parcs-et-jardins-ouverts-toute-la-nuit","status":"publish","type":"post","link":"https:\/\/www.europesays.com\/fr\/219878\/","title":{"rendered":"Les infos de 5h &#8211; Canicule : \u00e0 Paris, les familles ont profit\u00e9 des parcs et jardins ouverts toute la nuit"},"content":{"rendered":"<p class=\"article-p mdl\">Il y a presque autant de familles qu&rsquo;apr\u00e8s la sortie des classes. Pourtant, nous sommes une heure apr\u00e8s la fermeture habituelle du parc et beaucoup d&rsquo;enfants, comme Willy, profitent encore des brumisateurs : \u00ab\u00a0Je vais me rafra\u00eechir et me mouiller.\u00a0\u00bb<\/p>\n<p class=\"article-p mdl\">Quoi de mieux qu&rsquo;un nuage de gouttelettes fra\u00eeches quand le\u00a0<a class=\"link\" href=\"https:\/\/www.rtl.fr\/actu\/meteo\/canicule-16-departements-maintenus-en-vigilance-rouge-mercredi-7900520651\" target=\"_blank\" rel=\"nofollow noopener\">mercure peine \u00e0 descendre<\/a>. \u00c0 21h, il fait encore\u00a0<a class=\"link\" href=\"https:\/\/www.rtl.fr\/actu\/debats-societe\/canicule-quand-peut-on-esperer-un-retour-de-la-fraicheur-7900520446\" target=\"_blank\" rel=\"nofollow noopener\">35 degr\u00e9s dans la capitale<\/a>. Zachary surveille son fils de 5 ans, c&rsquo;est la premi\u00e8re fois qu&rsquo;il l&rsquo;am\u00e8ne au parc aussi tard car \u00ab\u00a0il fait tr\u00e8s chaud dans l&rsquo;appartement\u00a0\u00bb. Sa famille ne pouvait pas y rester et, le coucher des enfants, \u00e0 ses temp\u00e9ratures, \u00ab\u00a0n&rsquo;est pas possible\u00a0\u00bb, partage-t-il.\u00a0<\/p>\n<p class=\"article-p mdl\">Cheveux et v\u00eatements tremp\u00e9s, une maman compte elle aussi profiter du parc jusqu&rsquo;\u00e0 sa fermeture. Le coucher de ses enfants est habituellement pr\u00e9vu \u00e0 20h30. \u00c0 situation exceptionnelle, horaire de sortie exceptionnel. Il est\u00a021h et ses enfants sont encore en train de jouer. \u00ab\u00a0Il fait tellement chaud qu&rsquo;ils n&rsquo;arrivent pas \u00e0 dormir\u00a0\u00bb, note-t-elle \u00e9galement.<\/p>\n<p class=\"article-p mdl\">Difficile m\u00eame de motiver les enfants \u00e0 rentrer, comme ceux de Christiane, qui ne veulent pas quitter cette parenth\u00e8se de fra\u00eecheur et retrouver une maison sous 38\u00b0C : \u00ab\u00a0Ils veulent camper dans le parc\u00a0\u00bb, sourit-elle. Dans la nuit du 1er au 2 juillet, la ville de Paris avait pris la d\u00e9cision de laisser ouvert ses parcs et jardins apr\u00e8s avoir d\u00e9clench\u00e9 le <strong>niveau le plus \u00e9lev\u00e9 de son plan canicule<\/strong>.<\/p>\n<p>            \u00c0 \u00e9couter \u00e9galement dans le journal<\/p>\n<p class=\"article-p mdl\"><strong>Canicule<\/strong> &#8211; Trois\u00a0<a class=\"link\" href=\"https:\/\/www.rtl.fr\/actu\/justice-faits-divers\/canicule-un-adolescent-de-16-ans-meurt-lors-d-une-baignade-dans-les-ardennes-7900520104\" target=\"_blank\" rel=\"nofollow noopener\">d\u00e9c\u00e8s suspects<\/a>, au moins, ont \u00e9t\u00e9 recens\u00e9s depuis lundi. Un homme de 73 ans \u00e0 Grenoble, un sans domicile fixe et un ouvrier de chantier \u00e2g\u00e9 de 35 ans \u00e0 Besan\u00e7on qui a succomb\u00e9 d&rsquo;un malaise en rentrant du travail.<\/p>\n<p class=\"article-p mdl\"><strong>Iran<\/strong> &#8211;\u00a0Pour la premi\u00e8re fois depuis 2022,\u00a0<a class=\"link\" href=\"https:\/\/www.rtl.fr\/actu\/international\/guerre-en-ukraine-iran-ce-que-se-sont-dits-emmanuel-macron-et-vladimir-poutine-au-telephone-7900520685\" target=\"_blank\" rel=\"nofollow noopener\">Emmanuel Macron et Vladimir Poutine<\/a>\u00a0ont \u00e9chang\u00e9 au t\u00e9l\u00e9phone mardi 1er juillet, abordant principalement le programme nucl\u00e9aire iranien.<\/p>\n<p class=\"article-p mdl\"><strong>Ligue 1<\/strong> &#8211; C&rsquo;est la fin d&rsquo;un syst\u00e8me \u00e0 bout de souffle. Apr\u00e8s l&rsquo;\u00e9chec et le divorce avec le diffuseur DAZN, la\u00a0<a class=\"link\" href=\"https:\/\/www.rtl.fr\/sport\/football\/ligue-1-la-lfp-annonce-la-creation-de-sa-propre-chaine-7900520707\" target=\"_blank\" rel=\"nofollow noopener\">cr\u00e9ation d&rsquo;une cha\u00eene<\/a>\u00a0\u00e9tait devenue in\u00e9luctable pour la Ligue professionnelle de football.<\/p>\n<p>    La r\u00e9daction vous recommande<\/p>\n<p class=\"s-newsletter__title\">\n                L\u2019actualit\u00e9 par la r\u00e9daction de RTL dans votre bo\u00eete mail.\n            <\/p>\n<p class=\"s-newsletter__subtitle\">\n                Gr\u00e2ce \u00e0 votre compte RTL abonnez-vous \u00e0 la newsletter RTL info pour suivre toute l&rsquo;actualit\u00e9 au quotidien\n            <\/p>\n<p>\n                                    Lire la suite\n                                <\/p>\n","protected":false},"excerpt":{"rendered":"Il y a presque autant de familles qu&rsquo;apr\u00e8s la sortie des classes. Pourtant, nous sommes une heure apr\u00e8s&hellip;\n","protected":false},"author":2,"featured_media":219879,"comment_status":"","ping_status":"","sticky":false,"template":"","format":"standard","meta":{"footnotes":""},"categories":[1888],"tags":[1111,1928,11,1927,6698,1777,674,107,1011,27,2487,12,1926,626,1925,25,71],"class_list":{"0":"post-219878","1":"post","2":"type-post","3":"status-publish","4":"format-standard","5":"has-post-thumbnail","7":"category-paris","8":"tag-actu","9":"tag-actu-paris","10":"tag-actualites","11":"tag-actualites-paris","12":"tag-canicule","13":"tag-eu","14":"tag-europe","15":"tag-fil-info","16":"tag-fr","17":"tag-france","18":"tag-meteo","19":"tag-news","20":"tag-news-paris","21":"tag-paris","22":"tag-paris-news","23":"tag-republique-francaise","24":"tag-sante"},"share_on_mastodon":{"url":"https:\/\/pubeurope.com\/@fr\/114781893648892378","error":""},"_links":{"self":[{"href":"https:\/\/www.europesays.com\/fr\/wp-json\/wp\/v2\/posts\/219878","targetHints":{"allow":["GET"]}}],"collection":[{"href":"https:\/\/www.europesays.com\/fr\/wp-json\/wp\/v2\/posts"}],"about":[{"href":"https:\/\/www.europesays.com\/fr\/wp-json\/wp\/v2\/types\/post"}],"author":[{"embeddable":true,"href":"https:\/\/www.europesays.com\/fr\/wp-json\/wp\/v2\/users\/2"}],"replies":[{"embeddable":true,"href":"https:\/\/www.europesays.com\/fr\/wp-json\/wp\/v2\/comments?post=219878"}],"version-history":[{"count":0,"href":"https:\/\/www.europesays.com\/fr\/wp-json\/wp\/v2\/posts\/219878\/revisions"}],"wp:featuredmedia":[{"embeddable":true,"href":"https:\/\/www.europesays.com\/fr\/wp-json\/wp\/v2\/media\/219879"}],"wp:attachment":[{"href":"https:\/\/www.europesays.com\/fr\/wp-json\/wp\/v2\/media?parent=219878"}],"wp:term":[{"taxonomy":"category","embeddable":true,"href":"https:\/\/www.europesays.com\/fr\/wp-json\/wp\/v2\/categories?post=219878"},{"taxonomy":"post_tag","embeddable":true,"href":"https:\/\/www.europesays.com\/fr\/wp-json\/wp\/v2\/tags?post=219878"}],"curies":[{"name":"wp","href":"https:\/\/api.w.org\/{rel}","templated":true}]}}