{"id":219888,"date":"2025-07-02T05:10:11","date_gmt":"2025-07-02T05:10:11","guid":{"rendered":"https:\/\/www.europesays.com\/fr\/219888\/"},"modified":"2025-07-02T05:10:11","modified_gmt":"2025-07-02T05:10:11","slug":"apres-les-dernieres-attaques-je-suis-restee-muette-pendant-presque-deux-jours","status":"publish","type":"post","link":"https:\/\/www.europesays.com\/fr\/219888\/","title":{"rendered":"\u00ab\u00a0Apr\u00e8s les derni\u00e8res attaques, je suis rest\u00e9e muette pendant presque deux jours\u00a0\u00bb"},"content":{"rendered":"<p>            <a href=\"https:\/\/www.lemonde.fr\/le-journal-de-deux-s-urs-ukrainiennes\/\" target=\"_blank\" rel=\"noopener\">Retrouvez ici toutes les lettres de Sasha et d\u2019Olga<\/a>              <\/p>\n<p class=\"article__paragraph article__paragraph--lf \">Kyiv, le 25\u00a0juin\u00a02025,<\/p>\n<p class=\"article__paragraph article__paragraph--lf \">Ch\u00e8res lectrices, chers lecteurs,<\/p>\n<p class=\"article__paragraph article__paragraph--lf \">J\u2019\u00e9cris cette lettre \u00e0 l\u2019aube, c\u2019est mon rituel. Le matin est tr\u00e8s frais et il n\u2019y a pas de forte chaleur, cette ann\u00e9e. Tant mieux, nous pouvons dormir, il nous reste si peu de temps \u00e0 consacrer au sommeil\u00a0: depuis des semaines, dormir est un privil\u00e8ge. La russie [Olga et Sasha ont choisi de ne pas mettre de majuscule \u00e0 \u00ab\u00a0russe\u00a0\u00bb, \u00ab\u00a0russie\u00a0\u00bb et \u00ab\u00a0poutine\u00a0\u00bb] lance des centaines de drones et de missiles sur nos villes et nos villages. Et m\u00eame quand il n\u2019y a pas d\u2019attaque sur Kyiv [Kiev en ukrainien] on a du mal \u00e0 s\u2019endormir \u00e0 cause des informations\u00a0: l\u2019arm\u00e9e russe avance sur le front, les Etats-Unis perdent toute cr\u00e9dibilit\u00e9 avec leur pr\u00e9sident, l\u2019Iran et Isra\u00ebl sont en guerre. Les morts, les bless\u00e9s, les missiles, tout se multiplie partout\u2026<\/p>\n<p class=\"article__paragraph article__paragraph--lf \">Ici, nous ne parlons plus d\u2019une victoire de l\u2019Ukraine, nous ne pensons qu\u2019\u00e0 survivre. Survivre aux bombardements de la nuit alors que, pendant des heures, nous entendons le bruit des drones, des armes automatiques de la d\u00e9fense antia\u00e9rienne, et ressentons les vibrations des explosions de missiles. Comme dans la nuit de dimanche \u00e0 lundi\u00a0: 352\u00a0drones, 11\u00a0missiles balistiques, 5\u00a0missiles \u00e0 longue port\u00e9e ont \u00e9t\u00e9 lanc\u00e9s sur l\u2019Ukraine. La plupart sur Kyiv. Neuf personnes sont mortes. Une semaine avant, le 18\u00a0juin, un missile avait cibl\u00e9 un immeuble, tuant 23\u00a0personnes.<\/p>\n<p class=\"article__paragraph article__paragraph--lf \">Les chiffres ne me touchent plus, c\u2019est mon corps et ma conscience qui me font comprendre que je suis touch\u00e9e. Mon cou est coinc\u00e9, je me sens \u00e9puis\u00e9e, je n\u2019ai aucune volont\u00e9, j\u2019agis de fa\u00e7on m\u00e9canique. Le d\u00e9lai entre les attaques est si court que je n\u2019arrive pas \u00e0 me reprendre. Seuls [mon compagnon] Dima et [mon fils] Marian m\u2019apaisent, ou maman quand elle vient nous voir, ou Olga lorsqu\u2019elle m\u2019envoie des vid\u00e9os de son fils Zakary \u00e0 la plage.<\/p>\n<p class=\"reading-mode-only \"><strong>Il vous reste 82.15% de cet article \u00e0 lire. La suite est r\u00e9serv\u00e9e aux abonn\u00e9s.<\/strong><\/p>\n","protected":false},"excerpt":{"rendered":"Retrouvez ici toutes les lettres de Sasha et d\u2019Olga Kyiv, le 25\u00a0juin\u00a02025, Ch\u00e8res lectrices, chers lecteurs, J\u2019\u00e9cris cette&hellip;\n","protected":false},"author":2,"featured_media":219889,"comment_status":"","ping_status":"","sticky":false,"template":"","format":"standard","meta":{"footnotes":""},"categories":[1590],"tags":[11,1777,674,12,220],"class_list":{"0":"post-219888","1":"post","2":"type-post","3":"status-publish","4":"format-standard","5":"has-post-thumbnail","7":"category-ukraine","8":"tag-actualites","9":"tag-eu","10":"tag-europe","11":"tag-news","12":"tag-ukraine"},"share_on_mastodon":{"url":"https:\/\/pubeurope.com\/@fr\/114781921240493890","error":""},"_links":{"self":[{"href":"https:\/\/www.europesays.com\/fr\/wp-json\/wp\/v2\/posts\/219888","targetHints":{"allow":["GET"]}}],"collection":[{"href":"https:\/\/www.europesays.com\/fr\/wp-json\/wp\/v2\/posts"}],"about":[{"href":"https:\/\/www.europesays.com\/fr\/wp-json\/wp\/v2\/types\/post"}],"author":[{"embeddable":true,"href":"https:\/\/www.europesays.com\/fr\/wp-json\/wp\/v2\/users\/2"}],"replies":[{"embeddable":true,"href":"https:\/\/www.europesays.com\/fr\/wp-json\/wp\/v2\/comments?post=219888"}],"version-history":[{"count":0,"href":"https:\/\/www.europesays.com\/fr\/wp-json\/wp\/v2\/posts\/219888\/revisions"}],"wp:featuredmedia":[{"embeddable":true,"href":"https:\/\/www.europesays.com\/fr\/wp-json\/wp\/v2\/media\/219889"}],"wp:attachment":[{"href":"https:\/\/www.europesays.com\/fr\/wp-json\/wp\/v2\/media?parent=219888"}],"wp:term":[{"taxonomy":"category","embeddable":true,"href":"https:\/\/www.europesays.com\/fr\/wp-json\/wp\/v2\/categories?post=219888"},{"taxonomy":"post_tag","embeddable":true,"href":"https:\/\/www.europesays.com\/fr\/wp-json\/wp\/v2\/tags?post=219888"}],"curies":[{"name":"wp","href":"https:\/\/api.w.org\/{rel}","templated":true}]}}