{"id":219894,"date":"2025-07-02T05:13:11","date_gmt":"2025-07-02T05:13:11","guid":{"rendered":"https:\/\/www.europesays.com\/fr\/219894\/"},"modified":"2025-07-02T05:13:11","modified_gmt":"2025-07-02T05:13:11","slug":"allemagne-un-homme-soupconne-despionnage-de-cibles-juives-pour-le-compte-de-liran-sud-ouest","status":"publish","type":"post","link":"https:\/\/www.europesays.com\/fr\/219894\/","title":{"rendered":"Allemagne : un homme soup\u00e7onn\u00e9 d&#039;espionnage de cibles juives pour le compte de l&#039;Iran &#8211; Sud Ouest"},"content":{"rendered":"<ol>\n<li><a href=\"https:\/\/news.google.com\/rss\/articles\/CBMizwFBVV95cUxOM0VUMFEwWEdJSjF5NENmSU9VeEw1bjdyM25CZm9OS2E3SmV2ZDV1SGQyM2daalFRbndVSW1NUTRZcF8yeVBTbDRBbXdaNGlhd0otMVRTbTVRd0kzb1VKZWdaa1FaU1BYbG4xdWVFcjNibG4yRmFZYzhGbWVzRXg1UDMxeVZxX1p4LUV0SnFxZTFCUnlxNmJxVlZtLXBlWHE4V2lEMDNGMVBCZGR6Um5LcUl4ZC04el9rMWZMWUp2eDM4ZmJwLWdJbkUtRXZVXzA?oc=5\" target=\"_blank\" rel=\"nofollow noopener\">Allemagne : un homme soup\u00e7onn\u00e9 d&rsquo;espionnage de cibles juives pour le compte de l&rsquo;Iran<\/a>&nbsp;&nbsp;Sud Ouest<\/li>\n<li><a href=\"https:\/\/news.google.com\/rss\/articles\/CBMi0wFBVV95cUxQUWhUektMWUYxaVBpd2x0VzVtMkt4VHdubHh2QXlCaXhnTjJqSHBOaEk0R3IzaVFnaWMxelU2eGY4X19QUEVwc1BhRmMxRHBURXlIcWRwRXR3WTJGS194ekpaLWg3VFVVSzZ6RGk4WVBZRzFqOUtwTjlyTEp0dWI5bGdabTBMQVVUMUdQb0dsSF9xcU5heDk5QmFlcGFZX2xBY2JrM2h1U0FZVVB3RFFJTzhmZFFJeWl2SmZDcV9NNS1pNG9CVVVxczlaam5ja1N6XzJR?oc=5\" target=\"_blank\" rel=\"nofollow noopener\">Allemagne : un homme soup\u00e7onn\u00e9 d&rsquo;espionnage de cibles juives pour le compte de l&rsquo;Iran arr\u00eat\u00e9<\/a>&nbsp;&nbsp;Le Figaro<\/li>\n<li><a href=\"https:\/\/news.google.com\/rss\/articles\/CBMi9wFBVV95cUxQcHpQM2VTeDVOYVBmemtfX2hsVDZmNFcxYm1sTjF1SW9RWFNiVExPRFk0bllfc3owbk1vTjJLZU5BVlJjNWphbFV3dEs3TDRSTDJ3MnVxckdPNE9tVzFfUFFsX3NwazFQUzhiQ2d5bDBud1V1NXFpeGl0NEhhN2gwU3cwVENJS0E2RnFWU1RJSlJhT2JTTVU3ZV9fOXFEcjhxQTdYWmpYN3NBaGhXdGxIQV9KcUpSblR0M1dCS0NhMmJxWUt3dlBmSXc5V2JNb0JaT3NkTUU4NkVLMUp3N3F2MEhralMwdklibHdiNnN6MDUxTTFra2FF?oc=5\" target=\"_blank\" rel=\"nofollow noopener\">L&rsquo;ambassade iranienne \u00e0 Berlin d\u00e9ment avoir planifi\u00e9 une attaque contre des institutions juives de la ville<\/a>&nbsp;&nbsp;i24NEWS<\/li>\n<li><a href=\"https:\/\/news.google.com\/rss\/articles\/CBMinAJBVV95cUxPY01YVVZhb0M5eHNwT3ZOa05JX0tBOHdVT3dQWVkzTkZ0OU1XSFFxYy1sT2dVS3dDUTVPb2puQkxQdFR4RUtEN1lzTlhCQnY2ckhFZkxoX1dtZ2RNUHhCVEp6MWM5TnFlSUg0ZXlTdmktQVdhOGhLRTlGMzRudWYxNUNIdnpOd1NJbWxadDFHc2JydXNOY2hLLS0zWXNmOGVqVTE2TlFtOFMtWGR3RzBsX2ZRa01kNkJQdFRuMG1hbFZuR3d1cUFNa1UxQzhuRVpFemx0WDlqdEVLYlJHR1BLaHlrRzQ2Tm1XQ19hbGVEZG5kZTcycG9oNzFZdVRfcUtIQWRrRlpBZHlmcllISkhDTERvMXVrRmx6M1huNw?oc=5\" target=\"_blank\" rel=\"nofollow noopener\">En Allemagne, un espion pr\u00e9sum\u00e9 de l\u2019Iran arr\u00eat\u00e9 pour avoir recueilli des renseignements sur des cibles juives<\/a>&nbsp;&nbsp;Lib\u00e9ration<\/li>\n<li><a href=\"https:\/\/news.google.com\/rss\/articles\/CBMikwFBVV95cUxQMGVZUDM5RGJING9BTjl3bml5ZjhJQkF6SlhIeWNMeC1SM3BJbGR4bnJKUC1iX1J6WEN0RVZKM01BMUpTYlN5TmJHVXVTRUVncjAtQlpnaVNiWld2YnVLQk41R3VzLTFjYnQxY0tEbUxnOVRqRkRiMWEwWEtRNHktT2dKZTZTWXdsZUdrYkZmVENSclE?oc=5\" target=\"_blank\" rel=\"nofollow noopener\">Allemagne : un citoyen danois, soup\u00e7onn\u00e9 d&rsquo;espionner des institutions juives pour l&rsquo;Iran, arr\u00eat\u00e9<\/a>&nbsp;&nbsp;Euronews.com<\/li>\n<\/ol>\n","protected":false},"excerpt":{"rendered":"Allemagne : un homme soup\u00e7onn\u00e9 d&rsquo;espionnage de cibles juives pour le compte de l&rsquo;Iran&nbsp;&nbsp;Sud Ouest Allemagne : un&hellip;\n","protected":false},"author":2,"featured_media":219895,"comment_status":"","ping_status":"","sticky":false,"template":"","format":"standard","meta":{"footnotes":""},"categories":[1587],"tags":[11,672,1804,1805,1803,1777,674,1801,12,1802],"class_list":{"0":"post-219894","1":"post","2":"type-post","3":"status-publish","4":"format-standard","5":"has-post-thumbnail","7":"category-allemagne","8":"tag-actualites","9":"tag-allemagne","10":"tag-bundesrepublik-deutschland","11":"tag-de","12":"tag-deutschland","13":"tag-eu","14":"tag-europe","15":"tag-germany","16":"tag-news","17":"tag-republique-federale-dallemagne"},"share_on_mastodon":{"url":"https:\/\/pubeurope.com\/@fr\/114781933191820968","error":""},"_links":{"self":[{"href":"https:\/\/www.europesays.com\/fr\/wp-json\/wp\/v2\/posts\/219894","targetHints":{"allow":["GET"]}}],"collection":[{"href":"https:\/\/www.europesays.com\/fr\/wp-json\/wp\/v2\/posts"}],"about":[{"href":"https:\/\/www.europesays.com\/fr\/wp-json\/wp\/v2\/types\/post"}],"author":[{"embeddable":true,"href":"https:\/\/www.europesays.com\/fr\/wp-json\/wp\/v2\/users\/2"}],"replies":[{"embeddable":true,"href":"https:\/\/www.europesays.com\/fr\/wp-json\/wp\/v2\/comments?post=219894"}],"version-history":[{"count":0,"href":"https:\/\/www.europesays.com\/fr\/wp-json\/wp\/v2\/posts\/219894\/revisions"}],"wp:featuredmedia":[{"embeddable":true,"href":"https:\/\/www.europesays.com\/fr\/wp-json\/wp\/v2\/media\/219895"}],"wp:attachment":[{"href":"https:\/\/www.europesays.com\/fr\/wp-json\/wp\/v2\/media?parent=219894"}],"wp:term":[{"taxonomy":"category","embeddable":true,"href":"https:\/\/www.europesays.com\/fr\/wp-json\/wp\/v2\/categories?post=219894"},{"taxonomy":"post_tag","embeddable":true,"href":"https:\/\/www.europesays.com\/fr\/wp-json\/wp\/v2\/tags?post=219894"}],"curies":[{"name":"wp","href":"https:\/\/api.w.org\/{rel}","templated":true}]}}