{"id":219896,"date":"2025-07-02T05:14:11","date_gmt":"2025-07-02T05:14:11","guid":{"rendered":"https:\/\/www.europesays.com\/fr\/219896\/"},"modified":"2025-07-02T05:14:11","modified_gmt":"2025-07-02T05:14:11","slug":"les-valeurs-a-suivre-a-paris-et-en-europe-02-07-2025-a-0639","status":"publish","type":"post","link":"https:\/\/www.europesays.com\/fr\/219896\/","title":{"rendered":"Les valeurs \u00e0 suivre \u00e0 Paris et en Europe &#8211; 02\/07\/2025 \u00e0 06:39"},"content":{"rendered":"<p>\n *\n<\/p>\n<p>\n Variation des futures sur indice CAC 40  0#FCE:\n<\/p>\n<p>\n *\n<\/p>\n<p>\n Variation des futures sur indice Stoxx 600  0#FXXP:\n<\/p>\n<p>\n *\n<\/p>\n<p>\n Valeurs qui se traitent ex-dividende  .EX.PA\n<\/p>\n<p>\n *\n<\/p>\n<p>\n Le point sur les march\u00e9s europ\u00e9ens  .EUFR\n<\/p>\n<p>\n Les valeurs \u00e0 suivre<br \/>\nmercredi \u00e0 la Bourse de Paris et en Europe :\n<\/p>\n<p>\n * SECTEUR AUTOMOBILE &#8211; Les immatriculations de voitures<br \/>\nneuves en France ont diminu\u00e9 en juin de 6,72% en rythme annuel,<br \/>\nselon les donn\u00e9es communiqu\u00e9es mardi par la Plateforme<br \/>\nautomobile (PFA).\n<\/p>\n<p>\n * ARGAN<br \/>\n <a href=\"https:\/\/www.boursorama.com\/cours\/1rPARG\/\" rel=\"nofollow noopener\" target=\"_blank\"><br \/>\n  ARGAN.PA<br \/>\n <\/a><br \/>\n a fait \u00e9tat mardi d&rsquo;une hausse de 8% sur<br \/>\nun an de ses revenus locatifs au premier semestre, le groupe<br \/>\ncitant l&rsquo;effet ann\u00e9e pleine des huit livraisons de 2024,<br \/>\nintervenues principalement au deuxi\u00e8me semestre, ainsi que de la<br \/>\nr\u00e9vision des loyers (+3,45%) au 1er janvier 2025.\n<\/p>\n<p>\n * AIRBUS<br \/>\n <a href=\"https:\/\/www.boursorama.com\/cours\/1rPAIR\/\" rel=\"nofollow noopener\" target=\"_blank\"><br \/>\n  AIR.PA<br \/>\n <\/a><br \/>\n a livr\u00e9 une soixantaine d&rsquo;appareils en<br \/>\njuin, a rapport\u00e9 mardi l&rsquo;agence Bloomberg.\n<\/p>\n<p>\n * ENGIE<br \/>\n <a href=\"https:\/\/www.boursorama.com\/cours\/1rPENGI\/\" rel=\"nofollow noopener\" target=\"_blank\"><br \/>\n  ENGIE.PA<br \/>\n <\/a><br \/>\n a annonc\u00e9 mardi la mise en service du<br \/>\nparc \u00e9olien Red Sea Wind Energy \u00e0 Ras Gharebm en \u00c9gypte,<br \/>\nd\u00e9sormais le plus grand parc \u00e9olien op\u00e9rationnel du Moyen-Orient<br \/>\net d\u2019Afrique avec 650 m\u00e9gawatts (MW) install\u00e9s.\n<\/p>\n<p>\n * SPIE<br \/>\n <a href=\"https:\/\/www.boursorama.com\/cours\/1rPSPIE\/\" rel=\"nofollow noopener\" target=\"_blank\"><br \/>\n  SPIE.PA<br \/>\n <\/a><br \/>\n a annonc\u00e9 mardi la signature d&rsquo;un accord en<br \/>\nvue de l&rsquo;acquisition de SD Fiber.\n<\/p>\n<p>\n L&rsquo;AGENDA FRANCE &amp; INTERNATIONAL \u00c0 7 JOURS:<\/p>\n<p> nL8N3SW067\n<\/p>\n<p>\n (R\u00e9dig\u00e9 par Diana Mandia, \u00e9dit\u00e9 par Augustin Turpin)<\/p>\n","protected":false},"excerpt":{"rendered":"* Variation des futures sur indice CAC 40 0#FCE: * Variation des futures sur indice Stoxx 600 0#FXXP:&hellip;\n","protected":false},"author":2,"featured_media":64038,"comment_status":"","ping_status":"","sticky":false,"template":"","format":"standard","meta":{"footnotes":""},"categories":[1586],"tags":[400,11,398,408,405,1777,674,1011,27,403,402,399,404,12,25,401,406,407],"class_list":{"0":"post-219896","1":"post","2":"type-post","3":"status-publish","4":"format-standard","5":"has-post-thumbnail","7":"category-europe","8":"tag-action-cac-40","9":"tag-actualites","10":"tag-bourse-de-paris","11":"tag-boursorama","12":"tag-cotations","13":"tag-eu","14":"tag-europe","15":"tag-fr","16":"tag-france","17":"tag-indices-devises","18":"tag-investir","19":"tag-investissement","20":"tag-marche-boursier","21":"tag-news","22":"tag-republique-francaise","23":"tag-sicav","24":"tag-trackers","25":"tag-warrants"},"share_on_mastodon":{"url":"https:\/\/pubeurope.com\/@fr\/114781937202803912","error":""},"_links":{"self":[{"href":"https:\/\/www.europesays.com\/fr\/wp-json\/wp\/v2\/posts\/219896","targetHints":{"allow":["GET"]}}],"collection":[{"href":"https:\/\/www.europesays.com\/fr\/wp-json\/wp\/v2\/posts"}],"about":[{"href":"https:\/\/www.europesays.com\/fr\/wp-json\/wp\/v2\/types\/post"}],"author":[{"embeddable":true,"href":"https:\/\/www.europesays.com\/fr\/wp-json\/wp\/v2\/users\/2"}],"replies":[{"embeddable":true,"href":"https:\/\/www.europesays.com\/fr\/wp-json\/wp\/v2\/comments?post=219896"}],"version-history":[{"count":0,"href":"https:\/\/www.europesays.com\/fr\/wp-json\/wp\/v2\/posts\/219896\/revisions"}],"wp:featuredmedia":[{"embeddable":true,"href":"https:\/\/www.europesays.com\/fr\/wp-json\/wp\/v2\/media\/64038"}],"wp:attachment":[{"href":"https:\/\/www.europesays.com\/fr\/wp-json\/wp\/v2\/media?parent=219896"}],"wp:term":[{"taxonomy":"category","embeddable":true,"href":"https:\/\/www.europesays.com\/fr\/wp-json\/wp\/v2\/categories?post=219896"},{"taxonomy":"post_tag","embeddable":true,"href":"https:\/\/www.europesays.com\/fr\/wp-json\/wp\/v2\/tags?post=219896"}],"curies":[{"name":"wp","href":"https:\/\/api.w.org\/{rel}","templated":true}]}}