{"id":219990,"date":"2025-07-02T06:10:10","date_gmt":"2025-07-02T06:10:10","guid":{"rendered":"https:\/\/www.europesays.com\/fr\/219990\/"},"modified":"2025-07-02T06:10:10","modified_gmt":"2025-07-02T06:10:10","slug":"la-lyonnaise-lucie-carrasco-sur-les-routes-de-france-avec-jeremy-michalak","status":"publish","type":"post","link":"https:\/\/www.europesays.com\/fr\/219990\/","title":{"rendered":"La lyonnaise Lucie Carrasco sur les routes de France avec J\u00e9r\u00e9my Michalak\u00a0"},"content":{"rendered":"<p itemprop=\"description\"><strong>Le documentaire Le tour de France de Lucie est diffus\u00e9 ce mercredi soir.<\/strong><\/p>\n<p>Les t\u00e9l\u00e9spectateurs ont d\u00e9j\u00e0 pu voyager avec <strong>Lucie Carrasco<\/strong> aux Etats-Unis, au Japon, en Australie, au Br\u00e9sil ou encore au Qu\u00e9bec. La Lyonnaise d&rsquo;origine, qui habite aujourd&rsquo;hui \u00e0 Valence, est cette fois-ci partie en camping-car toujours avec son acolyte <strong>J\u00e9r\u00e9my Michalak<\/strong>. L\u2019objectif est une nouvelle fois pour Lucie Carrasco de prouver que tout est possible malgr\u00e9 le handicap.\u00a0<\/p>\n<p>La styliste de 43 ans souffre en effet d\u2019une amyotrophie spinale, une maladie g\u00e9n\u00e9tique neuromusculaire rare, et se d\u00e9place en fauteuil roulant. Cela n\u2019a pas emp\u00each\u00e9 Lucie Carrasco de voyager ces derni\u00e8res ann\u00e9es \u00e0 travers le monde avec au bout des documentaires diffus\u00e9s \u00e0 la t\u00e9l\u00e9vision mettant en avant son humour et sa passion pour l\u2019\u00e9vasion aux c\u00f4t\u00e9s du r\u00e9alisateur J\u00e9r\u00e9my Michalak.\u00a0<\/p>\n<p>A l\u2019occasion de leur dix ans de collaboration ensemble, le duo a cette fois-ci choisi la France pour son nouveau road-trip en camping-car avec des escales et des rencontres au Mont-Saint-Michel, sur la C\u00f4te d\u2019Azur, le bassin d\u2019Arcachon ou encore les Hauts-de-France et le Lot. L\u2019arriv\u00e9e est pr\u00e9vue sur les Champs-Elys\u00e9es \u00e0 Paris.\u00a0<\/p>\n<p>Une fa\u00e7on pour les t\u00e9l\u00e9spectateurs de red\u00e9couvrir la France. Rendez-vous ce mercredi soir \u00e0 partir de 21h05 sur France 5.<\/p>\n<blockquote class=\"instagram-media\" style=\"background: #FFF; border: 0; border-radius: 3px; box-shadow: 0 0 1px 0 rgba(0,0,0,0.5),0 1px 10px 0 rgba(0,0,0,0.15); margin: 1px; max-width: 540px; min-width: 326px; padding: 0; width: calc(100% - 2px);\" data-instgrm-captioned=\"\" data-instgrm-permalink=\"https:\/\/www.instagram.com\/reel\/DLfdaw7suvW\/?utm_source=ig_embed&amp;utm_campaign=loading\" data-instgrm-version=\"14\"><p>&#13;<br \/>\n&#13;\n<\/p><\/blockquote>\n<p>\t\t  <script async src=\"\/\/www.instagram.com\/embed.js\"><\/script><\/p>\n","protected":false},"excerpt":{"rendered":"Le documentaire Le tour de France de Lucie est diffus\u00e9 ce mercredi soir. Les t\u00e9l\u00e9spectateurs ont d\u00e9j\u00e0 pu&hellip;\n","protected":false},"author":2,"featured_media":219991,"comment_status":"","ping_status":"","sticky":false,"template":"","format":"standard","meta":{"footnotes":""},"categories":[1889],"tags":[1111,11,2813,2190,2430,1109,251,1112,2811,1777,674,118,1294,4651,1011,27,1922,1110,1114,2428,4903,4902,12,241,316,25,2812,517,800],"class_list":{"0":"post-219990","1":"post","2":"type-post","3":"status-publish","4":"format-standard","5":"has-post-thumbnail","7":"category-lyon","8":"tag-actu","9":"tag-actualites","10":"tag-article","11":"tag-asvel","12":"tag-auvergne-rhone-alpes","13":"tag-breves","14":"tag-culture","15":"tag-depeches","16":"tag-economique","17":"tag-eu","18":"tag-europe","19":"tag-faits-divers","20":"tag-femme","21":"tag-femmes","22":"tag-fr","23":"tag-france","24":"tag-info","25":"tag-informations","26":"tag-infos","27":"tag-lyon","28":"tag-lyonfemme","29":"tag-lyonfemmes","30":"tag-news","31":"tag-ol","32":"tag-politique","33":"tag-republique-francaise","34":"tag-sociale","35":"tag-sport","36":"tag-transports"},"share_on_mastodon":{"url":"https:\/\/pubeurope.com\/@fr\/114782157139716706","error":""},"_links":{"self":[{"href":"https:\/\/www.europesays.com\/fr\/wp-json\/wp\/v2\/posts\/219990","targetHints":{"allow":["GET"]}}],"collection":[{"href":"https:\/\/www.europesays.com\/fr\/wp-json\/wp\/v2\/posts"}],"about":[{"href":"https:\/\/www.europesays.com\/fr\/wp-json\/wp\/v2\/types\/post"}],"author":[{"embeddable":true,"href":"https:\/\/www.europesays.com\/fr\/wp-json\/wp\/v2\/users\/2"}],"replies":[{"embeddable":true,"href":"https:\/\/www.europesays.com\/fr\/wp-json\/wp\/v2\/comments?post=219990"}],"version-history":[{"count":0,"href":"https:\/\/www.europesays.com\/fr\/wp-json\/wp\/v2\/posts\/219990\/revisions"}],"wp:featuredmedia":[{"embeddable":true,"href":"https:\/\/www.europesays.com\/fr\/wp-json\/wp\/v2\/media\/219991"}],"wp:attachment":[{"href":"https:\/\/www.europesays.com\/fr\/wp-json\/wp\/v2\/media?parent=219990"}],"wp:term":[{"taxonomy":"category","embeddable":true,"href":"https:\/\/www.europesays.com\/fr\/wp-json\/wp\/v2\/categories?post=219990"},{"taxonomy":"post_tag","embeddable":true,"href":"https:\/\/www.europesays.com\/fr\/wp-json\/wp\/v2\/tags?post=219990"}],"curies":[{"name":"wp","href":"https:\/\/api.w.org\/{rel}","templated":true}]}}