{"id":219996,"date":"2025-07-02T06:13:10","date_gmt":"2025-07-02T06:13:10","guid":{"rendered":"https:\/\/www.europesays.com\/fr\/219996\/"},"modified":"2025-07-02T06:13:10","modified_gmt":"2025-07-02T06:13:10","slug":"canicule-37c-a-22-heures-a-paris-le-mercure-bloque-au-dessus-des-20-c-nouvelle-nuit-tropicale-en-ile-de-france","status":"publish","type":"post","link":"https:\/\/www.europesays.com\/fr\/219996\/","title":{"rendered":"Canicule\u00a0: 37\u00b0C \u00e0 22\u00a0heures \u00e0 Paris, le mercure bloqu\u00e9 au-dessus des 20\u00a0\u00b0C\u2026 nouvelle nuit tropicale en \u00cele-de-France"},"content":{"rendered":"<p class=\"paragraph text_align_left lp-f-body-02\">On ne s\u2019y fait pas. Impossible de s\u2019habituer aux chaleurs qui touchent la France depuis maintenant plusieurs jours\u2026 <a href=\"https:\/\/www.leparisien.fr\/paris-75\/canicule-en-ile-de-france-30-c-a-paris-a-3-heures-du-matin-10-degres-decart-avec-la-grande-couronne-01-07-2025-LERTLQSBGVCSDMQ6YMPT2SYS2U.php\" target=\"_self\" rel=\"noopener\">et plusieurs nuits<\/a>. Comme c\u2019est le cas depuis le d\u00e9but de la semaine, <a href=\"https:\/\/www.leparisien.fr\/info-paris-ile-de-france-oise\/\" target=\"_self\" rel=\"noopener\">l\u2019\u00cele-de-France<\/a> a une nouvelle fois suffoqu\u00e9 dans la nuit de mardi \u00e0 mercredi, avec des temp\u00e9ratures qui ne sont que tr\u00e8s rarement descendues sous les 20 \u00b0C.<\/p>\n<p class=\"paragraph text_align_left lp-f-body-02\">Comme si les nuits passaient et se ressemblaient. Et comme si les cartes m\u00e9t\u00e9o faisaient de m\u00eame. D\u2019apr\u00e8s les donn\u00e9es de Meteociel, des temp\u00e9ratures affolantes ont accompagn\u00e9 les nuits parisiennes et franciliennes. Exemple \u00e0 22 heures, au d\u00e9but de la nuit, o\u00f9 l\u2019immense majorit\u00e9 de la r\u00e9gion \u00e9tait encore au-dessus des 30 \u00b0C, voire des 35 pour <a href=\"https:\/\/www.leparisien.fr\/paris-75\/\" target=\"_self\" rel=\"noopener\">Paris<\/a> et sa petite couronne : comptez 37 \u00b0C relev\u00e9s sur les stations de Paris-Lariboisi\u00e8re <a href=\"https:\/\/www.leparisien.fr\/paris-75\/paris-75010\/\" target=\"_self\" rel=\"noopener\">(Xe)<\/a> et celles de Br\u00e9tigny-sur-Orge et Courcouronnes <a href=\"https:\/\/www.leparisien.fr\/essonne-91\/\" target=\"_self\" rel=\"noopener\">(Essonne)<\/a>.<\/p>\n<p class=\"paragraph text_align_left lp-f-body-02\">Quelques heures plus tard, \u00e0 une heure du matin et quand bien m\u00eame le soleil \u00e9tait couch\u00e9 pour de bon, les temp\u00e9ratures ont elle aussi diminu\u00e9. Mais sont rest\u00e9es \u00e0 des niveaux dignes d\u2019un milieu d\u2019apr\u00e8s-midi : 27 \u00b0C \u00e0 Provins <a href=\"https:\/\/www.leparisien.fr\/seine-et-marne-77\/\" target=\"_self\" rel=\"noopener\">(Seine-et-Marne)<\/a>, 28 \u00b0C au Bourget <a href=\"https:\/\/www.leparisien.fr\/seine-saint-denis-93\/\" target=\"_self\" rel=\"noopener\">(Seine-Saint-Denis)<\/a>, 29 \u00b0C \u00e0 Maisons-Laffitte <a href=\"https:\/\/www.leparisien.fr\/yvelines-78\/\" target=\"_self\" rel=\"noopener\">(Yvelines)<\/a> et toujours 31 dans le centre de Paris.<\/p>\n<p class=\"paragraph text_align_left lp-f-body-02\">Comme les nuits pr\u00e9c\u00e9dentes, le mercure a surtout atteint des sommets dans la capitale et ses communes imm\u00e9diatement voisines, laissant quelque peu de r\u00e9pit \u00e0 la grande couronne. Ainsi, \u00e0 4 heures du matin, des petites zones de \u00ab fra\u00eecheur \u00bb, \u00e0 savoir sous les 20 \u00b0C, ont pu \u00eatre relev\u00e9es au sud de la r\u00e9gion, notamment du c\u00f4t\u00e9 des fronti\u00e8res avec l\u2019Eure-et-Loir et le Loiret.<\/p>\n<p>Une nuit aussi chaude que la pr\u00e9c\u00e9dente<\/p>\n<p class=\"paragraph text_align_left lp-f-body-02\">Au m\u00eame moment, la petite couronne suffoquait toujours autant avec une moyenne de 26 \u00b0C \u00e0 Paris, en Seine-Saint-Denis, dans les <a href=\"https:\/\/www.leparisien.fr\/hauts-de-seine-92\/\" target=\"_self\" rel=\"noopener\">Hauts-de-Seine<\/a> et dans le <a href=\"https:\/\/www.leparisien.fr\/val-de-marne-94\/\" target=\"_self\" rel=\"noopener\">Val-de-Marne<\/a>. Par rapport \u00e0 la nuit de lundi \u00e0 mardi, qui aura \u00e9t\u00e9 la pire, comptez un petit degr\u00e9 en moins. Pas certain pour autant que nos organismes aient fait la diff\u00e9rence.<\/p>\n<p class=\"paragraph text_align_left lp-f-body-02\">Une nouvelle fois, il aura fallu attendre la toute fin de nuit, voire le petit matin, pour conna\u00eetre les temp\u00e9ratures les moins \u00e9lev\u00e9es. Saluons notamment la station de Prunay-le-Temple, tout \u00e0 l\u2019ouest des Yvelines, qui a relev\u00e9 un tr\u00e8s agr\u00e9able 15 \u00b0C \u00e0 6 heures du matin. C\u2019\u00e9tait avant de repartir \u00e0 la hausse moins d\u2019une heure plus tard pour une nouvelle journ\u00e9e bouillante, quand bien m\u00eame les d\u00e9partements franciliens <a href=\"https:\/\/www.leparisien.fr\/meteo\/canicule-dans-quel-cas-passe-t-on-en-vigilance-rouge-30-06-2025-KW5KMSDAKJCNHCH7VZDDRJAEXI.php\" target=\"_self\" rel=\"noopener\">ne sont plus en vigilance rouge<\/a>.<\/p>\n","protected":false},"excerpt":{"rendered":"On ne s\u2019y fait pas. Impossible de s\u2019habituer aux chaleurs qui touchent la France depuis maintenant plusieurs jours\u2026&hellip;\n","protected":false},"author":2,"featured_media":218529,"comment_status":"","ping_status":"","sticky":false,"template":"","format":"standard","meta":{"footnotes":""},"categories":[1592],"tags":[1111,11,1777,674,1011,27,662,1944,12,626,25],"class_list":{"0":"post-219996","1":"post","2":"type-post","3":"status-publish","4":"format-standard","5":"has-post-thumbnail","7":"category-ile-de-france","8":"tag-actu","9":"tag-actualites","10":"tag-eu","11":"tag-europe","12":"tag-fr","13":"tag-france","14":"tag-ile-de-france","15":"tag-ma-ville","16":"tag-news","17":"tag-paris","18":"tag-republique-francaise"},"share_on_mastodon":{"url":"https:\/\/pubeurope.com\/@fr\/114782169048795100","error":""},"_links":{"self":[{"href":"https:\/\/www.europesays.com\/fr\/wp-json\/wp\/v2\/posts\/219996","targetHints":{"allow":["GET"]}}],"collection":[{"href":"https:\/\/www.europesays.com\/fr\/wp-json\/wp\/v2\/posts"}],"about":[{"href":"https:\/\/www.europesays.com\/fr\/wp-json\/wp\/v2\/types\/post"}],"author":[{"embeddable":true,"href":"https:\/\/www.europesays.com\/fr\/wp-json\/wp\/v2\/users\/2"}],"replies":[{"embeddable":true,"href":"https:\/\/www.europesays.com\/fr\/wp-json\/wp\/v2\/comments?post=219996"}],"version-history":[{"count":0,"href":"https:\/\/www.europesays.com\/fr\/wp-json\/wp\/v2\/posts\/219996\/revisions"}],"wp:featuredmedia":[{"embeddable":true,"href":"https:\/\/www.europesays.com\/fr\/wp-json\/wp\/v2\/media\/218529"}],"wp:attachment":[{"href":"https:\/\/www.europesays.com\/fr\/wp-json\/wp\/v2\/media?parent=219996"}],"wp:term":[{"taxonomy":"category","embeddable":true,"href":"https:\/\/www.europesays.com\/fr\/wp-json\/wp\/v2\/categories?post=219996"},{"taxonomy":"post_tag","embeddable":true,"href":"https:\/\/www.europesays.com\/fr\/wp-json\/wp\/v2\/tags?post=219996"}],"curies":[{"name":"wp","href":"https:\/\/api.w.org\/{rel}","templated":true}]}}