{"id":220000,"date":"2025-07-02T06:16:20","date_gmt":"2025-07-02T06:16:20","guid":{"rendered":"https:\/\/www.europesays.com\/fr\/220000\/"},"modified":"2025-07-02T06:16:20","modified_gmt":"2025-07-02T06:16:20","slug":"le-musee-du-louvre-sagrandit-tout-ce-quil-faut-savoir-sur-sa-renovation","status":"publish","type":"post","link":"https:\/\/www.europesays.com\/fr\/220000\/","title":{"rendered":"Le mus\u00e9e du Louvre s&rsquo;agrandit : tout ce qu&rsquo;il faut savoir sur sa r\u00e9novation"},"content":{"rendered":"<p>Quoi de mieux de recueillir des plans d&rsquo;<a href=\"https:\/\/www.vogue.fr\/article\/grand-palais-reouverture-2025-jeux-olympiques\" target=\"_blank\" rel=\"noopener\">architecture<\/a> pour choisir le meilleur d&rsquo;entre eux afin de restaurer un mus\u00e9e ? C&rsquo;est ce que le <a href=\"https:\/\/www.vogue.fr\/dossier\/louvre\" isautogenerated=\"true\" target=\"_blank\" rel=\"noopener\">Louvre<\/a> initie, avec son projet de renouveler son entr\u00e9e et sa volont\u00e9 de conceptualiser une pi\u00e8ce seulement r\u00e9serv\u00e9e \u00e0 la fameuse Joconde de <strong>L\u00e9onard de Vinci<\/strong>. Prenant part d&rsquo;un plan de r\u00e9novation qui devrait durer 5 ans, instaur\u00e9 par le gouvernement fran\u00e7ais, le mus\u00e9e du Louvre est pr\u00eat \u00e0 se moderniser pour ainsi mieux g\u00e9rer l&rsquo;affluence de ses visiteur\u00b7euses.<\/p>\n<p>Un concours innovant<\/p>\n<p>Ce 27 juin 2025, le mus\u00e9e du Louvre lance un concours international d&rsquo;architecture in\u00e9dit pour la restauration de ses lieux. Son but principal \u00e9tant d&rsquo;agrandir son espace historique et de d\u00e9sengorger ses visiteur\u00b7euses gr\u00e2ce \u00e0 une nouvelle entr\u00e9e et \u00e0 un nouvel espace d&rsquo;exposition pour l&rsquo;une de ses pi\u00e8ces ma\u00eetresses, la Joconde. Cette initiative de lancer ce concours fait suite aux pr\u00e9occupations croissantes concernant le vieillissement des infrastructures du Louvre et d&rsquo;une gr\u00e8ve soudaine par le personnel, deux semaines auparavant.<\/p>\n<p>L&rsquo;architecte laur\u00e9at\u00b7e devra diriger son projet de construction d&rsquo;une valeur estim\u00e9e \u00e0 270 millions d&rsquo;euros avec une nouvelle entr\u00e9e qui s&rsquo;accorde aux colonnades classiques du XVII\u00e8me si\u00e8cle du c\u00f4t\u00e9 est du mus\u00e9e. Quant \u00e0 la Joconde, le cadre id\u00e9al imagin\u00e9 serait dans une nouvelle galerie souterraine d&rsquo;une superficie de 33 000 pieds carr\u00e9s. L&rsquo;espace offrira un acc\u00e8s minut\u00e9 distinct des galeries principales, dans le but de r\u00e9duire les foules constantes qui submergent la salle actuelle du tableau. Cinq finalistes seront choisis et d\u00e9partag\u00e9s en octobre prochain par un jury de 21 personnes. Le ou la grand\u00b7e gagnant\u00b7e sera annonc\u00e9\u00b7e en 2026.<\/p>\n<p>\u00a9 Robert Nickelsberg \/ Getty Images<\/p>\n","protected":false},"excerpt":{"rendered":"Quoi de mieux de recueillir des plans d&rsquo;architecture pour choisir le meilleur d&rsquo;entre eux afin de restaurer un&hellip;\n","protected":false},"author":2,"featured_media":220001,"comment_status":"","ping_status":"","sticky":false,"template":"","format":"standard","meta":{"footnotes":""},"categories":[1888],"tags":[11,3734,1777,674,1349,1011,27,11274,12,626,25],"class_list":{"0":"post-220000","1":"post","2":"type-post","3":"status-publish","4":"format-standard","5":"has-post-thumbnail","7":"category-paris","8":"tag-actualites","9":"tag-art","10":"tag-eu","11":"tag-europe","12":"tag-expositions","13":"tag-fr","14":"tag-france","15":"tag-louvre","16":"tag-news","17":"tag-paris","18":"tag-republique-francaise"},"share_on_mastodon":{"url":"https:\/\/pubeurope.com\/@fr\/114782180913506421","error":""},"_links":{"self":[{"href":"https:\/\/www.europesays.com\/fr\/wp-json\/wp\/v2\/posts\/220000","targetHints":{"allow":["GET"]}}],"collection":[{"href":"https:\/\/www.europesays.com\/fr\/wp-json\/wp\/v2\/posts"}],"about":[{"href":"https:\/\/www.europesays.com\/fr\/wp-json\/wp\/v2\/types\/post"}],"author":[{"embeddable":true,"href":"https:\/\/www.europesays.com\/fr\/wp-json\/wp\/v2\/users\/2"}],"replies":[{"embeddable":true,"href":"https:\/\/www.europesays.com\/fr\/wp-json\/wp\/v2\/comments?post=220000"}],"version-history":[{"count":0,"href":"https:\/\/www.europesays.com\/fr\/wp-json\/wp\/v2\/posts\/220000\/revisions"}],"wp:featuredmedia":[{"embeddable":true,"href":"https:\/\/www.europesays.com\/fr\/wp-json\/wp\/v2\/media\/220001"}],"wp:attachment":[{"href":"https:\/\/www.europesays.com\/fr\/wp-json\/wp\/v2\/media?parent=220000"}],"wp:term":[{"taxonomy":"category","embeddable":true,"href":"https:\/\/www.europesays.com\/fr\/wp-json\/wp\/v2\/categories?post=220000"},{"taxonomy":"post_tag","embeddable":true,"href":"https:\/\/www.europesays.com\/fr\/wp-json\/wp\/v2\/tags?post=220000"}],"curies":[{"name":"wp","href":"https:\/\/api.w.org\/{rel}","templated":true}]}}