{"id":220009,"date":"2025-07-02T06:21:09","date_gmt":"2025-07-02T06:21:09","guid":{"rendered":"https:\/\/www.europesays.com\/fr\/220009\/"},"modified":"2025-07-02T06:21:09","modified_gmt":"2025-07-02T06:21:09","slug":"deux-accords-en-90-jours-le-maigre-bilan-de-donald-trump","status":"publish","type":"post","link":"https:\/\/www.europesays.com\/fr\/220009\/","title":{"rendered":"Deux accords en 90 jours, le maigre bilan de Donald Trump"},"content":{"rendered":"<p>Sauf report, le d\u00e9lai pr\u00e9vu par Washington sur l\u2019application des taxes douani\u00e8res suppl\u00e9mentaires annonc\u00e9es en avril doit s\u2019achever le mercredi 9\u00a0juillet. A une semaine de l\u2019\u00e9ch\u00e9ance, peu d\u2019accords ont \u00e9t\u00e9 conclus par l\u2019administration Trump, alors qu\u2019un droit de douane de 10% a \u00e9t\u00e9 maintenu sur la p\u00e9riode. L\u2019incertitude demeure sur les d\u00e9cisions qui seront prises \u00e0 l\u2019issue de ce d\u00e9lai. Si un retour aux tarifs suspendus est possible, ce qui signifierait un taux de 31% pour la Suisse par exemple, un nouveau report n\u2019est pas \u00e0 exclure.<\/p>\n<p>Peter Navarro, conseiller \u00e9conomique de Donald Trump, avait d\u00e9clar\u00e9 que le gouvernement am\u00e9ricain visait un objectif de 90 accords en 90 jours. Hormis celles avec la Royaume-Uni et la Chine, aucune des n\u00e9gociations n\u2019a officiellement abouti pour le moment. Le 27\u00a0juin, Scott Bessent affirmait que des discussions avec 18 \u00abpartenaires commerciaux importants\u00bb \u00e9taient en cours et que la Maison-Blanche esp\u00e9rait signer des accords suppl\u00e9mentaires d\u2019ici au Labor Day (1er\u00a0septembre).<a href=\"https:\/\/www.ft.com\/content\/e268d462-593c-45b1-8cf1-c3d382219dd2\" rel=\"nofollow noopener\" target=\"_blank\">Selon le Financial Times<\/a>, les autorit\u00e9s am\u00e9ricaines chercheraient \u00e0 conclure des accords par \u00e9tapes d\u2019ici \u00e0 la date butoir, pour acc\u00e9l\u00e9rer le processus.<\/p>\n","protected":false},"excerpt":{"rendered":"Sauf report, le d\u00e9lai pr\u00e9vu par Washington sur l\u2019application des taxes douani\u00e8res suppl\u00e9mentaires annonc\u00e9es en avril doit s\u2019achever&hellip;\n","protected":false},"author":2,"featured_media":220010,"comment_status":"","ping_status":"","sticky":false,"template":"","format":"standard","meta":{"footnotes":""},"categories":[1588],"tags":[11,73,1777,674,1074,12,301,473,1853,1851,1850,1852],"class_list":{"0":"post-220009","1":"post","2":"type-post","3":"status-publish","4":"format-standard","5":"has-post-thumbnail","7":"category-royaume-uni","8":"tag-actualites","9":"tag-etats-unis","10":"tag-eu","11":"tag-europe","12":"tag-guerre-commerciale","13":"tag-news","14":"tag-premium","15":"tag-royaume-uni","16":"tag-royaume-uni-de-grande-bretagne-et-dirlande-du-nord","17":"tag-uk","18":"tag-united-kingdom","19":"tag-united-kingdom-of-great-britain-and-northern-ireland"},"share_on_mastodon":{"url":"https:\/\/pubeurope.com\/@fr\/114782200332528868","error":""},"_links":{"self":[{"href":"https:\/\/www.europesays.com\/fr\/wp-json\/wp\/v2\/posts\/220009","targetHints":{"allow":["GET"]}}],"collection":[{"href":"https:\/\/www.europesays.com\/fr\/wp-json\/wp\/v2\/posts"}],"about":[{"href":"https:\/\/www.europesays.com\/fr\/wp-json\/wp\/v2\/types\/post"}],"author":[{"embeddable":true,"href":"https:\/\/www.europesays.com\/fr\/wp-json\/wp\/v2\/users\/2"}],"replies":[{"embeddable":true,"href":"https:\/\/www.europesays.com\/fr\/wp-json\/wp\/v2\/comments?post=220009"}],"version-history":[{"count":0,"href":"https:\/\/www.europesays.com\/fr\/wp-json\/wp\/v2\/posts\/220009\/revisions"}],"wp:featuredmedia":[{"embeddable":true,"href":"https:\/\/www.europesays.com\/fr\/wp-json\/wp\/v2\/media\/220010"}],"wp:attachment":[{"href":"https:\/\/www.europesays.com\/fr\/wp-json\/wp\/v2\/media?parent=220009"}],"wp:term":[{"taxonomy":"category","embeddable":true,"href":"https:\/\/www.europesays.com\/fr\/wp-json\/wp\/v2\/categories?post=220009"},{"taxonomy":"post_tag","embeddable":true,"href":"https:\/\/www.europesays.com\/fr\/wp-json\/wp\/v2\/tags?post=220009"}],"curies":[{"name":"wp","href":"https:\/\/api.w.org\/{rel}","templated":true}]}}