{"id":220013,"date":"2025-07-02T06:23:11","date_gmt":"2025-07-02T06:23:11","guid":{"rendered":"https:\/\/www.europesays.com\/fr\/220013\/"},"modified":"2025-07-02T06:23:11","modified_gmt":"2025-07-02T06:23:11","slug":"fragile-rebond-en-vue-en-europe-mais-doutes-sur-le-commerce-02-07-2025-a-0757","status":"publish","type":"post","link":"https:\/\/www.europesays.com\/fr\/220013\/","title":{"rendered":"Fragile rebond en vue en Europe mais doutes sur le commerce &#8211; 02\/07\/2025 \u00e0 07:57"},"content":{"rendered":"<p>        <img fetchpriority=\"high\" decoding=\"async\" src=\"https:\/\/www.europesays.com\/fr\/wp-content\/uploads\/2025\/07\/f48ca4d117f3310e11a2ff9fa2239c19-760x418.jpg\" alt=\"Le graphique de l'indice boursier allemand DAX est affich\u00e9 \u00e0 la bourse de Francfort, en Allemagne.\" loading=\"eager\" width=\"760\" height=\"418\" style=\"max-width: 100%!important; height: auto;\"\/><\/p>\n<p class=\"c-image-news__legend\">Le graphique de l&rsquo;indice boursier allemand DAX est affich\u00e9 \u00e0 la bourse de Francfort, en Allemagne.<\/p>\n<p>\n par Claude Chendjou\n<\/p>\n<p>\n Un fragile rebond des principales Bourses europ\u00e9ennes est attendu mercredi mais les incertitudes sur le projet de loi budg\u00e9taire am\u00e9ricain et les n\u00e9gociations sur le commerce devraient rester au centre de l&rsquo;attention avant l&rsquo;indicateur majeur de la semaine, le rapport mensuel sur l&#8217;emploi aux Etats-Unis.\n<\/p>\n<p>\n D&rsquo;apr\u00e8s les premi\u00e8res indications disponibles, le CAC 40 parisien devrait rebondir de 0,47% \u00e0 l&rsquo;ouverture apr\u00e8s avoir termin\u00e9 dans le rouge la veille. Le Dax \u00e0 Francfort pourrait avancer de 0,39%, tandis que le FTSE 100 \u00e0 Londres devrait prendre 0,26%.\n<\/p>\n<p>\n L&rsquo;indice EuroStoxx 50 est attendu en progression de 0,45% et le Stoxx 600 en hausse de 0,54%, au lendemain d&rsquo;une perte de 0,21% pour ce dernier indice.\n<\/p>\n<p>\n A l&rsquo;approche de la date butoir du 9 juillet, les inqui\u00e9tudes sur le commerce sont revenues sur le devant de la sc\u00e8ne. L&rsquo;Union europ\u00e9enne (UE) souhaite un all\u00e8gement imm\u00e9diat des droits de douane dans des secteurs cl\u00e9s dans le cadre d&rsquo;un \u00e9ventuel accord avec les Etats-Unis, ont d\u00e9clar\u00e9 des diplomates europ\u00e9ens \u00e0 Reuters. Le pr\u00e9sident am\u00e9ricain, Donald Trump, de son c\u00f4t\u00e9, a d\u00e9clar\u00e9 qu&rsquo;il n&rsquo;envisageait pas de reporter cette date butoir et a de nouveau \u00e9mis des doutes quant \u00e0 la possibilit\u00e9 de conclure un accord avec le Japon, m\u00eame s&rsquo;il a dit esp\u00e9rer en trouver un avec l&rsquo;Inde.\n<\/p>\n<p>\n \u00ab\u00a0Ce n&rsquo;est pas quelque chose (les droits de douane) qui se n\u00e9gocie en une semaine. Je pense que c&rsquo;est aussi ce que les \u00c9tats-Unis sont en train de r\u00e9aliser. Si les droits de douane augmentent \u00e0 nouveau et que la situation se d\u00e9grade, nous pourrons effectivement observer une certaine volatilit\u00e9 \u00e0 court terme\u00a0\u00bb, a d\u00e9clar\u00e9 Matthias Scheiber, g\u00e9rant chez Allspring Global Investments.\n<\/p>\n<p>\n Outre le commerce, les march\u00e9s surveillent \u00e9galement le \u00ab\u00a0One Big Beautiful Bill\u00a0\u00bb, le projet de loi budg\u00e9taire am\u00e9ricain qui pourrait accro\u00eetre la dette de 3.300 milliards de dollars alors que son adoption avant le 4 juillet, f\u00eate de l&rsquo;Ind\u00e9pendance, semble peu probable.\n<\/p>\n<p>\n Ce vendredi \u00e9tant f\u00e9ri\u00e9 aux Etats-Unis, le rapport mensuel officiel sur les cr\u00e9ations de postes, le taux de ch\u00f4mage et les salaires sera publi\u00e9 jeudi. Avant cela, les investisseurs prendront connaissance \u00e0 partir de 12h15 GMT, au lendemain de l&rsquo;enqu\u00eate Jolts sur les offres d&#8217;emplois, de la nouvelle enqu\u00eate ADP, ainsi que de l&rsquo;indice ISM des services.\n<\/p>\n<p>\n En Europe, on attend les chiffres du taux ch\u00f4mage en zone euro \u00e0 09h00 GMT et \u00e0 14h15 GMT le discours de cl\u00f4ture de Christine Lagarde, la pr\u00e9sidente de la Banque centrale europ\u00e9enne (BCE), au symposium de l&rsquo;institution \u00e0 Sintra, au Portugal.\n<\/p>\n<p>\n A WALL STREET\n<\/p>\n<p>\n La Bourse de New York a fini en ordre dispers\u00e9 mardi, le Nasdaq terminant dans le rouge avec le repli des grandes valeurs technologiques, tandis que seul le Dow Jones a enregistr\u00e9 une hausse, \u00e0 l&rsquo;issue d&rsquo;une s\u00e9ance volatile marqu\u00e9e par des signaux mitig\u00e9s.\n<\/p>\n<p>\n L&rsquo;indice Dow Jones a gagn\u00e9 0,91%, ou 400,17 points, \u00e0 44.494,94 points.\n<\/p>\n<p>\n Le S&amp;P-500, plus large, a perdu 6,94 points, soit 0,11%, \u00e0 6.198,01 points.\n<\/p>\n<p>\n Le Nasdaq Composite a recul\u00e9 de son c\u00f4t\u00e9 de 166,84 points (0,82%) \u00e0 20.202,89 points.\n<\/p>\n<p>\n EN ASIE\n<\/p>\n<p>\n A la Bourse de Tokyo, l&rsquo;indice Nikkei reflue de 0,19% \u00e0 39.911,34 points, r\u00e9agissant \u00e0 la baisse des valeurs technologiques am\u00e9ricaines et \u00e0 l&rsquo;incertitude sur les droits de douane. Le Topix, plus large, grignote 0,06% \u00e0 2.833,81 points.\n<\/p>\n<p>\n L&rsquo;indice MSCI regroupant les valeurs d&rsquo;Asie et du Pacifique (hors Japon) perd 0,23%, s&rsquo;\u00e9loignant du sommet de novembre 2021 qu&rsquo;il a atteint la semaine derni\u00e8re.\n<\/p>\n<p>\n En Chine, le SSE Composite de Shanghai fl\u00e9chit de 0,04% et le CSI 300 progresse de 0,07%, les indices faisant du surplace alors que les investisseurs restent prudents dans un contexte de tensions commerciales persistantes dans le monde.\n<\/p>\n<p>\n LES VALEURS A SUIVRE EN EUROPE :\n<\/p>\n<p>\n CHANGES\/TAUX\n<\/p>\n<p>\n Le dollar recule de 0,12% face \u00e0 un panier de devises de r\u00e9f\u00e9rence, apr\u00e8s \u00eatre tomb\u00e9 mercredi \u00e0 son plus bas niveau depuis f\u00e9vrier 2022, les cambistes \u00e9valuant l&rsquo;impact potentiel du projet de loi budg\u00e9taire am\u00e9ricain et les derni\u00e8res d\u00e9clarations du pr\u00e9sident de la R\u00e9serve f\u00e9d\u00e9rale (Fed).\n<\/p>\n<p>\n Jerome Powell a r\u00e9it\u00e9r\u00e9 mardi, lors du symposium de Sintra, que la Fed attendrait davantage de donn\u00e9es avant de r\u00e9duire ses taux, sans toutefois exclure une baisse des co\u00fbts d&#8217;emprunt d\u00e8s ce mois-ci. Ces propos sont jug\u00e9s accommodants par le march\u00e9 et les traders tablent sur une baisse de taux de 64 points de base cette ann\u00e9e, tandis que la probabilit\u00e9 d&rsquo;une r\u00e9duction d\u00e8s ce mois est de 21%.\n<\/p>\n<p>\n L&rsquo;euro recule de 0,14%, \u00e0 1,1789 dollar, juste en dessous du plus haut de trois ans et demi qu&rsquo;il a touch\u00e9 mardi.\n<\/p>\n<p>\n La livre sterling s&rsquo;\u00e9change \u00e0 1,3733 dollar (-0,11%).\n<\/p>\n<p>\n Le rendement des bons du Tr\u00e9sor am\u00e9ricain \u00e0 dix ans est stable, \u00e0 4,2514%, apr\u00e8s avoir touch\u00e9 un plus bas de deux mois lors de la session pr\u00e9c\u00e9dente.\n<\/p>\n<p>\n P\u00c9TROLE\n<\/p>\n<p>\n Le march\u00e9 p\u00e9trolier est en l\u00e9g\u00e8re hausse en attendant les donn\u00e9es officielles sur les stocks de brut am\u00e9ricain de l&rsquo;Energy Information Administration pr\u00e9vues ce mercredi.\n<\/p>\n<p>\n Le Brent progresse de 0,10% \u00e0 67,18 dollars le baril et le brut l\u00e9ger am\u00e9ricain (West Texas Intermediate, WTI) de 0,08% \u00e0 65,5 dollars.\n<\/p>\n<p>\n PRINCIPAUX INDICATEURS \u00c9CONOMIQUES \u00c0 L&rsquo;AGENDA DU 2 JUILLET:\n<\/p>\n<p>\n PAYS    GMT    INDICATEUR                     P\u00c9RIODE     CONSENSUS     PR\u00c9C\u00c9DENT\n<\/p>\n<p>\n FR      06h45  Solde budg\u00e9taire               mai         n.d.          \u20ac-69,30\n<\/p>\n<p>\n mds\n<\/p>\n<p>\n EZ      09h00  Taux de ch\u00f4mage                mai         6,2%          6,2%\n<\/p>\n<p>\n USA     12h15  Enqu\u00eate ADP sur les cr\u00e9ations  juin        95.000        37.000\n<\/p>\n<p>\n de postes\n<\/p>\n<p>\n (R\u00e9dig\u00e9 par Claude Chendjou, \u00e9dit\u00e9 par Augustin Turpin)<\/p>\n","protected":false},"excerpt":{"rendered":"Le graphique de l&rsquo;indice boursier allemand DAX est affich\u00e9 \u00e0 la bourse de Francfort, en Allemagne. par Claude&hellip;\n","protected":false},"author":2,"featured_media":220014,"comment_status":"","ping_status":"","sticky":false,"template":"","format":"standard","meta":{"footnotes":""},"categories":[1586],"tags":[400,11,398,408,405,1777,674,1011,27,403,402,399,404,12,25,401,406,407],"class_list":{"0":"post-220013","1":"post","2":"type-post","3":"status-publish","4":"format-standard","5":"has-post-thumbnail","7":"category-europe","8":"tag-action-cac-40","9":"tag-actualites","10":"tag-bourse-de-paris","11":"tag-boursorama","12":"tag-cotations","13":"tag-eu","14":"tag-europe","15":"tag-fr","16":"tag-france","17":"tag-indices-devises","18":"tag-investir","19":"tag-investissement","20":"tag-marche-boursier","21":"tag-news","22":"tag-republique-francaise","23":"tag-sicav","24":"tag-trackers","25":"tag-warrants"},"share_on_mastodon":{"url":"https:\/\/pubeurope.com\/@fr\/114782208457295007","error":""},"_links":{"self":[{"href":"https:\/\/www.europesays.com\/fr\/wp-json\/wp\/v2\/posts\/220013","targetHints":{"allow":["GET"]}}],"collection":[{"href":"https:\/\/www.europesays.com\/fr\/wp-json\/wp\/v2\/posts"}],"about":[{"href":"https:\/\/www.europesays.com\/fr\/wp-json\/wp\/v2\/types\/post"}],"author":[{"embeddable":true,"href":"https:\/\/www.europesays.com\/fr\/wp-json\/wp\/v2\/users\/2"}],"replies":[{"embeddable":true,"href":"https:\/\/www.europesays.com\/fr\/wp-json\/wp\/v2\/comments?post=220013"}],"version-history":[{"count":0,"href":"https:\/\/www.europesays.com\/fr\/wp-json\/wp\/v2\/posts\/220013\/revisions"}],"wp:featuredmedia":[{"embeddable":true,"href":"https:\/\/www.europesays.com\/fr\/wp-json\/wp\/v2\/media\/220014"}],"wp:attachment":[{"href":"https:\/\/www.europesays.com\/fr\/wp-json\/wp\/v2\/media?parent=220013"}],"wp:term":[{"taxonomy":"category","embeddable":true,"href":"https:\/\/www.europesays.com\/fr\/wp-json\/wp\/v2\/categories?post=220013"},{"taxonomy":"post_tag","embeddable":true,"href":"https:\/\/www.europesays.com\/fr\/wp-json\/wp\/v2\/tags?post=220013"}],"curies":[{"name":"wp","href":"https:\/\/api.w.org\/{rel}","templated":true}]}}