{"id":220017,"date":"2025-07-02T06:25:10","date_gmt":"2025-07-02T06:25:10","guid":{"rendered":"https:\/\/www.europesays.com\/fr\/220017\/"},"modified":"2025-07-02T06:25:10","modified_gmt":"2025-07-02T06:25:10","slug":"les-pistes-de-yael-braun-pivet-pour-soulager-les-finances-publiques","status":"publish","type":"post","link":"https:\/\/www.europesays.com\/fr\/220017\/","title":{"rendered":"les pistes de Ya\u00ebl Braun-Pivet pour soulager les finances publiques"},"content":{"rendered":"<p>Pour faire face aux 40 milliards d\u2019euros d\u2019\u00e9conomies \u00e0 trouver d\u2019ici 2026, la pr\u00e9sidente de l\u2019Assembl\u00e9e nationale envisage des hausses cibl\u00e9es d\u2019imp\u00f4ts, une remise en question de certains avantages fiscaux et appelle \u00e0 rationaliser l\u2019organisation territoriale.<\/p>\n<p class=\"fig-paragraph\">La pr\u00e9sidente de l&rsquo;Assembl\u00e9e nationale, Ya\u00ebl Braun-Pivet (Renaissance), estime ce mercredi dans un entretien\u00a0<a href=\"https:\/\/www.lesechos.fr\/economie-france\/budget-fiscalite\/yael-braun-pivet-on-ne-peut-exclure-demblee-toute-hausse-dimpots-2174257\" target=\"_blank\" rel=\"nofollow noopener\" data-gtm-custom-categorie=\"navigation\" data-gtm-custom-action=\"crossclick\" data-gtm-custom-label=\"Contextuel\" data-gtm-event=\"customEventSPE\">aux \u00c9chos<\/a>\u00a0qu&rsquo;\u00abon ne peut faire l&rsquo;impasse sur les recettes et exclure d&#8217;embl\u00e9e toute hausse d&rsquo;imp\u00f4ts\u00bb pour le budget 2026. \u00abFaire cet effort (pour trouver 40 milliards d&rsquo;euros) uniquement par des \u00e9conomies sur les d\u00e9penses publiques n&rsquo;est pas r\u00e9aliste. Cela ne correspond pas \u00e0 l&rsquo;objectif d&rsquo;\u00e9quit\u00e9 qui doit \u00eatre le n\u00f4tre. On ne peut pas faire l&rsquo;impasse sur les recettes et exclure d&#8217;embl\u00e9e toute hausse d&rsquo;imp\u00f4ts\u00bb, fait valoir l&rsquo;\u00e9lue des Yvelines, selon qui \u00abil faut privil\u00e9gier les mesures qui ont le moins d&rsquo;impact possible sur la croissance\u00bb.<\/p>\n<p class=\"fig-paragraph\">Ya\u00ebl Braun-Pivet se dit par ailleurs \u00abfavorable au principe d&rsquo;une ann\u00e9e blanche\u00bb, qui pourrait m\u00eame, \u00aben fonction de l&rsquo;\u00e9volution de l&rsquo;inflation (&#8230;) \u00eatre envisag\u00e9e au-del\u00e0 de 2026\u00bb. \u00abLe p\u00e9rim\u00e8tre devra, selon moi, \u00eatre assez large pour avoir un v\u00e9ritable impact en termes d&rsquo;\u00e9conomies\u00a0: d\u00e9sindexation de l&rsquo;imp\u00f4t sur le revenu, du bar\u00e8me de la CSG (contribution sociale g\u00e9n\u00e9ralis\u00e9e, ndlr) sur les retraites, des pensions\u00bb, ajoute-t-elle, en plaidant pour \u00ab\u00e9pargner les plus fragiles\u00bb.<\/p>\n<p class=\"fig-body-link\">\n            \u00c0 lire aussi<br \/>\n        <a class=\"fig-body-link__link fig-premium-mark\" href=\"http:\/\/www.lefigaro.fr\/conjoncture\/supprimer-l-abattement-fiscal-des-retraites-tout-comprendre-a-cette-mesure-polemique-qui-seduit-le-gouvernement-20250418\" target=\"_blank\" data-fig-type=\"NewsFlash\" rel=\"noopener\" data-gtm-custom-categorie=\"navigation\" data-gtm-custom-action=\"crossclick\" data-gtm-custom-label=\"Contextuel\" data-gtm-event=\"customEventSPE\" data-fig-domain=\"LEFIGARO\">Supprimer l\u2019abattement fiscal des retrait\u00e9s\u00a0: tout comprendre \u00e0 cette mesure pol\u00e9mique qui s\u00e9duit le gouvernement<br \/>\n    <\/a>\n<\/p>\n<p>Retraites, \u201csupers h\u00e9ritages\u201d, TVA sociales, collectivit\u00e9&#8230;<\/p>\n<p class=\"fig-paragraph\">Elle estime en revanche que \u00ables retrait\u00e9s les plus ais\u00e9s pourraient davantage \u00eatre mis \u00e0 contribution\u00bb, en rappelant son souhait de supprimer\u00a0<a href=\"http:\/\/www.lefigaro.fr\/conjoncture\/les-retraites-francais-sont-ils-particulierement-taxes-et-peuvent-ils-l-etre-davantage-20250122\" target=\"_blank\" data-fig-type=\"NewsFlash\" rel=\"noopener\" data-gtm-custom-categorie=\"navigation\" data-gtm-custom-action=\"crossclick\" data-gtm-custom-label=\"Contextuel\" data-gtm-event=\"customEventSPE\" data-fig-domain=\"LEFIGARO\">\u00abl&rsquo;abattement fiscal de 10% sur les pensions<\/a> , qui ne p\u00e9nalise pas les petites retraites\u00bb, une mesure qui pourrait rapporter 4 milliards d&rsquo;euros par an. \u00abUne alternative pourrait \u00eatre d&rsquo;aligner le taux le plus \u00e9lev\u00e9 de CSG sur celui des salari\u00e9s\u00bb, ajoute-t-elle. La pr\u00e9sidente de la chambre basse du Parlement consid\u00e8re en outre \u00abn\u00e9cessaire\u00bb de \u00abse pencher sur la taxation des \u201csupers h\u00e9ritages\u201d\u00bb, notant que \u00ab0,1% des h\u00e9ritiers re\u00e7oivent des montants sup\u00e9rieurs \u00e0 13 millions d&rsquo;euros et ne paient en moyenne que 10% des droits de succession\u00bb.<\/p>\n<p class=\"fig-paragraph\">\u00c0 propos de la TVA sociale, Mme Braun-Pivet se dit \u00abpartag\u00e9e\u00bb, n&rsquo;y voyant un int\u00e9r\u00eat que \u00absi cette hausse de TVA se r\u00e9percute \u00e0 100% sur une baisse du co\u00fbt du travail\u00bb. Concernant les collectivit\u00e9s locales, elle estime \u00abpossible d&rsquo;agir sur la masse salariale, qui a fortement augment\u00e9 ces derni\u00e8res ann\u00e9es\u00bb. Et elle en appelle, \u00abau-del\u00e0 de 2026\u00bb \u00e0 des \u00abr\u00e9formes structurelles\u00bb pour r\u00e9duire le \u00abco\u00fbt du mille-feuille territorial\u00bb en clarifiant les comp\u00e9tences. Elle souhaite \u00e0 cette fin que \u00abd\u00e9put\u00e9s et s\u00e9nateurs se r\u00e9unissent sur le sujet pour aboutir \u00e0 une initiative parlementaire consensuelle avant la fin de l&rsquo;ann\u00e9e \u00e0 partir des propositions existantes\u00bb.<\/p>\n","protected":false},"excerpt":{"rendered":"Pour faire face aux 40 milliards d\u2019euros d\u2019\u00e9conomies \u00e0 trouver d\u2019ici 2026, la pr\u00e9sidente de l\u2019Assembl\u00e9e nationale envisage&hellip;\n","protected":false},"author":2,"featured_media":220018,"comment_status":"","ping_status":"","sticky":false,"template":"","format":"standard","meta":{"footnotes":""},"categories":[2],"tags":[339,11,416,340,1003,343,345,350,130,344,352,349,33,341,313,1011,27,346,342,353,351,347,12,348,25,9910,354],"class_list":{"0":"post-220017","1":"post","2":"type-post","3":"status-publish","4":"format-standard","5":"has-post-thumbnail","7":"category-actualites","8":"tag-actualite-economique","9":"tag-actualites","10":"tag-assemblee-nationale","11":"tag-bourse","12":"tag-budget","13":"tag-cac-40","14":"tag-chef-dentreprise","15":"tag-concurrence","16":"tag-consommation","17":"tag-creation-dentreprise","18":"tag-crise","19":"tag-delocalisations","20":"tag-economie","21":"tag-emploi","22":"tag-entreprises","23":"tag-fr","24":"tag-france","25":"tag-grands-patrons","26":"tag-impots","27":"tag-licenciements","28":"tag-monopole","29":"tag-multinationales","30":"tag-news","31":"tag-privatisation","32":"tag-republique-francaise","33":"tag-retraites","34":"tag-unio"},"share_on_mastodon":{"url":"https:\/\/pubeurope.com\/@fr\/114782216170050702","error":""},"_links":{"self":[{"href":"https:\/\/www.europesays.com\/fr\/wp-json\/wp\/v2\/posts\/220017","targetHints":{"allow":["GET"]}}],"collection":[{"href":"https:\/\/www.europesays.com\/fr\/wp-json\/wp\/v2\/posts"}],"about":[{"href":"https:\/\/www.europesays.com\/fr\/wp-json\/wp\/v2\/types\/post"}],"author":[{"embeddable":true,"href":"https:\/\/www.europesays.com\/fr\/wp-json\/wp\/v2\/users\/2"}],"replies":[{"embeddable":true,"href":"https:\/\/www.europesays.com\/fr\/wp-json\/wp\/v2\/comments?post=220017"}],"version-history":[{"count":0,"href":"https:\/\/www.europesays.com\/fr\/wp-json\/wp\/v2\/posts\/220017\/revisions"}],"wp:featuredmedia":[{"embeddable":true,"href":"https:\/\/www.europesays.com\/fr\/wp-json\/wp\/v2\/media\/220018"}],"wp:attachment":[{"href":"https:\/\/www.europesays.com\/fr\/wp-json\/wp\/v2\/media?parent=220017"}],"wp:term":[{"taxonomy":"category","embeddable":true,"href":"https:\/\/www.europesays.com\/fr\/wp-json\/wp\/v2\/categories?post=220017"},{"taxonomy":"post_tag","embeddable":true,"href":"https:\/\/www.europesays.com\/fr\/wp-json\/wp\/v2\/tags?post=220017"}],"curies":[{"name":"wp","href":"https:\/\/api.w.org\/{rel}","templated":true}]}}