{"id":220019,"date":"2025-07-02T06:26:09","date_gmt":"2025-07-02T06:26:09","guid":{"rendered":"https:\/\/www.europesays.com\/fr\/220019\/"},"modified":"2025-07-02T06:26:09","modified_gmt":"2025-07-02T06:26:09","slug":"on-a-enquete-sur-le-mystere-des-deux-taches-jaunes-liberation","status":"publish","type":"post","link":"https:\/\/www.europesays.com\/fr\/220019\/","title":{"rendered":"on a enqu\u00eat\u00e9 sur le myst\u00e8re des deux taches jaunes \u2013 Lib\u00e9ration"},"content":{"rendered":"<p class=\"sc-ksZaOG ehjQrN text-element\">Tout est parti d\u2019une question simple. Presque na\u00efve, mais suffisante pour piquer notre curiosit\u00e9. Sur <a href=\"https:\/\/vigilance.meteofrance.fr\/fr\/canicule\/demain\" target=\"_blank\" rel=\"noreferrer nofollow noopener\" title=\"https:\/\/vigilance.meteofrance.fr\/fr\/canicule\/demain\">la carte de M\u00e9t\u00e9o-France<\/a>, au milieu de la mar\u00e9e affolante des vigilances orange canicule, pourquoi les Hautes-Alpes et la Corse-du-Sud sont-ils les seuls \u00eelots m\u00e9ridionaux \u00e0 \u00eatre encore color\u00e9s en jaune ? On pensait plier l\u2019affaire en une heure de recherches, deux coups de fil et trois pauses-caf\u00e9. Et puis, on a mis le doigt dans un engrenage. Entre explications techniques et crise existentielle de m\u00e9t\u00e9orologues.<\/p>\n<p class=\"sc-ksZaOG ehjQrN text-element\">Premier myst\u00e8re \u00e0 \u00e9lucider : fait-il vraiment chaud l\u00e0-bas ? <a href=\"https:\/\/www.liberation.fr\/environnement\/climat\/en-direct-canicule-pres-de-40-degres-attendus-aujourdhui-a-paris-20250701_JSRVJJINGJESZGCPLCWPCUCD7M\/\" target=\"_blank\" rel=\"noreferrer nofollow noopener\" title=\"https:\/\/www.liberation.fr\/environnement\/climat\/en-direct-canicule-pres-de-40-degres-attendus-aujourdhui-a-paris-20250701_JSRVJJINGJESZGCPLCWPCUCD7M\/\">Ce mardi 1er juillet<\/a>, il faisait 30 degr\u00e9s \u00e0 Gap (Hautes-Alpes) et 31 \u00e0 Ajaccio (Corse-du-Sud). Des temp\u00e9ratures qui, compar\u00e9es aux 41 degr\u00e9s atteints dans certains des 16 d\u00e9partements <a href=\"https:\/\/www.liberation.fr\/environnement\/climat\/la-vigilance-rouge-canicule-ca-veut-dire-quoi-20230821_EZX252CEM5F6ZDXXWPJT5M3VTQ\/\" target=\"_blank\" rel=\"noreferrer nofollow noopener\" title=\"https:\/\/www.liberation.fr\/environnement\/cli&lt;\/p&gt;&lt;\/div&gt;&lt;\/article&gt;&lt;\/div&gt;&lt;div data-fusion-lazy-id=\" f0f8vgvlad832fw=\"\"><\/p>\n","protected":false},"excerpt":{"rendered":"Tout est parti d\u2019une question simple. Presque na\u00efve, mais suffisante pour piquer notre curiosit\u00e9. Sur la carte de&hellip;\n","protected":false},"author":2,"featured_media":220020,"comment_status":"","ping_status":"","sticky":false,"template":"","format":"standard","meta":{"footnotes":""},"categories":[2],"tags":[11,5622,6698,1011,27,12,25],"class_list":{"0":"post-220019","1":"post","2":"type-post","3":"status-publish","4":"format-standard","5":"has-post-thumbnail","7":"category-actualites","8":"tag-actualites","9":"tag-ajaccio","10":"tag-canicule","11":"tag-fr","12":"tag-france","13":"tag-news","14":"tag-republique-francaise"},"share_on_mastodon":{"url":"https:\/\/pubeurope.com\/@fr\/114782220406784911","error":""},"_links":{"self":[{"href":"https:\/\/www.europesays.com\/fr\/wp-json\/wp\/v2\/posts\/220019","targetHints":{"allow":["GET"]}}],"collection":[{"href":"https:\/\/www.europesays.com\/fr\/wp-json\/wp\/v2\/posts"}],"about":[{"href":"https:\/\/www.europesays.com\/fr\/wp-json\/wp\/v2\/types\/post"}],"author":[{"embeddable":true,"href":"https:\/\/www.europesays.com\/fr\/wp-json\/wp\/v2\/users\/2"}],"replies":[{"embeddable":true,"href":"https:\/\/www.europesays.com\/fr\/wp-json\/wp\/v2\/comments?post=220019"}],"version-history":[{"count":0,"href":"https:\/\/www.europesays.com\/fr\/wp-json\/wp\/v2\/posts\/220019\/revisions"}],"wp:featuredmedia":[{"embeddable":true,"href":"https:\/\/www.europesays.com\/fr\/wp-json\/wp\/v2\/media\/220020"}],"wp:attachment":[{"href":"https:\/\/www.europesays.com\/fr\/wp-json\/wp\/v2\/media?parent=220019"}],"wp:term":[{"taxonomy":"category","embeddable":true,"href":"https:\/\/www.europesays.com\/fr\/wp-json\/wp\/v2\/categories?post=220019"},{"taxonomy":"post_tag","embeddable":true,"href":"https:\/\/www.europesays.com\/fr\/wp-json\/wp\/v2\/tags?post=220019"}],"curies":[{"name":"wp","href":"https:\/\/api.w.org\/{rel}","templated":true}]}}