{"id":220021,"date":"2025-07-02T06:27:13","date_gmt":"2025-07-02T06:27:13","guid":{"rendered":"https:\/\/www.europesays.com\/fr\/220021\/"},"modified":"2025-07-02T06:27:13","modified_gmt":"2025-07-02T06:27:13","slug":"remise-du-rapport-sur-les-violences-dans-les-etablissements-scolaires","status":"publish","type":"post","link":"https:\/\/www.europesays.com\/fr\/220021\/","title":{"rendered":"Remise du rapport sur les violences dans les \u00e9tablissements scolaires."},"content":{"rendered":"<p>\t\t  Remise du rapport sur les violences dans les \u00e9tablissements scolaires. | France Inter                          <\/p>\n<p class=\"qg-visually-hidden\" tabindex=\"-1\">Remise du rapport sur les violences dans les \u00e9tablissements scolaires.<\/p>\n<ul class=\"SkipLinks-list svelte-ahqaie\">\n<li>  Contenu  <\/li>\n<li>  Lecteur audio  <\/li>\n<li>  Menu  <\/li>\n<li>  Pied de page  <\/li>\n<\/ul>\n<p role=\"heading\" aria-level=\"1\" class=\"qg-sr-only svelte-mociyb\">France Inter<\/p>\n<p>                <img decoding=\"async\" src=\"https:\/\/www.europesays.com\/fr\/wp-content\/uploads\/2025\/07\/640x340_sc_com-betharam.jpg\" loading=\"eager\" fetchpriority=\"high\" width=\"640\" height=\"340\" class=\"Image-main  svelte-1b9cmvl rounded\" data-testid=\"image-src\" alt=\"Violette Spillebout et Paul Vannier \u00a9Radio France\" aria-hidden=\"true\" onload=\"this.__e=event\" onerror=\"this.__e=event\"\/> Violette Spillebout et Paul Vannier \u00a9Radio France   <\/p>\n<p>Violette Spillebout et Paul Vannier \u00a9Radio France<\/p>\n<p>Violette Spillebout et Paul Vannier \u00a9Radio France<\/p>\n<p>          <img decoding=\"async\" src=\"https:\/\/www.europesays.com\/fr\/wp-content\/uploads\/2025\/06\/400x400_sc_l-invite-de-8h20.jpg\" width=\"400\" height=\"400\" alt=\"L\u00e9a Salam\u00e9 et Nicolas Demorand - Carr\u00e9\" loading=\"lazy\" fetchpriority=\"low\" data-testid=\"image-tag\" style=\"--_image-preview:url('data:image\/svg+xml,&lt;svg height=&quot;100%&quot; width=&quot;100%&quot; xmlns=&quot;http:\/\/www.w3.org\/2000\/svg&quot;&gt;&lt;defs&gt;&lt;filter id=&quot;f1&quot; x=&quot;0&quot; y=&quot;0&quot; xmlns=&quot;http:\/\/www.w3.org\/2000\/svg&quot;&gt;&lt;feGaussianBlur in=&quot;SourceGraphic&quot; stdDeviation=&quot;30&quot; \/&gt;&lt;\/filter&gt;&lt;\/defs&gt;&lt;rect width=&quot;100%&quot; height=&quot;100%&quot; fill=&quot;%23e86878&quot; filter=&quot;url(%23f1)&quot; \/&gt;&lt;\/svg&gt;');\" aria-hidden=\"true\" class=\"svelte-1n5zs1o ratio\" onload=\"this.__e=event\" onerror=\"this.__e=event\"\/>   <\/p>\n<p class=\"ExpressionSummary-standFirst qg-tt4 qg-xtra-lh svelte-ccn03w\" data-testid=\"ExpressionSummary-standFirst\"><strong>Ce matin Violette Spillebout, d\u00e9put\u00e9e Renaissance du Nord et Paul Vannier, d\u00e9put\u00e9 LFI du Val d\u2019Oise sont les invit\u00e9s de 8h20.<br \/>\nIls sont co-rapporteurs de la commission d\u2019enqu\u00eate sur les modalit\u00e9s du contr\u00f4le par l\u2019\u00c9tat et de la pr\u00e9vention des violences dans les \u00e9tablissements scolaires. <\/strong><\/p>\n<p>Avec<\/p>\n<ul class=\"svelte-ccn03w\">\n<li class=\"qg-tx2 qg-xtra-lh svelte-ccn03w\">Violette Spillebout, d\u00e9put\u00e9e Renaissance de la 9e circonscription du Nord et porte-parole du groupe \u00e0 l&rsquo;Assembl\u00e9e<\/li>\n<li class=\"qg-tx2 qg-xtra-lh svelte-ccn03w\">Paul Vannier, d\u00e9put\u00e9 La France Insoumise du Val-d\u2019Oise<\/li>\n<\/ul>\n<p>             <img loading=\"lazy\" decoding=\"async\" src=\"https:\/\/www.europesays.com\/fr\/wp-content\/uploads\/2025\/04\/src=6070848;type=gener0;cat=audfi;dc_lat=;dc_rdid=;tag_for_child_directed_treatment=;tfua=;npa=;gdpr.gif\" width=\"1\" height=\"1\" alt=\"pixel\" class=\"PixelGoogleTag svelte-1kmh2dj\"\/>        <\/p>\n","protected":false},"excerpt":{"rendered":"Remise du rapport sur les violences dans les \u00e9tablissements scolaires. | France Inter Remise du rapport sur les&hellip;\n","protected":false},"author":2,"featured_media":220022,"comment_status":"","ping_status":"","sticky":false,"template":"","format":"standard","meta":{"footnotes":""},"categories":[4],"tags":[11,1011,27,12,25],"class_list":{"0":"post-220021","1":"post","2":"type-post","3":"status-publish","4":"format-standard","5":"has-post-thumbnail","7":"category-france","8":"tag-actualites","9":"tag-fr","10":"tag-france","11":"tag-news","12":"tag-republique-francaise"},"share_on_mastodon":{"url":"https:\/\/pubeurope.com\/@fr\/114782224347913405","error":""},"_links":{"self":[{"href":"https:\/\/www.europesays.com\/fr\/wp-json\/wp\/v2\/posts\/220021","targetHints":{"allow":["GET"]}}],"collection":[{"href":"https:\/\/www.europesays.com\/fr\/wp-json\/wp\/v2\/posts"}],"about":[{"href":"https:\/\/www.europesays.com\/fr\/wp-json\/wp\/v2\/types\/post"}],"author":[{"embeddable":true,"href":"https:\/\/www.europesays.com\/fr\/wp-json\/wp\/v2\/users\/2"}],"replies":[{"embeddable":true,"href":"https:\/\/www.europesays.com\/fr\/wp-json\/wp\/v2\/comments?post=220021"}],"version-history":[{"count":0,"href":"https:\/\/www.europesays.com\/fr\/wp-json\/wp\/v2\/posts\/220021\/revisions"}],"wp:featuredmedia":[{"embeddable":true,"href":"https:\/\/www.europesays.com\/fr\/wp-json\/wp\/v2\/media\/220022"}],"wp:attachment":[{"href":"https:\/\/www.europesays.com\/fr\/wp-json\/wp\/v2\/media?parent=220021"}],"wp:term":[{"taxonomy":"category","embeddable":true,"href":"https:\/\/www.europesays.com\/fr\/wp-json\/wp\/v2\/categories?post=220021"},{"taxonomy":"post_tag","embeddable":true,"href":"https:\/\/www.europesays.com\/fr\/wp-json\/wp\/v2\/tags?post=220021"}],"curies":[{"name":"wp","href":"https:\/\/api.w.org\/{rel}","templated":true}]}}