{"id":220023,"date":"2025-07-02T06:28:14","date_gmt":"2025-07-02T06:28:14","guid":{"rendered":"https:\/\/www.europesays.com\/fr\/220023\/"},"modified":"2025-07-02T06:28:14","modified_gmt":"2025-07-02T06:28:14","slug":"cet-amateur-venu-destonie-ecrit-lhistoire-avec-un-coup-danthologie-qui-lenvoie-au-british","status":"publish","type":"post","link":"https:\/\/www.europesays.com\/fr\/220023\/","title":{"rendered":"Cet amateur venu d&rsquo;Estonie \u00e9crit l&rsquo;histoire avec un coup d&rsquo;anthologie qui l&rsquo;envoie au \u00ab\u00a0British\u00a0\u00bb !"},"content":{"rendered":"<p>\t\t\t\t\t\t<img width=\"770\" height=\"559\" src=\"https:\/\/www.europesays.com\/fr\/wp-content\/uploads\/2025\/07\/capture-decran-2025-07-02-a-06.48.47-770x559.png\" class=\"img-responsive wp-post-image\" alt=\"\" decoding=\"async\" fetchpriority=\"high\"  \/>\t\t\t\t\t<\/p>\n<p>\t\t\t\t\t\t Partager cet article <\/p>\n<p class=\"screen-reader-text juiz_sps_maybe_hidden_text\">Partager la publication \u00ab\u00a0Cet amateur venu d\u2019Estonie \u00e9crit l\u2019histoire avec un coup d\u2019anthologie qui l\u2019envoie au \u00ab\u00a0British\u00a0\u00bb !\u00a0\u00bb<\/p>\n<p><strong>Richard Teder, 20 ans, sera le premier Estonien de l\u2019histoire \u00e0 disputer l\u2019Open britannique. Pour aller chercher sa place \u00e0 Portrush, ce joueur amateur a r\u00e9ussi un eagle en playoff gr\u00e2ce \u00e0 un coup de fer \u00e0 80 m\u00e8tres du trou\u2026<\/strong><\/p>\n<p>Il s\u2019est pris la t\u00eate \u00e0 deux mains. Il lui a fallu regarder sa balle au fond du trou pour vraiment y croire. Sonn\u00e9 par son exploit, <strong>Richard Teder<\/strong> a fait preuve d\u2019une joie touchante. Il s\u2019est qualifi\u00e9 pour l\u2019Open britannique de la plus balle des mani\u00e8res. \u00ab\u00a0C\u2019est \u00e9norme, pour moi, jouer l\u2019Open britannique, c\u2019est immense, \u00e7a veut dire tellement\u2026\u00a0\u00bb<\/p>\n<p>Lors des \u00ab\u00a0final qualifying\u00a0\u00bb pour \u00ab\u00a0<strong>The Open<\/strong>\u00ab\u00a0, dans l\u2019\u00e9preuve qui s\u2019est disput\u00e9e sur le links de <strong>West Lancashire<\/strong> pr\u00e8s de Liverpool, le jeune joueur de 20 ans \u00e9tait tr\u00e8s bien parti pour obtenir l\u2019une des 5 places qualificatives pour Portrush. Mais sur le 36e trou, le dernier, il a tr\u00e9buch\u00e9 avec un double bogey. R\u00e9sultat, il a termin\u00e9 4e ex aequo avec trois autres joueurs et il a d\u00fb partir en playoff. Quatre pour deux places donc.<\/p>\n<p>12 parcours en Estonie<\/p>\n<p>D\u00e8s le 2e trou de cette \u00ab\u00a0mort subite\u00a0\u00bb, il a donc r\u00e9ussi l\u2019exploit de rentrer un coup de fer de 80 m\u00e8tres pour l\u2019eagle, sur ce court par 4. Richard Teder, quart de finaliste du dernier British amateur, sera le tout premier Estonien de l\u2019histoire \u00e0 disputer l\u2019Open britannique.<\/p>\n<p>\t\t\t\t\t<a id=\"178032\" href=\"https:\/\/www.golfy.fr\/landing\/golf-planete-decouvrez-les-golfs-collections-du-reseau-golfy?utm_source=golf_planete&amp;utm_medium=display&amp;utm_campaign=golfs_collection_2025\" target=\"_blank\" rel=\"sponsorised nofollow noopener\"><img decoding=\"async\" src=\"data:image\/svg+xml,%3Csvg%20xmlns=\" http:=\"\" class=\"img-responsive\" alt=\"\" data-lazy-src=\"https:\/\/www.europesays.com\/fr\/wp-content\/uploads\/2025\/06\/golfy-e06-golfs-collection-france-ete-1170x275-1.jpg\"\/><\/a><\/p>\n<blockquote class=\"twitter-tweet\">\n<p dir=\"ltr\" lang=\"en\">Amateur Championship quarter-finalist Richard Teder with an amazing shot to book his place at The 153rd Open \ud83d\udc4f <a href=\"https:\/\/t.co\/OEcYCx4xtn\" rel=\"nofollow\">https:\/\/t.co\/OEcYCx4xtn<\/a><\/p>\n<p>\u2014 The R&amp;A (@RandA) <a href=\"https:\/\/twitter.com\/RandA\/status\/1940151403571282239?ref_src=twsrc%5Etfw\" rel=\"nofollow noopener\" target=\"_blank\">July 1, 2025<\/a><\/p>\n<\/blockquote>\n<p>Selon l\u2019Estonie Golf Association, ce pays de 1,3 million d\u2019habitants compte au total 12 parcours de golf. 2 257 golfeurs masculins sont recens\u00e9s. Parmi eux figure un jeune homme plein d\u2019avenir\u2026<\/p>\n<p>\u00a9R&amp;A sur X<\/p>\n<p>\t\t\t<script async src=\"https:\/\/platform.twitter.com\/widgets.js\" charset=\"utf-8\"><\/script><\/p>\n","protected":false},"excerpt":{"rendered":"Partager cet article Partager la publication \u00ab\u00a0Cet amateur venu d\u2019Estonie \u00e9crit l\u2019histoire avec un coup d\u2019anthologie qui l\u2019envoie&hellip;\n","protected":false},"author":2,"featured_media":220024,"comment_status":"","ping_status":"","sticky":false,"template":"","format":"standard","meta":{"footnotes":""},"categories":[1418],"tags":[1011,27,1472,60],"class_list":{"0":"post-220023","1":"post","2":"type-post","3":"status-publish","4":"format-standard","5":"has-post-thumbnail","7":"category-golf","8":"tag-fr","9":"tag-france","10":"tag-golf","11":"tag-sports"},"share_on_mastodon":{"url":"https:\/\/pubeurope.com\/@fr\/114782228054189697","error":""},"_links":{"self":[{"href":"https:\/\/www.europesays.com\/fr\/wp-json\/wp\/v2\/posts\/220023","targetHints":{"allow":["GET"]}}],"collection":[{"href":"https:\/\/www.europesays.com\/fr\/wp-json\/wp\/v2\/posts"}],"about":[{"href":"https:\/\/www.europesays.com\/fr\/wp-json\/wp\/v2\/types\/post"}],"author":[{"embeddable":true,"href":"https:\/\/www.europesays.com\/fr\/wp-json\/wp\/v2\/users\/2"}],"replies":[{"embeddable":true,"href":"https:\/\/www.europesays.com\/fr\/wp-json\/wp\/v2\/comments?post=220023"}],"version-history":[{"count":0,"href":"https:\/\/www.europesays.com\/fr\/wp-json\/wp\/v2\/posts\/220023\/revisions"}],"wp:featuredmedia":[{"embeddable":true,"href":"https:\/\/www.europesays.com\/fr\/wp-json\/wp\/v2\/media\/220024"}],"wp:attachment":[{"href":"https:\/\/www.europesays.com\/fr\/wp-json\/wp\/v2\/media?parent=220023"}],"wp:term":[{"taxonomy":"category","embeddable":true,"href":"https:\/\/www.europesays.com\/fr\/wp-json\/wp\/v2\/categories?post=220023"},{"taxonomy":"post_tag","embeddable":true,"href":"https:\/\/www.europesays.com\/fr\/wp-json\/wp\/v2\/tags?post=220023"}],"curies":[{"name":"wp","href":"https:\/\/api.w.org\/{rel}","templated":true}]}}