{"id":220027,"date":"2025-07-02T06:31:10","date_gmt":"2025-07-02T06:31:10","guid":{"rendered":"https:\/\/www.europesays.com\/fr\/220027\/"},"modified":"2025-07-02T06:31:10","modified_gmt":"2025-07-02T06:31:10","slug":"le-duel-100-tricolore-la-confirmation-attendue-pour-bonzi-et-rinderknech-decouvrez-le-programme-des-bleus-du-mercredi-2-juillet","status":"publish","type":"post","link":"https:\/\/www.europesays.com\/fr\/220027\/","title":{"rendered":"le duel 100% tricolore, la confirmation attendue pour Bonzi et Rinderknech, d\u00e9couvrez le programme des Bleus du mercredi 2 juillet"},"content":{"rendered":"<p class=\"fig-paragraph\">En deuxi\u00e8me match sur le court 18,\u00a0<a href=\"http:\/\/www.lefigaro.fr\/sports\/tennis\/wimbledon\/wimbledon-j-ai-un-jeu-qui-s-adapte-plutot-bien-au-gazon-savoure-parry-20250630\" data-fig-type=\"NewsFlash\" data-gtm-custom-categorie=\"navigation\" data-gtm-custom-action=\"crossclick\" data-gtm-custom-label=\"Contextuel\" data-gtm-event=\"customEventSPE\" data-fig-domain=\"LEFIGARO\" target=\"_blank\" rel=\"noopener\">Diane Parry<\/a>\u00a0va tenter de renverser Diana Shnaider, t\u00eate de s\u00e9rie 12 qu\u2019elle affronte pour la premi\u00e8re fois. La Francilienne va tenter de faire mentir les statistiques peu flatteuses. Face \u00e0 des joueuses du Top 20, la joueuse au revers \u00e0 une main affiche un triste bilan d\u2019une victoire pour\u2026 seize d\u00e9faites. Quart de finaliste au Queen\u2019s, la Russe n\u2019a gagn\u00e9 que trois matchs cette saison dans les Grands Chelems. Issue des qualifications, Parry peut croire \u00e0 l\u2019exploit dans ce Wimbledon un peu fou o\u00f9 les t\u00eates de s\u00e9rie tombent comme des mouches.<\/p>\n<p class=\"fig-paragraph\">Apr\u00e8s leurs exploits respectivement contre Medvedev, t\u00eate de s\u00e9rie 9, et Alexander Zverev, t\u00eate de s\u00e9rie 3,<a href=\"http:\/\/www.lefigaro.fr\/sports\/tennis\/wimbledon\/wimbledon-la-plus-belle-de-mes-victoires-savoure-bonzi-tombeur-de-medvedev-20250630\" data-fig-type=\"NewsFlash\" data-gtm-custom-categorie=\"navigation\" data-gtm-custom-action=\"crossclick\" data-gtm-custom-label=\"Contextuel\" data-gtm-event=\"customEventSPE\" data-fig-domain=\"LEFIGARO\" target=\"_blank\" rel=\"noopener\">\u00a0Benjamin Bonzi\u00a0<\/a>et\u00a0<a href=\"http:\/\/www.lefigaro.fr\/sports\/tennis\/wimbledon\/wimbledon-cette-victoire-je-l-aurais-a-vie-sur-mon-cv-jubile-rinderknech-20250701\" data-fig-type=\"NewsFlash\" data-gtm-custom-categorie=\"navigation\" data-gtm-custom-action=\"crossclick\" data-gtm-custom-label=\"Contextuel\" data-gtm-event=\"customEventSPE\" data-fig-domain=\"LEFIGARO\" target=\"_blank\" rel=\"noopener\">Arthur Rinderknech<\/a>\u00a0ont un deuxi\u00e8me tour plus abordable. Le Gardois, oppos\u00e9 en troisi\u00e8me match sur le court 15 au 46e mondial Jordan Thompson fait profil bas\u00a0: \u00ab Je vais pr\u00e9parer ce match de la m\u00eame mani\u00e8re que j\u2019ai pr\u00e9par\u00e9 celui de Medvedev. Je pense que je ne serai pas favori non plus sur ce match-l\u00e0. C\u2019est un tr\u00e8s bon joueur.\u00a0\u00bb M\u00eame son de cloche pour Rinderknech avant de d\u00e9fier Cristian Garin en dernier match sur le court 17\u00a0: \u00abC\u2019est un grand joueur de gazon, puisqu\u2019il a atteint les quarts ici, je crois, il y a quelques ann\u00e9es (2022). Il est donc capable de gagner de nombreux matches sur cette surface. Ce sera tr\u00e8s difficile. Ce ne sera pas sur le m\u00eame court et \u00e7a sera une autre sorte de joueur, forc\u00e9ment, plus frais que moi. Maintenant, \u00e7a n\u2019emp\u00eache que demain (ce mercredi) il y aura match.\u00bb<\/p>\n<p class=\"fig-paragraph\">Une certitude, il y aura un repr\u00e9sentant tricolore au 3e tour. Le v\u00e9t\u00e9ran\u00a0<a href=\"http:\/\/www.lefigaro.fr\/sports\/tennis\/wimbledon\/wimbledon-un-lundi-au-soleil-pour-le-tennis-francais-20250630\" data-fig-type=\"Article\" data-gtm-custom-categorie=\"navigation\" data-gtm-custom-action=\"crossclick\" data-gtm-custom-label=\"Contextuel\" data-gtm-event=\"customEventSPE\" data-fig-domain=\"LEFIGARO\" target=\"_blank\" rel=\"noopener\">Adrian Mannarino,<\/a>\u00a037 ans, affronte la surprise Valentin Royer, issu des qualifications. Le bizuth est pr\u00eat \u00e0 relever le d\u00e9fi. <strong>\u00ab<\/strong>C\u2019est un joueur qui est forc\u00e9ment tr\u00e8s bon sur le gazon qui fuse beaucoup. Je sais qu\u2019il a \u00e9t\u00e9 top 20, mais apr\u00e8s ce n\u2019est pas forc\u00e9ment la m\u00eame g\u00e9n\u00e9ration, donc on ne se conna\u00eet pas forc\u00e9ment plus que \u00e7a. Mais on s\u2019est d\u00e9j\u00e0 entra\u00een\u00e9 ensemble, on se respecte, je respecte compl\u00e8tement sa carri\u00e8re. Maintenant sur le terrain, ce sera encore une fois comme aujourd\u2019hui, deux mecs avec deux bras, deux jambes.\u00bb \u00c9galement issu des qualifications, Mannarino, 3 fois 8e de finaliste \u00e0 Church Road, a une belle opportunit\u00e9 de reverdir face \u00e0 Royer, novice \u00e0 ce niveau de la comp\u00e9tition.<\/p>\n<p class=\"fig-paragraph\">Le programme des Bleus ce mercredi:<\/p>\n<p class=\"fig-paragraph\"><strong>Court 18<\/strong><br \/>En 2e match\u00a0: Diana Shnaider (N.12) &#8211; Diane Parry (FRA)<\/p>\n<p class=\"fig-paragraph\"><strong>Court 15<\/strong><br \/>En 3e match\u00a0: Jordan Thompson (AUS) &#8211; Benjamin Bonzi (FRA)<\/p>\n<p class=\"fig-paragraph\"><strong>Court 16<\/strong><br \/>(\u00e0 partir de 11h00) Adrian Mannarino (FRA) &#8211; Valentin Royer (FRA)<\/p>\n<p class=\"fig-paragraph\"><strong>Court 17<\/strong><br \/>(en 4e match) Cristian Garin (CHI) &#8211; Arthur Rinderknech (FRA)<\/p>\n","protected":false},"excerpt":{"rendered":"En deuxi\u00e8me match sur le court 18,\u00a0Diane Parry\u00a0va tenter de renverser Diana Shnaider, t\u00eate de s\u00e9rie 12 qu\u2019elle&hellip;\n","protected":false},"author":2,"featured_media":220028,"comment_status":"","ping_status":"","sticky":false,"template":"","format":"standard","meta":{"footnotes":""},"categories":[1415],"tags":[47,4169,105,2199,1011,27,25011,1114,35225,1960,1980,60,1467,4173,4170],"class_list":{"0":"post-220027","1":"post","2":"type-post","3":"status-publish","4":"format-standard","5":"has-post-thumbnail","7":"category-tennis","8":"tag-actualite","9":"tag-atp","10":"tag-djokovic","11":"tag-federer","12":"tag-fr","13":"tag-france","14":"tag-grand-chelem","15":"tag-infos","16":"tag-murray","17":"tag-nadal","18":"tag-resultats","19":"tag-sports","20":"tag-tennis","21":"tag-wimbledon","22":"tag-wta"},"share_on_mastodon":{"url":"https:\/\/pubeurope.com\/@fr\/114782239640778728","error":""},"_links":{"self":[{"href":"https:\/\/www.europesays.com\/fr\/wp-json\/wp\/v2\/posts\/220027","targetHints":{"allow":["GET"]}}],"collection":[{"href":"https:\/\/www.europesays.com\/fr\/wp-json\/wp\/v2\/posts"}],"about":[{"href":"https:\/\/www.europesays.com\/fr\/wp-json\/wp\/v2\/types\/post"}],"author":[{"embeddable":true,"href":"https:\/\/www.europesays.com\/fr\/wp-json\/wp\/v2\/users\/2"}],"replies":[{"embeddable":true,"href":"https:\/\/www.europesays.com\/fr\/wp-json\/wp\/v2\/comments?post=220027"}],"version-history":[{"count":0,"href":"https:\/\/www.europesays.com\/fr\/wp-json\/wp\/v2\/posts\/220027\/revisions"}],"wp:featuredmedia":[{"embeddable":true,"href":"https:\/\/www.europesays.com\/fr\/wp-json\/wp\/v2\/media\/220028"}],"wp:attachment":[{"href":"https:\/\/www.europesays.com\/fr\/wp-json\/wp\/v2\/media?parent=220027"}],"wp:term":[{"taxonomy":"category","embeddable":true,"href":"https:\/\/www.europesays.com\/fr\/wp-json\/wp\/v2\/categories?post=220027"},{"taxonomy":"post_tag","embeddable":true,"href":"https:\/\/www.europesays.com\/fr\/wp-json\/wp\/v2\/tags?post=220027"}],"curies":[{"name":"wp","href":"https:\/\/api.w.org\/{rel}","templated":true}]}}