{"id":220037,"date":"2025-07-02T06:37:10","date_gmt":"2025-07-02T06:37:10","guid":{"rendered":"https:\/\/www.europesays.com\/fr\/220037\/"},"modified":"2025-07-02T06:37:10","modified_gmt":"2025-07-02T06:37:10","slug":"oradour-ne-moublie-pas-m-pokora-a-laffiche-dun-telefilm-sur-oradour-sur-glane","status":"publish","type":"post","link":"https:\/\/www.europesays.com\/fr\/220037\/","title":{"rendered":"\u00ab\u00a0Oradour ne m\u2019oublie pas\u00a0\u00bb\u00a0: M. Pokora \u00e0 l\u2019affiche d\u2019un t\u00e9l\u00e9film sur Oradour-sur-Glane"},"content":{"rendered":"<p class=\"paragraph text_align_left lp-f-body-02\"><a href=\"https:\/\/www.leparisien.fr\/culture-loisirs\/musique\/retour-en-force-de-matt-pokora-avec-lalbum-adrenaline-les-jeunes-mont-mis-un-coup-de-pied-aux-fesses-20-03-2025-KEIPNUR3QNCTJG2AVS6TTEA3FM.php\" target=\"_blank\" rel=\"noreferrer nofollow noopener\">M. Pokora<\/a> de retour sur le petit \u00e9cran. TF1 tourne un t\u00e9l\u00e9film sur le massacre d\u2019Oradour-sur-Glane avec le chanteur en t\u00eate d\u2019affiche, a annonc\u00e9 ce mardi 1er juillet la cha\u00eene. Cette derni\u00e8re pr\u00e9voit une vingtaine de nouvelles fictions la saison prochaine, dont deux s\u00e9ries historiques avec Netflix et Disney +.<\/p>\n<p class=\"paragraph text_align_left lp-f-body-02\">\u00ab Oradour ne m\u2019oublie pas \u00bb suivra un officier des Forces Fran\u00e7aises Libres parachut\u00e9 pr\u00e8s d\u2019Oradour-sur-Glane \u00ab le 5 juin 1944, cinq jours avant le plus important massacre de civils fran\u00e7ais pendant la Seconde Guerre mondiale \u00bb, selon le dossier de presse de TF1, qui ne pr\u00e9cise pas de date de diffusion.<\/p>\n<p class=\"paragraph text_align_left lp-f-body-02\">\u00c0 la t\u00eate d\u2019une mission pour la R\u00e9sistance, le h\u00e9ros retrouve \u00ab son amour de jeunesse, qui fuit avec sa fille un mari violent. Tandis que le pass\u00e9 refait surface, leurs destins se m\u00ealent au drame historique d\u2019Oradour-sur-Glane \u00bb.<\/p>\n<p>Le chanteur a rencontr\u00e9 l\u2019un des rares rescap\u00e9s de la tuerie<\/p>\n<p class=\"paragraph text_align_left lp-f-body-02\">Matt Pokora, qui s\u2019est d\u00e9j\u00e0 illustr\u00e9 sur la Une dans \u00ab Le premier oubli\u00e9 \u00bb avec Muriel Robin en 2019, donnera la r\u00e9plique \u00e0 Caroline Anglade.<\/p>\n<p class=\"paragraph text_align_left lp-f-body-02\">Le chanteur de 39 ans s\u2019est rendu \u00e0 titre personnel en 2022 \u00e0 Oradour-sur-Glane, village martyr du Limousin, o\u00f9 une unit\u00e9 de la Waffen-SS Das Reich remontant vers le front en Normandie a massacr\u00e9 642 habitants le 10 juin 1944.<\/p>\n<p class=\"paragraph text_align_left lp-f-body-02\">Il avait rencontr\u00e9 Robert H\u00e9bras, l\u2019un des rares rescap\u00e9s de la tuerie, \u00e0 qui il a rendu hommage sur les r\u00e9seaux sociaux lors de son d\u00e9c\u00e8s en 2023.<\/p>\n<p>Plusieurs s\u00e9ries \u00e0 venir sur TF1<\/p>\n<p class=\"paragraph text_align_left lp-f-body-02\">TF1 remontera le temps \u00e9galement avec \u00ab L\u2019\u00c9t\u00e9 36 \u00bb, saga en six \u00e9pisodes coproduite avec Netflix, dans le sillage du \u00ab Bazar de la charit\u00e9 \u00bb, qui se d\u00e9roulait au XIXe si\u00e8cle, et des \u00ab Combattantes \u00bb, durant la Premi\u00e8re Guerre mondiale. Julie de Bona, Sofia Essa\u00efdi, Nolwenn Leroy et Constance Gay y camperont quatre femmes de milieux diff\u00e9rents m\u00eal\u00e9es \u00e0 un meurtre dans un h\u00f4tel tr\u00e8s chic de Nice en 1936, l\u2019ann\u00e9e des premiers cong\u00e9s pay\u00e9s.<\/p>\n<p class=\"paragraph text_align_left lp-f-body-02\">Coproduite avec Disney +, la s\u00e9rie \u00ab Montmartre \u00bb plongera, elle, dans le monde du cabaret en 1899 \u00e0 travers C\u00e9leste (Alice Dufour), danseuse de cancan amen\u00e9e \u00e0 devenir la premi\u00e8re effeuilleuse de Paris.<\/p>\n<p class=\"paragraph text_align_left lp-f-body-02\">Au rayon nouveaut\u00e9s figurent aussi la com\u00e9die romantique \u00ab La belle et le boulanger \u00bb, remake d\u2019une s\u00e9rie isra\u00e9lienne port\u00e9 par le chanteur Amir, et \u00ab Rien ne t\u2019efface \u00bb, adaptation du roman \u00e9ponyme de Michel Bussi, avec Gwendoline Hamon (\u00ab Cassandre \u00bb) et Fauve Hautot.<\/p>\n<p class=\"paragraph text_align_left lp-f-body-02\">Premi\u00e8re cha\u00eene de France, TF1 a r\u00e9alis\u00e9 18,8 % de part d\u2019audience (PDA) de septembre \u00e0 juin. Le groupe revendique 4 millions d\u2019utilisateurs quotidiens pour sa plate-forme de streaming, TF1 +.<\/p>\n","protected":false},"excerpt":{"rendered":"M. Pokora de retour sur le petit \u00e9cran. TF1 tourne un t\u00e9l\u00e9film sur le massacre d\u2019Oradour-sur-Glane avec le&hellip;\n","protected":false},"author":2,"featured_media":220038,"comment_status":"","ping_status":"","sticky":false,"template":"","format":"standard","meta":{"footnotes":""},"categories":[1359],"tags":[872,58,59,1011,27,973],"class_list":{"0":"post-220037","1":"post","2":"type-post","3":"status-publish","4":"format-standard","5":"has-post-thumbnail","7":"category-people","8":"tag-culture-et-loisirs","9":"tag-divertissement","10":"tag-entertainment","11":"tag-fr","12":"tag-france","13":"tag-people"},"share_on_mastodon":{"url":"https:\/\/pubeurope.com\/@fr\/114782263420550524","error":""},"_links":{"self":[{"href":"https:\/\/www.europesays.com\/fr\/wp-json\/wp\/v2\/posts\/220037","targetHints":{"allow":["GET"]}}],"collection":[{"href":"https:\/\/www.europesays.com\/fr\/wp-json\/wp\/v2\/posts"}],"about":[{"href":"https:\/\/www.europesays.com\/fr\/wp-json\/wp\/v2\/types\/post"}],"author":[{"embeddable":true,"href":"https:\/\/www.europesays.com\/fr\/wp-json\/wp\/v2\/users\/2"}],"replies":[{"embeddable":true,"href":"https:\/\/www.europesays.com\/fr\/wp-json\/wp\/v2\/comments?post=220037"}],"version-history":[{"count":0,"href":"https:\/\/www.europesays.com\/fr\/wp-json\/wp\/v2\/posts\/220037\/revisions"}],"wp:featuredmedia":[{"embeddable":true,"href":"https:\/\/www.europesays.com\/fr\/wp-json\/wp\/v2\/media\/220038"}],"wp:attachment":[{"href":"https:\/\/www.europesays.com\/fr\/wp-json\/wp\/v2\/media?parent=220037"}],"wp:term":[{"taxonomy":"category","embeddable":true,"href":"https:\/\/www.europesays.com\/fr\/wp-json\/wp\/v2\/categories?post=220037"},{"taxonomy":"post_tag","embeddable":true,"href":"https:\/\/www.europesays.com\/fr\/wp-json\/wp\/v2\/tags?post=220037"}],"curies":[{"name":"wp","href":"https:\/\/api.w.org\/{rel}","templated":true}]}}