{"id":220041,"date":"2025-07-02T06:39:15","date_gmt":"2025-07-02T06:39:15","guid":{"rendered":"https:\/\/www.europesays.com\/fr\/220041\/"},"modified":"2025-07-02T06:39:15","modified_gmt":"2025-07-02T06:39:15","slug":"saint-chamas-celebre-le-livre-et-ses-auteurs-sous-le-signe-du-partage","status":"publish","type":"post","link":"https:\/\/www.europesays.com\/fr\/220041\/","title":{"rendered":"Saint-Chamas c\u00e9l\u00e8bre le livre et ses auteurs, sous le signe du partage"},"content":{"rendered":"<p>La F\u00eate du Livre de Saint-Chamas revient pour une seconde \u00e9dition samedi 5\u00a0juillet 2025, \u00e0 l\u2019Atelier 480. Parrain\u00e9e par l\u2019\u00e9crivain <a href=\"https:\/\/www.laprovence.com\/article\/region\/16199924013435\/lecrivain-daniel-picouly-parrain-de-la-fete-du-livre-de-saint-chamas\" target=\"_blank\" rel=\"nofollow noopener\">Daniel Picouly<\/a>, cette ann\u00e9e, la journ\u00e9e litt\u00e9raire s\u2019annonce riche en d\u00e9couvertes et en \u00e9motions.<\/p>\n<p>Organis\u00e9e par <a href=\"https:\/\/www.laprovence.com\/article\/region\/49829520656761\/lecrivain-pascal-demeure-ecrit-un-livre-avec-des-ecoliers-de-salon-de-provence\" target=\"_blank\" rel=\"nofollow noopener\">la librairie Feuilles et Th\u00e9s<\/a>, sous l\u2019\u00e9gide de l\u2019association L\u2019\u00c9tang de Vivre, avec le soutien de la Ville de Saint-Chamas, la manifestation r\u00e9unira plus de 50 auteurs venus partager leur passion avec le public. Romans, BD, po\u00e9sie, polar, fantasy, jeunesse, essais\u2026 Tous les genres seront \u00e0 l\u2019honneur dans une ambiance conviviale, interg\u00e9n\u00e9rationnelle et ouverte. Parmi les temps forts de cette \u00e9dition\u00a0: des rencontres th\u00e9matiques, anim\u00e9es par des journalistes litt\u00e9raires reconnus. \u00c0 11h, Olivier Descosse et Henri Loevenbruck dialogueront autour de la litt\u00e9rature de l\u2019imaginaire, tandis qu\u2019\u00e0 15h30, Christelle Avon explorera l\u2019univers du polar marseillais. C\u00f4t\u00e9 bande dessin\u00e9e, Serge Scotto et Yvon Bertorello \u00e9changeront sur le passage du texte \u00e0 l\u2019image.<\/p>\n<p>Des animations in\u00e9dites<\/p>\n<p>Le public pourra aussi profiter d\u2019animations in\u00e9dites\u00a0: d\u00e9gustation de piments litt\u00e9raires avec Mireille Sanchez, lectures en langue des signes par Alban Lefranc, ou encore ateliers jeunesse Kamishiba\u00ef, lectures de contes et cr\u00e9ation de marque-pages. Le salon sera pr\u00e9c\u00e9d\u00e9 d\u2019avant-propos culturels. Le jeudi 3\u00a0juillet, une rencontre intimiste sur la Digue r\u00e9unira le public autour <a href=\"https:\/\/www.laprovence.com\/article\/elles-co\/1563742\/regime-dukan-le-pour-et-le-contre.html\" target=\"_blank\" rel=\"nofollow noopener\">d\u2019Herv\u00e9 Pouchol<\/a>, pour une conf\u00e9rence sur son dernier ouvrage Les 1001 secrets du regard. Le vendredi 4\u00a0juillet, Daniel Picouly sera l\u2019invit\u00e9 d\u2019honneur d\u2019une discussion \u00e0 la M\u00e9diath\u00e8que sur le th\u00e8me\u00a0: Mettre sa vie en \u0153uvre.<\/p>\n<p>Enfin, le samedi \u00e0 17h, <a href=\"https:\/\/www.laprovence.com\/article\/region\/1792821245430815\/je-terminerai-ou-pas-mon-mandat-confie-didier-khelfa-maire-de-saint-chamas\" target=\"_blank\" rel=\"nofollow noopener\">le maire de Saint-Chamas<\/a>, Didier Khelfa, prononcera un discours en compagnie du parrain du salon, suivi \u00e0 19h d\u2019une repr\u00e9sentation th\u00e9\u00e2trale des \u00e9l\u00e8ves du CJL au Th\u00e9\u00e2tre de Verdure. Une cr\u00e9ation librement inspir\u00e9e du livre de Picouly La faute d\u2019orthographe est ma langue maternelle, jou\u00e9e en pr\u00e9sence de l\u2019auteur. La F\u00eate du Livre de Saint-Chamas 2025, ce n\u2019est pas seulement un \u00e9v\u00e9nement litt\u00e9raire\u00a0: c\u2019est une v\u00e9ritable invitation \u00e0 lire, \u00e9couter, r\u00eaver\u2026 et rencontrer ceux qui font vivre la litt\u00e9rature d\u2019aujourd\u2019hui.<\/p>\n<p>De 10h \u00e0 18h \u00e0 l\u2019Atelier 480. Entr\u00e9e libre et gratuite pour tous les amoureux des mots.<\/p>\n","protected":false},"excerpt":{"rendered":"La F\u00eate du Livre de Saint-Chamas revient pour une seconde \u00e9dition samedi 5\u00a0juillet 2025, \u00e0 l\u2019Atelier 480. Parrain\u00e9e&hellip;\n","protected":false},"author":2,"featured_media":220042,"comment_status":"","ping_status":"","sticky":false,"template":"","format":"standard","meta":{"footnotes":""},"categories":[1357],"tags":[17,17144,711,9993,1379,58,59,10931,19321,1011,27,1380,4747,16,1479],"class_list":{"0":"post-220041","1":"post","2":"type-post","3":"status-publish","4":"format-standard","5":"has-post-thumbnail","7":"category-livres","8":"tag-17","9":"tag-attendus","10":"tag-auteurs","11":"tag-bd","12":"tag-books","13":"tag-divertissement","14":"tag-entertainment","15":"tag-essais","16":"tag-fantasy","17":"tag-fr","18":"tag-france","19":"tag-livres","20":"tag-polar","21":"tag-region","22":"tag-romans"},"share_on_mastodon":{"url":"https:\/\/pubeurope.com\/@fr\/114782271177348690","error":""},"_links":{"self":[{"href":"https:\/\/www.europesays.com\/fr\/wp-json\/wp\/v2\/posts\/220041","targetHints":{"allow":["GET"]}}],"collection":[{"href":"https:\/\/www.europesays.com\/fr\/wp-json\/wp\/v2\/posts"}],"about":[{"href":"https:\/\/www.europesays.com\/fr\/wp-json\/wp\/v2\/types\/post"}],"author":[{"embeddable":true,"href":"https:\/\/www.europesays.com\/fr\/wp-json\/wp\/v2\/users\/2"}],"replies":[{"embeddable":true,"href":"https:\/\/www.europesays.com\/fr\/wp-json\/wp\/v2\/comments?post=220041"}],"version-history":[{"count":0,"href":"https:\/\/www.europesays.com\/fr\/wp-json\/wp\/v2\/posts\/220041\/revisions"}],"wp:featuredmedia":[{"embeddable":true,"href":"https:\/\/www.europesays.com\/fr\/wp-json\/wp\/v2\/media\/220042"}],"wp:attachment":[{"href":"https:\/\/www.europesays.com\/fr\/wp-json\/wp\/v2\/media?parent=220041"}],"wp:term":[{"taxonomy":"category","embeddable":true,"href":"https:\/\/www.europesays.com\/fr\/wp-json\/wp\/v2\/categories?post=220041"},{"taxonomy":"post_tag","embeddable":true,"href":"https:\/\/www.europesays.com\/fr\/wp-json\/wp\/v2\/tags?post=220041"}],"curies":[{"name":"wp","href":"https:\/\/api.w.org\/{rel}","templated":true}]}}