{"id":220043,"date":"2025-07-02T06:40:20","date_gmt":"2025-07-02T06:40:20","guid":{"rendered":"https:\/\/www.europesays.com\/fr\/220043\/"},"modified":"2025-07-02T06:40:20","modified_gmt":"2025-07-02T06:40:20","slug":"les-finalistes-de-koh-lanta-la-revanche-des-4-terres-publient-un-cliche-de-leurs-retrouvailles","status":"publish","type":"post","link":"https:\/\/www.europesays.com\/fr\/220043\/","title":{"rendered":"Les finalistes de Koh-Lanta, La revanche des 4 terres publient un clich\u00e9 de leurs retrouvailles"},"content":{"rendered":"<p>Koh-Lanta, La revanche des 4 terres s&rsquo;est achev\u00e9, il y a une semaine, avec<a href=\"https:\/\/www.programme-tv.net\/news\/tv\/381881-gaelle-gagnante-de-koh-lanta-2025-reagit-a-sa-victoire-face-a-mael-je-n-ai-pas-l-impression-que-c-est-reel\/\" data-api-deeplink=\"teleloisirs:\/\/news\/381881\" target=\"_blank\" rel=\"noopener\"> la victoire de Ga\u00eblle<\/a>, la candidate de l&rsquo;est, face \u00e0 Ma\u00ebl. Apr\u00e8s avoir difficilement r\u00e9ussi \u00e0 trouver son poignard durant l&rsquo;\u00e9preuve de l&rsquo;orientation, la jeune femme a emport\u00e9 les poteaux et choisi l&rsquo;aventurier breton pour l&rsquo;affronter face au jury final, plut\u00f4t que <a href=\"https:\/\/www.programme-tv.net\/news\/tv\/381953-j-ai-mis-plus-de-six-mois-pour-m-en-remettre-jerome-le-catalan-koh-lanta-2025-se-confie-sur-son-retour-en-france\/\" data-api-deeplink=\"teleloisirs:\/\/news\/381953\" target=\"_blank\" rel=\"noopener\">J\u00e9r\u00f4me le Catalan<\/a>, qui a chut\u00e9 en premier. <a href=\"https:\/\/www.programme-tv.net\/news\/tv\/381918-gaelle-koh-lanta-2025-explique-pourquoi-elle-n-a-pas-choisi-jerome-le-catalan-pour-la-finale-il-aurait-ete-un-redoutable-adversaire\/\" data-api-deeplink=\"teleloisirs:\/\/news\/381918\" target=\"_blank\" rel=\"noopener\">Un choix r\u00e9fl\u00e9chi de sa part !  <\/a>\u00ab\u00a0Ils \u00e9taient nombreux \u00e0 \u00eatre dans son alliance dans la r\u00e9sidence du jury final. J\u00e9r\u00f4me avait gagn\u00e9 la sympathie de tout le monde. \u00c7a aurait \u00e9t\u00e9 un redoutable adversaire en finale\u00a0\u00bb, a-t-elle reconnu.<a href=\"https:\/\/www.programme-tv.net\/news\/tv\/381894-mael-koh-lanta-2025-reagit-a-sa-defaite-en-finale-ca-me-reste-un-peu-en-travers-de-la-gorge\/\" data-api-deeplink=\"teleloisirs:\/\/news\/381894\" target=\"_blank\" rel=\"noopener\"> Ma\u00ebl, lui, n&rsquo;a pas cach\u00e9 son amertume<\/a>. \u00ab\u00a0Il y a forc\u00e9ment de la d\u00e9ception, parce qu&rsquo;on rate une derni\u00e8re marche et on finit encore une fois une deuxi\u00e8me. C&rsquo;est un peu l&rsquo;histoire de mon aventure\u00a0\u00bb, a-t-il r\u00e9sum\u00e9.<\/p>\n<p>                        Les candidats de l&rsquo;ouest de Koh-Lanta \u00e9voquent leur belle amiti\u00e9<\/p>\n<p>Mais leur participation \u00e0 cette \u00e9dition de Koh-Lanta a aussi permis aux candidats de nouer de belles amiti\u00e9s. Les trois survivants de la tribu de l&rsquo;Ouest, J\u00e9r\u00f4me le Landais, Ma\u00ebl et No\u00e9mie, qui ont beaucoup souffert pendant la premi\u00e8re partie de leur aventure, sont rest\u00e9s tr\u00e8s soud\u00e9s, comme en t\u00e9moigne une photo qu&rsquo;ils ont partag\u00e9e sur Instagram. \u00ab\u00a0C\u2019est l\u2019histoire d\u2019un Landais et de deux Bretons qui n\u2019\u00e9taient pas destin\u00e9s \u00e0 se rencontrer\u2026 et qui ont pourtant \u00e9crit une aventure de dingue ensemble. Une rencontre improbable, devenue une \u00e9vidence. Aujourd\u2019hui, c\u2019est s\u00fbr : on ne se quittera plus\u00a0\u00bb, ont-ils \u00e9crit en l\u00e9gende d&rsquo;une photo les repr\u00e9sentant tous les trois. \u00ab\u00a0Koh-Lanta restera \u00e0 jamais grav\u00e9 dans notre t\u00eate, dans notre corps\u2026 et surtout dans notre c\u0153ur\u00a0\u00bb, ont-ils conclu leur publication. Des mots qui ont s\u00e9duit les aficionados de l&rsquo;\u00e9mission ! \u00ab\u00a0Bravo ! Votre amiti\u00e9 est belle \u00e0 voir. Vous \u00eates ultra soud\u00e9. Vous \u00e9tiez mon \u00e9quipe chouchou d\u00e8s le d\u00e9part et vous l\u2019\u00eates rest\u00e9s ! Vive l\u2019\u00e9quipe de l\u2019Ouest !\u00a0\u00bb, \u00ab\u00a0mes 3 pr\u00e9f\u00e9r\u00e9s de l&rsquo;aventure, bravo \u00e0 vous 3 pour votre aventure, pour vos valeurs et votre sportivit\u00e9\u00a0\u00bb, \u00ab\u00a0le meilleur trio ever\u00a0\u00bb, ont comment\u00e9 les internautes.<\/p>\n<p>            Ma\u00ebl (Koh-Lanta) a-t-il demand\u00e9 sa compagne en mariage ?<\/p>\n<p>Face \u00e0 <a href=\"https:\/\/www.programme-tv.net\/biographie\/4383-brogniart-denis\/\" data-link-people=\"2580c48c-1b4f-411c-8ab6-8f62dfe1f8ca\" target=\"_blank\" rel=\"noopener\">Denis Brogniart<\/a>, Ma\u00ebl avait confi\u00e9 son intention de demander sa compagne en mariage \u00e0 son retour de l&rsquo;aventure. Dans les colonnes de T\u00e9l\u00e9-Loisirs,<a href=\"https:\/\/www.programme-tv.net\/news\/tv\/381909-mael-koh-lanta-2025-a-t-il-demande-sa-petite-amie-lea-en-mariage-depuis-le-tournage-il-nous-repond\/\" data-api-deeplink=\"teleloisirs:\/\/news\/381909\" target=\"_blank\" rel=\"noopener\"> il a r\u00e9v\u00e9l\u00e9 o\u00f9 en \u00e9tait ce proje<\/a>t. \u00ab\u00a0On a continu\u00e9 notre petite vie tranquillement et pour l&rsquo;instant, il n&rsquo;y a pas de demande en mariage, ni d&rsquo;enfant en route. Ce n&rsquo;est pas un objectif qui est \u00e0 court terme, mais on y pense pour dans quelques ann\u00e9es\u00a0\u00bb, a-t-il constat\u00e9. \u00ab\u00a0Ce n&rsquo;est pas une finalit\u00e9, mais quand on est en couple avec quelqu&rsquo;un, forc\u00e9ment, on a des projets. Apr\u00e8s, on ne se met pas la pression, on verra bien. J&rsquo;esp\u00e8re que cela durera\u00a0\u00bb, a-t-il ajout\u00e9.<\/p>\n<blockquote class=\"instagram-media\" data-instgrm-captioned=\"\" data-instgrm-permalink=\"https:\/\/www.instagram.com\/p\/DLk0AQdt4hY\/?utm_source=ig_embed&amp;utm_campaign=loading\" data-instgrm-version=\"14\" style=\" background:#FFF; border:0; border-radius:3px; box-shadow:0 0 1px 0 rgba(0,0,0,0.5),0 1px 10px 0 rgba(0,0,0,0.15); margin: 1px; max-width:658px; min-width:326px; padding:0; width:99.375%; width:-webkit-calc(100% - 2px); width:calc(100% - 2px);\"\/>\n<p>    <script async src=\"\/\/www.instagram.com\/embed.js\"><\/script><\/p>\n","protected":false},"excerpt":{"rendered":"Koh-Lanta, La revanche des 4 terres s&rsquo;est achev\u00e9, il y a une semaine, avec la victoire de Ga\u00eblle,&hellip;\n","protected":false},"author":2,"featured_media":220044,"comment_status":"","ping_status":"","sticky":false,"template":"","format":"standard","meta":{"footnotes":""},"categories":[1356],"tags":[244,58,59,1011,27,28352,680,35906,2277,35905,27945,252,2175,1364],"class_list":{"0":"post-220043","1":"post","2":"type-post","3":"status-publish","4":"format-standard","5":"has-post-thumbnail","7":"category-television","8":"tag-commentaire","9":"tag-divertissement","10":"tag-entertainment","11":"tag-fr","12":"tag-france","13":"tag-ju00e9ru00f4me-m-koh-lanta","14":"tag-koh-lanta","15":"tag-koh-lanta-1099351537","16":"tag-la-revanche-des-4-terres","17":"tag-mau00ebl-koh-lanta","18":"tag-nou00e9mie-koh-lanta","19":"tag-television","20":"tag-tl-story","21":"tag-tv"},"share_on_mastodon":{"url":"https:\/\/pubeurope.com\/@fr\/114782275170538312","error":""},"_links":{"self":[{"href":"https:\/\/www.europesays.com\/fr\/wp-json\/wp\/v2\/posts\/220043","targetHints":{"allow":["GET"]}}],"collection":[{"href":"https:\/\/www.europesays.com\/fr\/wp-json\/wp\/v2\/posts"}],"about":[{"href":"https:\/\/www.europesays.com\/fr\/wp-json\/wp\/v2\/types\/post"}],"author":[{"embeddable":true,"href":"https:\/\/www.europesays.com\/fr\/wp-json\/wp\/v2\/users\/2"}],"replies":[{"embeddable":true,"href":"https:\/\/www.europesays.com\/fr\/wp-json\/wp\/v2\/comments?post=220043"}],"version-history":[{"count":0,"href":"https:\/\/www.europesays.com\/fr\/wp-json\/wp\/v2\/posts\/220043\/revisions"}],"wp:featuredmedia":[{"embeddable":true,"href":"https:\/\/www.europesays.com\/fr\/wp-json\/wp\/v2\/media\/220044"}],"wp:attachment":[{"href":"https:\/\/www.europesays.com\/fr\/wp-json\/wp\/v2\/media?parent=220043"}],"wp:term":[{"taxonomy":"category","embeddable":true,"href":"https:\/\/www.europesays.com\/fr\/wp-json\/wp\/v2\/categories?post=220043"},{"taxonomy":"post_tag","embeddable":true,"href":"https:\/\/www.europesays.com\/fr\/wp-json\/wp\/v2\/tags?post=220043"}],"curies":[{"name":"wp","href":"https:\/\/api.w.org\/{rel}","templated":true}]}}