{"id":220049,"date":"2025-07-02T06:43:09","date_gmt":"2025-07-02T06:43:09","guid":{"rendered":"https:\/\/www.europesays.com\/fr\/220049\/"},"modified":"2025-07-02T06:43:09","modified_gmt":"2025-07-02T06:43:09","slug":"ce-medicament-detourne-de-son-usage-premier-et-consomme-par-de-nombreux-ado-inquiete-medecins-et-pouvoirs-publics","status":"publish","type":"post","link":"https:\/\/www.europesays.com\/fr\/220049\/","title":{"rendered":"Ce m\u00e9dicament d\u00e9tourn\u00e9 de son usage premier et consomm\u00e9 par de nombreux ado inqui\u00e8te m\u00e9decins et pouvoirs publics !"},"content":{"rendered":"<p><strong>Notamment pr\u00e9sent sur le march\u00e9 sous le nom d\u2019Ozempic,<br \/>\nle s\u00e9maglutide est un m\u00e9dicament que l\u2019on utilise principalement<br \/>\npour traiter le diab\u00e8te de type 2. Toutefois, ce dernier est aussi<br \/>\npopulaire pour ses effets sur la perte de poids. Or, des m\u00e9decins<br \/>\ns\u2019alarment d\u2019un usage de plus en plus visible chez les adolescents<br \/>\net surtout, des potentielles cons\u00e9quences sur leur<br \/>\nsant\u00e9.<\/strong><\/p>\n<p>Des \u00e9tudes assez alarmantes<\/p>\n<p>Depuis quelques temps d\u00e9j\u00e0, l\u2019utilisation de plusieurs<br \/>\nm\u00e9dicaments s\u00e9maglutides ont la c\u00f4te dans le cadre du traitement du<br \/>\ndiab\u00e8te <a href=\"https:\/\/sciencepost.fr\/epidemie-mondiale-d-obesite-bientot-hors-de-controle\/\" target=\"_blank\" rel=\"noopener nofollow\">et de l\u2019ob\u00e9sit\u00e9<\/a>. Cependant,<br \/>\n<strong>l\u2019utilisation de plus en plus pr\u00e9sente chez les<br \/>\nadolescents<\/strong> est actuellement source d\u2019inqui\u00e9tude, comme en<br \/>\nt\u00e9moigne deux \u00e9tudes. La premi\u00e8re <a href=\"https:\/\/www.truveta.com\/blog\/research\/research-insights\/fda-approved-anti-obesity-glp-1-ra-prescription-trends-among-adolescents\/\" target=\"_blank\" rel=\"noopener nofollow\">a \u00e9t\u00e9 publi\u00e9e<\/a> par le collectif<br \/>\nde syst\u00e8mes de sant\u00e9 Truveta le 3 juin 2025 et <a href=\"https:\/\/www.evernorth.com\/report\/pif\/2025\" target=\"_blank\" rel=\"noopener nofollow\">la seconde<\/a> (PDF en anglais \/ 24 pages), par les<br \/>\nEvernorth Health Services en d\u00e9but d\u2019ann\u00e9e.<\/p>\n<p>Selon ces travaux, il est question d\u2019une forte augmentation du<br \/>\nnombre d\u2019adolescents \u00e9tasuniens prenant deux m\u00e9dicaments en<br \/>\nparticuliers : l\u2019Ozempic et le Wegovy. Comme l\u2019explique Truveta,<br \/>\nles prescriptions ont <strong>augment\u00e9 de 50% en 2024 chez les<br \/>\n12-17 ans<\/strong>, pour atteindre en moyenne 14,8 prescriptions<br \/>\npour 100 000 adolescents. Evernorth \u00e9voque une <strong>hausse de<br \/>\n67,8% chez les 15-18 ans<\/strong> (Gen Z).<\/p>\n<p>Les m\u00e9dicaments Ozempic et Wegovy <strong>font partie des<br \/>\nagonistes des r\u00e9cepteurs GLP-1<\/strong>, limitant ainsi la<br \/>\nsensation de sati\u00e9t\u00e9. En revanche, les m\u00e9andres du fonctionnement<br \/>\nde ces substances restent assez m\u00e9connus et ce, malgr\u00e9 plusieurs<br \/>\nann\u00e9es de recherche. Les experts ont \u00e9galement identifi\u00e9 des zones<br \/>\nd\u2019ombres relatives \u00e0 une utilisation sur le long terme, notamment<br \/>\nchez les adolescents.<\/p>\n<p><img loading=\"lazy\" data-lazyloaded=\"1\" decoding=\"async\" class=\"size-full wp-image-312442\" src=\"https:\/\/www.europesays.com\/fr\/wp-content\/uploads\/2025\/07\/53089022124_0c358ecea0_k-e1751017734159.jpg\" alt=\"m\u00e9dicament ob\u00e9sit\u00e9 perte de poids\" width=\"2048\" height=\"1390\"  data-\/><br \/>\nCr\u00e9dits : Chemist4U \/ FlickrDes consommateurs compl\u00e9tement perdus ?<\/p>\n<p>Comme l\u2019indique <a href=\"https:\/\/futurism.com\/neoscope\/doctors-concerned-teens-ozempic\" target=\"_blank\" rel=\"noopener nofollow\">Fururism<\/a> dans un article du 10<br \/>\njuin 2025, plusieurs m\u00e9decins ne sont pas insensibles \u00e0 la<br \/>\nsituation. Certains <strong>h\u00e9sitent m\u00eame \u00e0 prescrire ces<br \/>\nm\u00e9dicaments<\/strong> et tentent d\u2019autres approches. Il peut par<br \/>\nexemple s\u2019agir d\u2019\u00e9tablir un plan d\u2019exercice physique ou encore,<br \/>\nd\u2019op\u00e9rer des changements dans l\u2019alimentation. En g\u00e9n\u00e9ral, ces<br \/>\nprofessionnels de la sant\u00e9 <strong>partagent le m\u00eame<br \/>\nconstat<\/strong> : les m\u00e9dicaments comme l\u2019Ozempic et le Wegovy<br \/>\ndoivent souvent faire l\u2019objet d\u2019une prise sur le long terme (pour<br \/>\nmaintenir stabiliser le poids), alors que le recul concernant les<br \/>\neffets sur les jeunes n\u2019est pas assez significatif.<\/p>\n<p>Sur les r\u00e9seaux sociaux, la pol\u00e9mique ne cesse d\u2019enfler mais<br \/>\n<strong>certaines plaintes semblent assez lunaires<\/strong>. En<br \/>\neffet, les possibles effets n\u00e9fastes de ces m\u00e9dicaments sur le long<br \/>\nterme ne sont pas r\u00e9ellement mentionn\u00e9s. Les internautes se<br \/>\nplaignent surtout d\u2019une augmentation des tarifs, qui serait \u00e0<br \/>\nl\u2019origine d\u2019une s\u00e9gr\u00e9gation \u00e0 l\u2019\u00e9gard des personnes ayant peu de<br \/>\nmoyens. Toutefois, d\u2019autres font tout de m\u00eame remarquer qu\u2019en<br \/>\nparall\u00e8le, de plus en plus d\u2019\u00e9coles suppriment les cours de sports,<br \/>\ntout en <strong>autorisant la vente de sodas<\/strong> dans les<br \/>\ndistributeurs.<\/p>\n","protected":false},"excerpt":{"rendered":"Notamment pr\u00e9sent sur le march\u00e9 sous le nom d\u2019Ozempic, le s\u00e9maglutide est un m\u00e9dicament que l\u2019on utilise principalement&hellip;\n","protected":false},"author":2,"featured_media":220050,"comment_status":"","ping_status":"","sticky":false,"template":"","format":"standard","meta":{"footnotes":""},"categories":[10],"tags":[1011,27,72,71],"class_list":{"0":"post-220049","1":"post","2":"type-post","3":"status-publish","4":"format-standard","5":"has-post-thumbnail","7":"category-sante","8":"tag-fr","9":"tag-france","10":"tag-health","11":"tag-sante"},"share_on_mastodon":{"url":"https:\/\/pubeurope.com\/@fr\/114782287028363299","error":""},"_links":{"self":[{"href":"https:\/\/www.europesays.com\/fr\/wp-json\/wp\/v2\/posts\/220049","targetHints":{"allow":["GET"]}}],"collection":[{"href":"https:\/\/www.europesays.com\/fr\/wp-json\/wp\/v2\/posts"}],"about":[{"href":"https:\/\/www.europesays.com\/fr\/wp-json\/wp\/v2\/types\/post"}],"author":[{"embeddable":true,"href":"https:\/\/www.europesays.com\/fr\/wp-json\/wp\/v2\/users\/2"}],"replies":[{"embeddable":true,"href":"https:\/\/www.europesays.com\/fr\/wp-json\/wp\/v2\/comments?post=220049"}],"version-history":[{"count":0,"href":"https:\/\/www.europesays.com\/fr\/wp-json\/wp\/v2\/posts\/220049\/revisions"}],"wp:featuredmedia":[{"embeddable":true,"href":"https:\/\/www.europesays.com\/fr\/wp-json\/wp\/v2\/media\/220050"}],"wp:attachment":[{"href":"https:\/\/www.europesays.com\/fr\/wp-json\/wp\/v2\/media?parent=220049"}],"wp:term":[{"taxonomy":"category","embeddable":true,"href":"https:\/\/www.europesays.com\/fr\/wp-json\/wp\/v2\/categories?post=220049"},{"taxonomy":"post_tag","embeddable":true,"href":"https:\/\/www.europesays.com\/fr\/wp-json\/wp\/v2\/tags?post=220049"}],"curies":[{"name":"wp","href":"https:\/\/api.w.org\/{rel}","templated":true}]}}