{"id":220053,"date":"2025-07-02T06:45:14","date_gmt":"2025-07-02T06:45:14","guid":{"rendered":"https:\/\/www.europesays.com\/fr\/220053\/"},"modified":"2025-07-02T06:45:14","modified_gmt":"2025-07-02T06:45:14","slug":"stephanie-clerbois-secret-story-son-fils-victime-dun-terrible-accident-au-bord-de-la-piscine","status":"publish","type":"post","link":"https:\/\/www.europesays.com\/fr\/220053\/","title":{"rendered":"St\u00e9phanie Clerbois (Secret Story) : son fils victime d\u2019un terrible accident au bord de la piscine"},"content":{"rendered":"<p>      R\u00e9sum\u00e9<\/p>\n<p>Lors d&rsquo;une journ\u00e9e en famille, le fils de St\u00e9phanie Clerbois a chut\u00e9 violemment pr\u00e8s de la piscine, provoquant une importante blessure au visage n\u00e9cessitant une surveillance rapproch\u00e9e.<\/p>\n<p>        Sommaire<\/p>\n<p>Entre t\u00e9l\u00e9-r\u00e9alit\u00e9, r\u00e9seaux sociaux et vie de maman, <a href=\"https:\/\/www.public.fr\/tag\/stephanie-clerbois\" target=\"_blank\" rel=\"noopener\">St\u00e9phanie Clerbois<\/a> m\u00e8ne un quotidien bien rempli. <\/p>\n<p>Malgr\u00e9 un emploi du temps charg\u00e9, <strong>l&rsquo;influenceuse met un point d&rsquo;honneur \u00e0 combler ses deux enfants<\/strong>, Lyam (10 ans) et Charlize (4 ans). <\/p>\n<p>Ce week-end ensoleill\u00e9 semblait parfait pour profiter en famille\u2026 jusqu&rsquo;\u00e0 ce qu&rsquo;un incident vienne tout bouleverser. <\/p>\n<p>St\u00e9phanie Clerbois : son fils victime d&rsquo;une violente chute<\/p>\n<p>\u00ab\u00a0J&rsquo;ai un rendez-vous tr\u00e8s t\u00f4t aujourd&rsquo;hui pour aller voir les r\u00e9sultats d&rsquo;examen de mon fils. Et apr\u00e8s \u00e7a, je reviens ici vous parler de notre frayeur d&rsquo;hier\u00a0\u00bb, a confi\u00e9 St\u00e9phanie Clerbois ce mardi 1er juillet sur <a href=\"https:\/\/www.instagram.com\/speana20\/?hl=fr\" target=\"_blank\" rel=\"noreferrer noopener\">Instagram<\/a> avant d&rsquo;\u00e9voquer l&rsquo;accident domestique dont son fils a \u00e9t\u00e9 victime. <\/p>\n<p>\u00ab\u00a0Hier comme vous avez pu le voir, nous \u00e9tions en famille en train de partager un moment simple autour d&rsquo;un repas. Tout allait bien jusqu&rsquo;au moment o\u00f9 apr\u00e8s avoir partag\u00e9 une story o\u00f9 <strong>les enfants jouaient dans la piscine,\u00a0Lyam est sorti, a gliss\u00e9 sur le carrelage mouill\u00e9 et est tomb\u00e9 en arri\u00e8re<\/strong>. De tout son \u00e9lan bien entendu, <strong>il a violemment heurt\u00e9 le sol et directement sur la t\u00eate !<\/strong>\u00ab\u00a0, a-t-elle rapport\u00e9. <\/p>\n<p>Par chance, le gar\u00e7on \u00ab\u00a0<strong>ne s&rsquo;est pas ouvert le cr\u00e2ne<\/strong>\u00a0\u00bb m\u00eame si <a href=\"https:\/\/www.public.fr\/stephanie-clerbois-et-nikola-lozina-ont-perdu-leur-bebe-terrible-annonce-de-lex-candidate-de-secret-story\" target=\"_blank\" rel=\"noopener\">la compagne de Nikola Lozina<\/a> \u00e9tait \u00ab\u00a0persuad\u00e9e que \u00e7a allait \u00eatre le cas\u00a0\u00bb. <\/p>\n<p>Le gar\u00e7on sous surveillance<\/p>\n<p>Si Lyam a \u00e9vit\u00e9 le pire, il s&rsquo;est tout de m\u00eame \u00ab\u00a0retrouv\u00e9 avec <strong>une \u00e9norme bosse, grosse comme une balle de tennis et de fortes douleurs au front et aussi derri\u00e8re les yeux<\/strong>\u00ab\u00a0. <\/p>\n<p>\u00ab\u00a0Cela fait depuis qu&rsquo;il est petit qu&rsquo;on fait attention \u00e0 chaque mise en garde. Et il aura suffi d&rsquo;un instant, d&rsquo;une seule fois pour que l&rsquo;occasion arrive\u00a0\u00bb, a ajout\u00e9 St\u00e9phanie Clerbois.<\/p>\n<p>Et de conclure : \u00ab\u00a0Il devait partir ce matin tr\u00e8s t\u00f4t avec sa s\u0153ur et sa mamie pour quelques jours de vacances mais<strong> j&rsquo;ai pris la d\u00e9cision de le garder ici pour surveiller son \u00e9tat\u00a0toute la nuit<\/strong> et encore aujourd&rsquo;hui\u00a0\u00bb. Lyam est donc \u00e9troitement surveill\u00e9 pour le moment !<\/p>\n<p><img loading=\"lazy\" decoding=\"async\" width=\"575\" height=\"1024\" src=\"https:\/\/www.europesays.com\/fr\/wp-content\/uploads\/2025\/07\/Capture-decran-2025-07-02-a-07.19.02-575x1024.png\" alt=\"St\u00e9phanie Clerbois (Secret Story) : son fils victime d\u2019un terrible accident au bord de la piscine\"  \/><\/p>\n<p>      Mentionn\u00e9s dans cet article<\/p>\n<p>\u00c0 lire aussi<\/p>\n<p><script async src=\"\/\/www.instagram.com\/embed.js\"><\/script><\/p>\n","protected":false},"excerpt":{"rendered":"R\u00e9sum\u00e9 Lors d&rsquo;une journ\u00e9e en famille, le fils de St\u00e9phanie Clerbois a chut\u00e9 violemment pr\u00e8s de la piscine,&hellip;\n","protected":false},"author":2,"featured_media":220054,"comment_status":"","ping_status":"","sticky":false,"template":"","format":"standard","meta":{"footnotes":""},"categories":[8],"tags":[30445,58,59,1011,27,14912],"class_list":{"0":"post-220053","1":"post","2":"type-post","3":"status-publish","4":"format-standard","5":"has-post-thumbnail","7":"category-divertissement","8":"tag-accident-domestique","9":"tag-divertissement","10":"tag-entertainment","11":"tag-fr","12":"tag-france","13":"tag-stephanie-clerbois"},"share_on_mastodon":{"url":"https:\/\/pubeurope.com\/@fr\/114782294850701089","error":""},"_links":{"self":[{"href":"https:\/\/www.europesays.com\/fr\/wp-json\/wp\/v2\/posts\/220053","targetHints":{"allow":["GET"]}}],"collection":[{"href":"https:\/\/www.europesays.com\/fr\/wp-json\/wp\/v2\/posts"}],"about":[{"href":"https:\/\/www.europesays.com\/fr\/wp-json\/wp\/v2\/types\/post"}],"author":[{"embeddable":true,"href":"https:\/\/www.europesays.com\/fr\/wp-json\/wp\/v2\/users\/2"}],"replies":[{"embeddable":true,"href":"https:\/\/www.europesays.com\/fr\/wp-json\/wp\/v2\/comments?post=220053"}],"version-history":[{"count":0,"href":"https:\/\/www.europesays.com\/fr\/wp-json\/wp\/v2\/posts\/220053\/revisions"}],"wp:featuredmedia":[{"embeddable":true,"href":"https:\/\/www.europesays.com\/fr\/wp-json\/wp\/v2\/media\/220054"}],"wp:attachment":[{"href":"https:\/\/www.europesays.com\/fr\/wp-json\/wp\/v2\/media?parent=220053"}],"wp:term":[{"taxonomy":"category","embeddable":true,"href":"https:\/\/www.europesays.com\/fr\/wp-json\/wp\/v2\/categories?post=220053"},{"taxonomy":"post_tag","embeddable":true,"href":"https:\/\/www.europesays.com\/fr\/wp-json\/wp\/v2\/tags?post=220053"}],"curies":[{"name":"wp","href":"https:\/\/api.w.org\/{rel}","templated":true}]}}