{"id":220055,"date":"2025-07-02T06:46:10","date_gmt":"2025-07-02T06:46:10","guid":{"rendered":"https:\/\/www.europesays.com\/fr\/220055\/"},"modified":"2025-07-02T06:46:10","modified_gmt":"2025-07-02T06:46:10","slug":"pourquoi-le-sous-sol-nord-americain-seffrite-t-il","status":"publish","type":"post","link":"https:\/\/www.europesays.com\/fr\/220055\/","title":{"rendered":"Pourquoi le sous-sol nord-am\u00e9ricain s&rsquo;effrite-t-il ?"},"content":{"rendered":"<p>Une nouvelle \u00e9tude men\u00e9e par l\u2019<a href=\"https:\/\/www.rse-magazine.com\/une-partie-de-lamerique-du-nord-est-en-train-de-disparaitre-sous-nos-pieds\/\" rel=\"noopener noreferrer nofollow\" target=\"_blank\">Universit\u00e9 du Texas \u00e0 Austin<\/a> r\u00e9v\u00e8le un ph\u00e9nom\u00e8ne g\u00e9ologique vraiment surprenant sous le continent nord-am\u00e9ricain, connu sous le nom d\u2019amincissement cratonique.<\/p>\n<p>Un processus g\u00e9ologique qui se fait doucement<\/p>\n<p>L\u2019\u00e9tude montre que ce \u00ab\u00a0dripping\u00a0\u00bb est particuli\u00e8rement marqu\u00e9 dans le Midwest des \u00c9tats-Unis, influenc\u00e9 par les restes de la <a href=\"https:\/\/www.rse-magazine.com\/cest-prouve-les-plaques-tectoniques-sinfectent-et-creent-de-nouveaux-continents-et-volcans-dans-le-pacifique\/\" rel=\"noopener noreferrer nofollow\" target=\"_blank\">plaque Farallon<\/a> et les interactions entre les plaques tectoniques.<\/p>\n<p>Une \u00e9tude qui ouvre des perspectives int\u00e9ressantes<\/p>\n<p>Dirig\u00e9e par Junlin Hua et son \u00e9quipe, cette recherche apporte des infos pr\u00e9cieuses sur comment les continents \u00e9voluent sur de tr\u00e8s longues p\u00e9riodes. Les chercheurs ont utilis\u00e9 des techniques modernes comme l\u2019imagerie sismique et des mod\u00e8les informatiques pour analyser ces ph\u00e9nom\u00e8nes souvent cach\u00e9s aux yeux. Ils ont ainsi constat\u00e9 que le \u00ab\u00a0dripping\u00a0\u00bb se fige d\u00e8s que les vestiges de la plaque Farallon s\u2019enfoncent plus profond\u00e9ment dans le manteau.<\/p>\n<p>Thorsten Becker, un autre chercheur impliqu\u00e9 dans l\u2019\u00e9tude, explique : \u00ab Ce genre de chose est important si nous voulons comprendre comment une plan\u00e8te a \u00e9volu\u00e9 sur une longue p\u00e9riode\u2026 cela nous aide \u00e0 comprendre comment fabriquer des continents, comment les casser et comment les recycler dans la Terre. \u00bb<\/p>\n<p>Ce que nous r\u00e9serve l\u2019avenir<\/p>\n<p>Les chercheurs pensent que ce ph\u00e9nom\u00e8ne va progressivement s\u2019att\u00e9nuer, au fur et \u00e0 mesure que les vestiges de la plaque tectonique se perdent dans le manteau terrestre, r\u00e9duisant ainsi leur effet sur le continent nord-am\u00e9ricain. Cette pr\u00e9vision s\u2019appuie sur des mod\u00e8les informatiques qui concordent parfaitement avec les observations actuelles.<\/p>\n<p>Les r\u00e9sultats d\u00e9taill\u00e9s de cette \u00e9tude ont \u00e9t\u00e9 publi\u00e9s dans la revue <a href=\"https:\/\/www.nature.com\/articles\/s41561-025-01671-x\" rel=\"noopener noreferrer nofollow\" target=\"_blank\">Nature Geoscience<\/a>, offrant une nouvelle perspective sur <a href=\"https:\/\/www.rse-magazine.com\/tapez-votre-adresse-et-decouvrez-ou-elle-se-trouvait-il-y-a-750-millions-dannees\/\" rel=\"noopener noreferrer nofollow\" target=\"_blank\">l\u2019histoire g\u00e9ologique<\/a> et la mani\u00e8re dont les continents se forment et \u00e9voluent au fil du temps.<\/p>\n<p>Au final, cette recherche ne se contente pas d\u2019expliquer un ph\u00e9nom\u00e8ne naturel ; elle ouvre la voie \u00e0 une meilleure compr\u00e9hension globale de notre plan\u00e8te. En explorant les profondeurs que l\u2019on ne voit pas, on peut esp\u00e9rer percer encore davantage les myst\u00e8res de l\u2019histoire mouvante et complexe de la Terre.<\/p>\n","protected":false},"excerpt":{"rendered":"Une nouvelle \u00e9tude men\u00e9e par l\u2019Universit\u00e9 du Texas \u00e0 Austin r\u00e9v\u00e8le un ph\u00e9nom\u00e8ne g\u00e9ologique vraiment surprenant sous le&hellip;\n","protected":false},"author":2,"featured_media":220056,"comment_status":"","ping_status":"","sticky":false,"template":"","format":"standard","meta":{"footnotes":""},"categories":[7],"tags":[1011,27,43,40,41,39,42,44],"class_list":{"0":"post-220055","1":"post","2":"type-post","3":"status-publish","4":"format-standard","5":"has-post-thumbnail","7":"category-sciences-et-technologies","8":"tag-fr","9":"tag-france","10":"tag-science","11":"tag-science-and-technology","12":"tag-sciences","13":"tag-sciences-et-technologies","14":"tag-technologies","15":"tag-technology"},"share_on_mastodon":{"url":"https:\/\/pubeurope.com\/@fr\/114782298827891475","error":""},"_links":{"self":[{"href":"https:\/\/www.europesays.com\/fr\/wp-json\/wp\/v2\/posts\/220055","targetHints":{"allow":["GET"]}}],"collection":[{"href":"https:\/\/www.europesays.com\/fr\/wp-json\/wp\/v2\/posts"}],"about":[{"href":"https:\/\/www.europesays.com\/fr\/wp-json\/wp\/v2\/types\/post"}],"author":[{"embeddable":true,"href":"https:\/\/www.europesays.com\/fr\/wp-json\/wp\/v2\/users\/2"}],"replies":[{"embeddable":true,"href":"https:\/\/www.europesays.com\/fr\/wp-json\/wp\/v2\/comments?post=220055"}],"version-history":[{"count":0,"href":"https:\/\/www.europesays.com\/fr\/wp-json\/wp\/v2\/posts\/220055\/revisions"}],"wp:featuredmedia":[{"embeddable":true,"href":"https:\/\/www.europesays.com\/fr\/wp-json\/wp\/v2\/media\/220056"}],"wp:attachment":[{"href":"https:\/\/www.europesays.com\/fr\/wp-json\/wp\/v2\/media?parent=220055"}],"wp:term":[{"taxonomy":"category","embeddable":true,"href":"https:\/\/www.europesays.com\/fr\/wp-json\/wp\/v2\/categories?post=220055"},{"taxonomy":"post_tag","embeddable":true,"href":"https:\/\/www.europesays.com\/fr\/wp-json\/wp\/v2\/tags?post=220055"}],"curies":[{"name":"wp","href":"https:\/\/api.w.org\/{rel}","templated":true}]}}