{"id":220060,"date":"2025-07-02T06:49:10","date_gmt":"2025-07-02T06:49:10","guid":{"rendered":"https:\/\/www.europesays.com\/fr\/220060\/"},"modified":"2025-07-02T06:49:10","modified_gmt":"2025-07-02T06:49:10","slug":"un-mort-apres-une-bagarre-au-peage-du-tunnel-duplex-sur-la86","status":"publish","type":"post","link":"https:\/\/www.europesays.com\/fr\/220060\/","title":{"rendered":"Un mort apr\u00e8s une bagarre au p\u00e9age du tunnel Duplex sur l&rsquo;A86"},"content":{"rendered":"<p>Un automobiliste de 38 ans est d\u00e9c\u00e9d\u00e9 de ses blessures apr\u00e8s une bagarre survenue le 27\u00a0juin \u00e0 l\u2019entr\u00e9e du <a href=\"https:\/\/fr.wikipedia.org\/wiki\/Duplex_A86\" rel=\"nofollow noopener\" target=\"_blank\" class=\"color-ultramarine c-link\">tunnel Duplex<\/a> sur l&rsquo;A86, dans les <a href=\"https:\/\/www.20minutes.fr\/dossier\/hauts-de-seine\" class=\"color-ultramarine c-link\" target=\"_blank\" rel=\"noopener\">Hauts-de-Seine<\/a>. Le suspect de 49 ans a \u00e9t\u00e9 plac\u00e9 en garde \u00e0 vue le 29\u00a0juin, puis d\u00e9f\u00e9r\u00e9 devant un juge, mardi, au palais de justice de Nanterre (Hauts-de-Seine), rapporte <a href=\"https:\/\/www.leparisien.fr\/faits-divers\/tragedie-sur-la-86-un-homme-tue-lors-dune-bagarre-entre-automobilistes-a-lentree-du-tunnel-duplex-01-07-2025-P2POO36MARCRVFGON6QFFFRDG4.php\" rel=\"nofollow noopener\" target=\"_blank\" class=\"color-ultramarine c-link\">Le Parisien<\/a>.<\/p>\n<p>La bagarre opposant les deux automobilistes s\u2019est produite au niveau de la barri\u00e8re de <a href=\"https:\/\/www.google.fr\/maps\/place\/Duplex+A86\/@48.8259968,2.1474803,552m\/data=!3m2!1e3!4b1!4m6!3m5!1s0x47e67cf0fe2ab039:0xb9aecddbd30899e!8m2!3d48.8259933!4d2.1500552!16s%2Fg%2F1230jvf0?hl=fr&amp;entry=ttu&amp;g_ep=EgoyMDI1MDYyOS4wIKXMDSoASAFQAw%3D%3D\" rel=\"nofollow noopener\" target=\"_blank\" class=\"color-ultramarine c-link\">p\u00e9age de Rueil-Malmaison <\/a>(Hauts-de-Seine). La victime, en voiture, est arriv\u00e9e \u00e0 la barri\u00e8re de p\u00e9age avant d\u2019y \u00eatre bloqu\u00e9e pour un motif inconnu. Elle a alors enclench\u00e9 une marche arri\u00e8re, mais une autre voiture lui bloquait le passage. Les deux hommes, <a href=\"https:\/\/www.20minutes.fr\/sante\/2341991-20180924-alcool-cause-trois-millions-deces-monde-chaque-annee-selon-oms\" class=\"color-ultramarine c-link\" target=\"_blank\" rel=\"noopener\">alcoolis\u00e9s<\/a>, se seraient disput\u00e9s avant d\u2019en venir aux mains. La victime serait alors tomb\u00e9e et aurait re\u00e7u des coups \u00e0 la t\u00eate.<\/p>\n<p>Entr\u00e9e \u00ab\u00a0large\u00a0\u00bb du tunnel<\/p>\n<p>Transport\u00e9 par les secours \u00e0 l\u2019h\u00f4pital Beaujon de Clichy, le trentenaire est d\u00e9c\u00e9d\u00e9 de ses blessures le 29\u00a0juin. Quant au suspect, il a \u00e9t\u00e9 emmen\u00e9 \u00e0 l\u2019h\u00f4pital Foch de Suresnes pour des contusions, avant d\u2019\u00eatre plac\u00e9 en garde \u00e0 vue.<\/p>\n<p><a href=\"https:\/\/www.20minutes.fr\/dossier\/hauts-de-seine\" class=\"c-link c-btn c-btn--primary\" target=\"_blank\" rel=\"noopener\">Notre rubrique Hauts-de-Seine<\/a><\/p>\n<p>Le tunnel autoroutier Duplex, sur l&rsquo;A86, est long de dix kilom\u00e8tres et relie Rueil-Malmaison \u00e0 V\u00e9lizy-Villacoublay, dans les d\u00e9partements des Hauts-de-Seine et des Yvelines. Un p\u00e9age \u00e0 barri\u00e8re est install\u00e9 \u00e0 son entr\u00e9e. \u00ab\u00a0La circulation n\u2019a jamais \u00e9t\u00e9 bloqu\u00e9e dans le secteur car\u00a0les lieux sont tr\u00e8s larges [\u2026]\u00a0\u00bb, a rapport\u00e9 une source proche de l\u2019affaire au quotidien.<\/p>\n","protected":false},"excerpt":{"rendered":"Un automobiliste de 38 ans est d\u00e9c\u00e9d\u00e9 de ses blessures apr\u00e8s une bagarre survenue le 27\u00a0juin \u00e0 l\u2019entr\u00e9e&hellip;\n","protected":false},"author":2,"featured_media":220061,"comment_status":"","ping_status":"","sticky":false,"template":"","format":"standard","meta":{"footnotes":""},"categories":[4],"tags":[47,11,646,6955,10737,118,658,1011,27,3314,662,12,25,209,104,809,1938],"class_list":{"0":"post-220060","1":"post","2":"type-post","3":"status-publish","4":"format-standard","5":"has-post-thumbnail","7":"category-france","8":"tag-actualite","9":"tag-actualites","10":"tag-automobile","11":"tag-autoroute","12":"tag-bagarre","13":"tag-faits-divers","14":"tag-faits-divers-paris","15":"tag-fr","16":"tag-france","17":"tag-hauts-de-seine","18":"tag-ile-de-france","19":"tag-news","20":"tag-republique-francaise","21":"tag-route","22":"tag-societe","23":"tag-violence","24":"tag-yvelines"},"share_on_mastodon":{"url":"https:\/\/pubeurope.com\/@fr\/114782310497732017","error":""},"_links":{"self":[{"href":"https:\/\/www.europesays.com\/fr\/wp-json\/wp\/v2\/posts\/220060","targetHints":{"allow":["GET"]}}],"collection":[{"href":"https:\/\/www.europesays.com\/fr\/wp-json\/wp\/v2\/posts"}],"about":[{"href":"https:\/\/www.europesays.com\/fr\/wp-json\/wp\/v2\/types\/post"}],"author":[{"embeddable":true,"href":"https:\/\/www.europesays.com\/fr\/wp-json\/wp\/v2\/users\/2"}],"replies":[{"embeddable":true,"href":"https:\/\/www.europesays.com\/fr\/wp-json\/wp\/v2\/comments?post=220060"}],"version-history":[{"count":0,"href":"https:\/\/www.europesays.com\/fr\/wp-json\/wp\/v2\/posts\/220060\/revisions"}],"wp:featuredmedia":[{"embeddable":true,"href":"https:\/\/www.europesays.com\/fr\/wp-json\/wp\/v2\/media\/220061"}],"wp:attachment":[{"href":"https:\/\/www.europesays.com\/fr\/wp-json\/wp\/v2\/media?parent=220060"}],"wp:term":[{"taxonomy":"category","embeddable":true,"href":"https:\/\/www.europesays.com\/fr\/wp-json\/wp\/v2\/categories?post=220060"},{"taxonomy":"post_tag","embeddable":true,"href":"https:\/\/www.europesays.com\/fr\/wp-json\/wp\/v2\/tags?post=220060"}],"curies":[{"name":"wp","href":"https:\/\/api.w.org\/{rel}","templated":true}]}}