{"id":220064,"date":"2025-07-02T06:51:15","date_gmt":"2025-07-02T06:51:15","guid":{"rendered":"https:\/\/www.europesays.com\/fr\/220064\/"},"modified":"2025-07-02T06:51:15","modified_gmt":"2025-07-02T06:51:15","slug":"des-accidents-a-riotord-et-saint-just-malmont","status":"publish","type":"post","link":"https:\/\/www.europesays.com\/fr\/220064\/","title":{"rendered":"Des accidents \u00e0 Riotord et Saint-Just-Malmont"},"content":{"rendered":"<p>\t\t\t\t\t\t\t\t\t\t\t\t\t\t\t\t\t\t\t\t\t\t\t\t\t\t\t\t\t\t\t\t\t\t\t\t\t\t\t\t\t\t\t\t\t\t\t\t\t\t\t\t\t\t\t\t\t\t\t\t\t\t\t<a href=\"https:\/\/www.lacommere43.fr\/component\/banners\/click\/1791.html\" target=\"_blank\" title=\"Rosi\u00e8res Gaming Day\" rel=\"nofollow noopener\"><br \/>\n\t\t\t\t\t\t\t<img decoding=\"async\" src=\"https:\/\/www.europesays.com\/fr\/wp-content\/uploads\/2025\/06\/Encart_lacommere.png\" alt=\"Rosi\u00e8res Gaming Day\"\/><br \/>\n\t\t\t\t\t\t<\/a><\/p>\n<p>\t\t\t\t\t\t\t\t\t\t\t\t\t\t\t\t\t\t\t\t\t\t\t\t\t\t\t\t\t\t\t\t\t\t\t\t\t\t\t\t\t\t\t\t\t\t<img decoding=\"async\" src=\"https:\/\/www.europesays.com\/fr\/wp-content\/uploads\/2025\/07\/carre_copy_copy.gif\" alt=\"Fraisse David carr\u00e9 2024\"\/><\/p>\n<p>Lundi, un accident s&rsquo;est produit vers 17 h 45 \u00e0 Riotord, au lieu-dit \u00ab\u00a0Pin du Souhay\u00a0\u00bb. Le conducteur aurait cherch\u00e9 \u00e0 \u00e9viter un v\u00e9hicule \u00e0 un croisement. La voiture a fini sa course au foss\u00e9. L&rsquo;automobiliste de 20 ans a \u00e9t\u00e9 \u00e9vacu\u00e9 par les pompiers aux urgences de Firminy.<\/p>\n<p>Et \u00e0 Saint-Just-Malmont \u00e0 19 h 30, apr\u00e8s le passage d&rsquo;un orage, un automobiliste a perdu le contr\u00f4le de sa voiture pr\u00e8s de la carri\u00e8re sur la RD500. Dans une courbe, la voiture s&rsquo;est retrouv\u00e9e sur le flanc.<\/p>\n<p>Le conducteur, un homme de 41 ans et son passager de 24 ans ont \u00e9t\u00e9 emmen\u00e9s aux urgences de Firminy.<\/p>\n","protected":false},"excerpt":{"rendered":"Lundi, un accident s&rsquo;est produit vers 17 h 45 \u00e0 Riotord, au lieu-dit \u00ab\u00a0Pin du Souhay\u00a0\u00bb. Le conducteur&hellip;\n","protected":false},"author":2,"featured_media":220065,"comment_status":"","ping_status":"","sticky":false,"template":"","format":"standard","meta":{"footnotes":""},"categories":[9653],"tags":[1111,2281,11,2430,1777,674,2282,1011,27,2280,2284,2285,2283,12,25,4001],"class_list":{"0":"post-220064","1":"post","2":"type-post","3":"status-publish","4":"format-standard","5":"has-post-thumbnail","7":"category-saint-etienne","8":"tag-actu","9":"tag-actualite-43","10":"tag-actualites","11":"tag-auvergne-rhone-alpes","12":"tag-eu","13":"tag-europe","14":"tag-faits-divers-auvergne","15":"tag-fr","16":"tag-france","17":"tag-information-haute-loire","18":"tag-infos-43","19":"tag-journal-haute-loire","20":"tag-la-commere-43","21":"tag-news","22":"tag-republique-francaise","23":"tag-saint-etienne"},"share_on_mastodon":{"url":"https:\/\/pubeurope.com\/@fr\/114782318390217398","error":""},"_links":{"self":[{"href":"https:\/\/www.europesays.com\/fr\/wp-json\/wp\/v2\/posts\/220064","targetHints":{"allow":["GET"]}}],"collection":[{"href":"https:\/\/www.europesays.com\/fr\/wp-json\/wp\/v2\/posts"}],"about":[{"href":"https:\/\/www.europesays.com\/fr\/wp-json\/wp\/v2\/types\/post"}],"author":[{"embeddable":true,"href":"https:\/\/www.europesays.com\/fr\/wp-json\/wp\/v2\/users\/2"}],"replies":[{"embeddable":true,"href":"https:\/\/www.europesays.com\/fr\/wp-json\/wp\/v2\/comments?post=220064"}],"version-history":[{"count":0,"href":"https:\/\/www.europesays.com\/fr\/wp-json\/wp\/v2\/posts\/220064\/revisions"}],"wp:featuredmedia":[{"embeddable":true,"href":"https:\/\/www.europesays.com\/fr\/wp-json\/wp\/v2\/media\/220065"}],"wp:attachment":[{"href":"https:\/\/www.europesays.com\/fr\/wp-json\/wp\/v2\/media?parent=220064"}],"wp:term":[{"taxonomy":"category","embeddable":true,"href":"https:\/\/www.europesays.com\/fr\/wp-json\/wp\/v2\/categories?post=220064"},{"taxonomy":"post_tag","embeddable":true,"href":"https:\/\/www.europesays.com\/fr\/wp-json\/wp\/v2\/tags?post=220064"}],"curies":[{"name":"wp","href":"https:\/\/api.w.org\/{rel}","templated":true}]}}